{"id":578157,"date":"2025-12-04T18:59:16","date_gmt":"2025-12-04T18:59:16","guid":{"rendered":"https:\/\/www.europesays.com\/fr\/578157\/"},"modified":"2025-12-04T18:59:16","modified_gmt":"2025-12-04T18:59:16","slug":"sa-selection-dobjets-rares-et-vintage-pour-leboncoin","status":"publish","type":"post","link":"https:\/\/www.europesays.com\/fr\/578157\/","title":{"rendered":"sa s\u00e9lection d\u2019objets rares et vintage pour Leboncoin"},"content":{"rendered":"<p>Depuis toujours, Clara Luciani chine comme d\u2019autres respirent :<br \/>\nnaturellement, instinctivement, avec une curiosit\u00e9 presque tendre<br \/>\npour les objets qui ont travers\u00e9 le temps. Des premiers<br \/>\nvide-greniers partag\u00e9s avec son p\u00e8re aux vinyles d\u00e9nich\u00e9s au hasard<br \/>\nd\u2019une brocante, la seconde main fait partie de son histoire<br \/>\npersonnelle autant que de son esth\u00e9tique. Pour<br \/>\n<strong>Leboncoin,<\/strong> la chanteuse ouvre aujourd\u2019hui son<br \/>\nunivers intime en d\u00e9voilant une s\u00e9lection d\u2019objets rares, touchants<br \/>\net profond\u00e9ment personnels, un \u00ab\u00a0inventaire de c\u0153ur\u00a0\u00bb dont<br \/>\nl\u2019int\u00e9gralit\u00e9 des ventes sera revers\u00e9e \u00e0 la <strong>Maison des<br \/>\nfemmes Marseille<\/strong> Provence, association dont elle est<br \/>\nmarraine.<\/p>\n<p>Clara Luciani : une chineuse dans l\u2019\u00e2me depuis l\u2019enfance<\/p>\n<p><a href=\"https:\/\/www.lejournaldelamaison.fr\/le-journal-de-la-maison\/reportages-maisons\/appartements\/clara-luciani-cest-un-appartement-que-jai-du-prendre-tres-vite-quand-jai-appris-que-jetais-enceinte-son-nouveau-cocon-dans-le-9e-arrondissement-de-paris-ave-516087.html\" target=\"_blank\" rel=\"noopener\"><br \/>\nChez Clara Luciani<\/a>, l\u2019amour du <strong>vintage<\/strong> n\u2019est<br \/>\nni une tendance, ni un effet de mode. C\u2019est un<br \/>\n<strong>h\u00e9ritage<\/strong> intime, presque visc\u00e9ral. Toute petite<br \/>\nd\u00e9j\u00e0, elle \u00e9cumait les <strong>vide-greniers<\/strong> aux c\u00f4t\u00e9s de<br \/>\nson p\u00e8re, les yeux riv\u00e9s sur des bacs de disques, des piles de<br \/>\n<strong>vaisselle ancienne<\/strong> ou des bibelots myst\u00e9rieux qui<br \/>\nsemblaient avoir d\u00e9j\u00e0 v\u00e9cu mille histoires. \u00ab\u00a0J\u2019ach\u00e8te du vintage<br \/>\ndepuis que j\u2019ai 11 ans\u00a0\u00bb, confie-t-elle. Une \u00e9poque o\u00f9 la seconde<br \/>\nmain n\u2019avait rien de glamour : c\u2019\u00e9tait simplement un terrain de<br \/>\njeu, un laboratoire de d\u00e9couvertes. C\u2019est l\u00e0 qu\u2019elle met la main<br \/>\nsur son premier petit lecteur de <strong>vinyles,<\/strong> puis sur<br \/>\nles disques qui fa\u00e7onneront sa culture musicale et, plus tard, son<br \/>\nunivers artistique.<\/p>\n<p>Parmi ses <strong>tr\u00e9sors<\/strong> les plus pr\u00e9cieux :<br \/>\n<strong>une \u00e9dition japonaise du 45-tours de Hey Jude des<br \/>\nBeatles.<\/strong> Une trouvaille modeste mais symbolique, qui<br \/>\nencapsule ses premi\u00e8res \u00e9motions de m\u00e9lomane. \u00ab Les objets vivent<br \/>\nplus longtemps que les gens \u00bb, disait <a href=\"https:\/\/www.lejournaldelamaison.fr\/le-journal-de-la-maison\/reportages-maisons\/maisons-reportages-maisons\/julie-depardieu-philippe-katerine-nid-amour-region-parisienne-490158.html\" target=\"_blank\" rel=\"noopener\"><br \/>\nPhilippe Katerine<\/a>, une phrase que Clara reprend souvent, tant<br \/>\nelle r\u00e9sume la tendresse qu\u2019elle porte aux choses qui traversent le<br \/>\ntemps. Son go\u00fbt se dessine dans un m\u00e9lange tr\u00e8s<br \/>\n<strong>personnel<\/strong> : la douceur rose des univers de Jacques<br \/>\nDemy, la fantaisie de Wes Anderson, la po\u00e9sie de Sofia Coppola, la<br \/>\ngr\u00e2ce de Michel Legrand et la m\u00e9moire de ses grands-parents. Une<br \/>\nconstellation d\u2019influences qui infuse aussi sa mani\u00e8re de<br \/>\n<strong>chiner.<\/strong><\/p>\n<p>Une s\u00e9lection Leboncoin fid\u00e8le \u00e0 l\u00a0\u00bbunivers de Clara Luciani :<br \/>\nrare, \u00e9clectique et profond\u00e9ment personnelle<\/p>\n<p>Pour <a href=\"https:\/\/www.lejournaldelamaison.fr\/le-journal-de-la-maison\/actus-deco\/leboncoin-appartements-repenses-par-designers-ekhi-busquet-matthieu-vergote-527621.html\" target=\"_blank\" rel=\"noopener\"><br \/>\nLeboncoin<\/a>, Clara n\u2019a pas imagin\u00e9 une collection fabriqu\u00e9e pour<br \/>\nl\u2019occasion. Elle a fait mieux, et surtout plus sinc\u00e8re : ouvrir son<br \/>\n\u00ab\u00a0tiroir \u00e0 trouvailles\u00a0\u00bb. <strong>Ses alertes, ses favoris, ses coups<br \/>\nde c\u0153ur.<\/strong> R\u00e9sultat : une vingtaine d\u2019objets rares,<br \/>\ntouchants et tr\u00e8s personnels. On y trouve : <strong>une<br \/>\nh\u00e9liographie hypnotique de Vasarely, une veste aviateur oversize<br \/>\nRedskins au charme patin\u00e9, un r\u00e9veil aux accents Wes Anderson, une<br \/>\nlampe d\u2019atelier moderniste, un buste inspir\u00e9 de l\u2019Antiquit\u00e9, ou<br \/>\nencore une dinette sixties pleine de na\u00efvet\u00e9.<\/strong><\/p>\n<p>Une <strong>vraie malle aux tr\u00e9sors<\/strong> qui ressemble \u00e0 un<br \/>\ninventaire \u00e0 la Pr\u00e9vert. \u00ab Le fil conducteur, c\u2019est moi \u00bb,<br \/>\nconfie-t-elle. Chacun de ces objets raconte quelque chose : un<br \/>\nsouvenir, une fascination esth\u00e9tique, un clin d\u2019\u0153il \u00e0 un film, un<br \/>\nson, une \u00e9poque. Clara Luciani chine comme d\u2019autres \u00e9crivent un<br \/>\njournal intime. <strong>Les formes, les mati\u00e8res, les<br \/>\ncouleurs<\/strong> : tout a pour elle une dimension narrative.<\/p>\n<blockquote class=\"instagram-media\" style=\"background: #ffffff;border: 0;margin: 1px;width: 100%;padding: 0;max-width: 500px;\" data-instgrm-permalink=\"https:\/\/www.instagram.com\/p\/DReN0n1DDsc\/?hl=fr&amp;img_index=1\" data-instgrm-version=\"14\"\/><p>\nClara Luciani x Leboncoin : une<br \/>\nop\u00e9ration solidaire et engag\u00e9e<\/p>\n<p>Ce dispositif imagin\u00e9 avec <a href=\"https:\/\/www.lejournaldelamaison.fr\/le-journal-de-la-maison\/decoration-par-style\/industriel-et-vintage\/objet-noel-vintage-se-revend-cher-sur-ces-sites-vinted-leboncoin-493967.html\" target=\"_blank\" rel=\"noopener\"><br \/>\nLeboncoin<\/a> va bien au-del\u00e0 d\u2019une simple mise en lumi\u00e8re. La<br \/>\nplateforme n\u2019a pas demand\u00e9 \u00e0 Clara Luciani de cr\u00e9er des objets,<br \/>\nmais de <strong>s\u00e9lectionner des pi\u00e8ces d\u00e9j\u00e0 existantes<\/strong> :<br \/>\nune d\u00e9marche \u00e0 faible empreinte environnementale, parfaitement<br \/>\nalign\u00e9e avec sa vision d\u2019une consommation plus douce, plus<br \/>\nconsciente, plus respectueuse.<\/p>\n<p>Surtout, l\u2019int\u00e9gralit\u00e9 des ventes sera revers\u00e9e \u00e0 <strong>La<br \/>\nMaison des femmes Marseille Provence,<\/strong> structure<br \/>\nd\u2019accompagnement pour les femmes victimes de violences, dont Clara<br \/>\nLuciani est la <strong>marraine.<\/strong> Une cause qu\u2019elle<br \/>\nsoutient avec d\u00e9termination. Ainsi, derri\u00e8re un r\u00e9veil<br \/>\n<strong>Courr\u00e8ges<\/strong>, une assiette illustr\u00e9e par<br \/>\n<strong>Cocteau<\/strong> ou un vase moderniste, se cache un<br \/>\nv\u00e9ritable geste de solidarit\u00e9.<\/p>\n<p><script async src=\"\/\/www.instagram.com\/embed.js\"><\/script><\/p>\n","protected":false},"excerpt":{"rendered":"Depuis toujours, Clara Luciani chine comme d\u2019autres respirent : naturellement, instinctivement, avec une curiosit\u00e9 presque tendre pour les&hellip;\n","protected":false},"author":2,"featured_media":578158,"comment_status":"","ping_status":"","sticky":false,"template":"","format":"standard","meta":{"footnotes":""},"categories":[8],"tags":[7560,10409,27751,1764,27638,49221,394,851,58,3029,3170,59,12219,1011,27,391,69242,8025,69241,471,746,40769,10649,1650,3585,16831,3785,4568],"class_list":{"0":"post-578157","1":"post","2":"type-post","3":"status-publish","4":"format-standard","5":"has-post-thumbnail","7":"category-divertissement","8":"tag-7560","9":"tag-acheter","10":"tag-allez","11":"tag-ans","12":"tag-clara","13":"tag-dobjets","14":"tag-depuis","15":"tag-devoile","16":"tag-divertissement","17":"tag-du","18":"tag-elle","19":"tag-entertainment","20":"tag-et","21":"tag-fr","22":"tag-france","23":"tag-jai","24":"tag-jachete","25":"tag-leboncoin","26":"tag-luciani","27":"tag-pour","28":"tag-que","29":"tag-rares","30":"tag-sa","31":"tag-selection","32":"tag-tout","33":"tag-vintage","34":"tag-vouloir","35":"tag-vous"},"share_on_mastodon":{"url":"https:\/\/pubeurope.com\/@fr\/115662839039896952","error":""},"_links":{"self":[{"href":"https:\/\/www.europesays.com\/fr\/wp-json\/wp\/v2\/posts\/578157","targetHints":{"allow":["GET"]}}],"collection":[{"href":"https:\/\/www.europesays.com\/fr\/wp-json\/wp\/v2\/posts"}],"about":[{"href":"https:\/\/www.europesays.com\/fr\/wp-json\/wp\/v2\/types\/post"}],"author":[{"embeddable":true,"href":"https:\/\/www.europesays.com\/fr\/wp-json\/wp\/v2\/users\/2"}],"replies":[{"embeddable":true,"href":"https:\/\/www.europesays.com\/fr\/wp-json\/wp\/v2\/comments?post=578157"}],"version-history":[{"count":0,"href":"https:\/\/www.europesays.com\/fr\/wp-json\/wp\/v2\/posts\/578157\/revisions"}],"wp:featuredmedia":[{"embeddable":true,"href":"https:\/\/www.europesays.com\/fr\/wp-json\/wp\/v2\/media\/578158"}],"wp:attachment":[{"href":"https:\/\/www.europesays.com\/fr\/wp-json\/wp\/v2\/media?parent=578157"}],"wp:term":[{"taxonomy":"category","embeddable":true,"href":"https:\/\/www.europesays.com\/fr\/wp-json\/wp\/v2\/categories?post=578157"},{"taxonomy":"post_tag","embeddable":true,"href":"https:\/\/www.europesays.com\/fr\/wp-json\/wp\/v2\/tags?post=578157"}],"curies":[{"name":"wp","href":"https:\/\/api.w.org\/{rel}","templated":true}]}}