{"id":578159,"date":"2025-12-04T19:01:12","date_gmt":"2025-12-04T19:01:12","guid":{"rendered":"https:\/\/www.europesays.com\/fr\/578159\/"},"modified":"2025-12-04T19:01:12","modified_gmt":"2025-12-04T19:01:12","slug":"test-apple-ipad-pro-11-m5-2025-notre-avis-complet-tablettes-tactiles","status":"publish","type":"post","link":"https:\/\/www.europesays.com\/fr\/578159\/","title":{"rendered":"Test Apple iPad Pro 11 M5 (2025) : notre avis complet &#8211; Tablettes tactiles"},"content":{"rendered":"<p>L\u2019existence m\u00eame de cet iPad Pro M5 est une d\u00e9monstration de force brute de la part d\u2019Apple. \u00c0 peine a-t-on eu le temps de dig\u00e9rer <a href=\"https:\/\/www.frandroid.com\/marques\/apple\/2031810_test-du-apple-ipad-pro-m4\" target=\"_blank\" rel=\"noopener\">la puissance d\u00e9mesur\u00e9e du mod\u00e8le M4<\/a> que Cupertino nous balance une puce M5, cens\u00e9e \u00e9craser une concurrence\u2026 qui n\u2019existe d\u00e9j\u00e0 plus depuis au moins trois ans. Pourquoi ? Parce qu\u2019ils le peuvent. C\u2019est la tablette de la d\u00e9mesure, celle que vous achetez non pas parce que vous en avez besoin, mais parce que vous voulez ce qui se fait de mieux sur cette plan\u00e8te, point final.<\/p>\n<p>Mais au-del\u00e0 de la fiche technique qui donne le tournis, la vraie question reste la m\u00eame, lancinante et fatiguante : est-ce qu\u2019on peut enfin bosser avec ce truc ? J\u2019ai pass\u00e9 trois semaines avec la version 11 pouces, option nano-textur\u00e9, clavier Magic Keyboard et le Pencil Pro. J\u2019ai mont\u00e9 des vid\u00e9os, retouch\u00e9 des photos, et tent\u00e9 de ne pas hurler sur le gestionnaire de fichiers. <\/p>\n<p>&#13;<\/p>\n<p>Apple iPad Pro 11 M5 (2025)Fiche technique<\/p>\n<tr>\n<td><strong>Caract\u00e9ristique<\/strong>s<\/td>\n<td><strong>iPad Pro 13\u2033 (M5)<\/strong><\/td>\n<\/tr>\n<tr>\n<td><strong>\u00c9cran<\/strong><\/td>\n<td>13\u2033 Tandem Oled (2752 x 2064 pixels), 120 Hz, option Nano-textur\u00e9<\/td>\n<\/tr>\n<tr>\n<td><strong>Puce<\/strong><\/td>\n<td>Apple M5 (10 c\u0153urs CPU \/ 10 c\u0153urs GPU sur mod\u00e8les 1To+)<\/td>\n<\/tr>\n<tr>\n<td><strong>RAM<\/strong><\/td>\n<td>12 Go (sur 256\/512 Go) ou 16 Go (sur 1\/2 To)<\/td>\n<\/tr>\n<tr>\n<td><strong>Stockage<\/strong><\/td>\n<td>256 Go \u00e0 2 To<\/td>\n<\/tr>\n<tr>\n<td><strong>Connectivit\u00e9<\/strong><\/td>\n<td>Wi-Fi 7 (Puce N1), Bluetooth 6.0, 5G (Puce C1X)<\/td>\n<\/tr>\n<tr>\n<td><strong>Batterie<\/strong><\/td>\n<td>~10h (selon Apple), Charge rapide 50 % en 30 min<\/td>\n<\/tr>\n<tr>\n<td><strong>\u00c9paisseur \/ Poids<\/strong><\/td>\n<td>5,1 mm \/ 579 g<\/td>\n<\/tr>\n<tr>\n<td><strong>Prix de d\u00e9part<\/strong><\/td>\n<td>1 119 \u20ac (11\u2033)<\/td>\n<\/tr>\n<p>L\u2019exemplaire du test nous a \u00e9t\u00e9 pr\u00eat\u00e9 par Apple.<\/p>\n<p>&#13;<\/p>\n<p>Apple iPad Pro 11 M5 (2025)Design et ergonomie<\/p>\n<p>D\u00e8s qu\u2019on le sort de la bo\u00eete, la premi\u00e8re r\u00e9action est toujours la m\u00eame : un m\u00e9lange de peur et d\u2019excitation. 5,1 mm. Quand on tient ce rectangle de verre et d\u2019aluminium \u00e0 2000 euros (avec les options), on a physiquement peur de le plier. <\/p>\n<p><a href=\"https:\/\/images.frandroid.com\/wp-content\/uploads\/2025\/12\/apple-ipad-pro-m5-frandroid-p1112848.jpg\" target=\"_blank\" class=\"article-content__figure\" rel=\"noopener\"><img fetchpriority=\"high\" loading=\"eager\" decoding=\"async\" width=\"1200\" height=\"800\" src=\"https:\/\/www.europesays.com\/fr\/wp-content\/uploads\/2025\/12\/apple-ipad-pro-m5-frandroid-p1112848-1200x800.jpg\" alt=\"\" class=\"wp-image-2899185 wp-image\"  \/><\/a><\/p>\n<p>Je vous rassure, la structure interne semble avoir \u00e9t\u00e9 renforc\u00e9e, je l\u2019ai balanc\u00e9 dans mon sac \u00e0 dos sans housse (je suis un sauvage, je sais) et il n\u2019a pas boug\u00e9. Mais cette finesse est presque d\u00e9rangeante : nu, il est d\u00e9sagr\u00e9able \u00e0 tenir longtemps car les tranches sont un peu coupantes.<\/p>\n<p><a href=\"https:\/\/images.frandroid.com\/wp-content\/uploads\/2025\/12\/apple-ipad-pro-m5-frandroid-p1112853.jpg\" target=\"_blank\" class=\"article-content__figure\" rel=\"noopener\"><img loading=\"lazy\" decoding=\"async\" width=\"1200\" height=\"800\" src=\"https:\/\/www.europesays.com\/fr\/wp-content\/uploads\/2025\/12\/apple-ipad-pro-m5-frandroid-p1112853-1200x800.jpg\" alt=\"\" class=\"wp-image-2899187 wp-image\"  \/><\/a><\/p>\n<p>Parlons de cette option \u00ab\u00a0verre nano-textur\u00e9\u00a0\u00bb. C\u2019est la premi\u00e8re fois que je teste \u00e7a sur un iPad. Si vous bossez souvent en ext\u00e9rieur ou sous des n\u00e9ons de bureau agressifs, c\u2019est une b\u00e9n\u00e9diction. Les reflets disparaissent, \u00ab\u00a0flout\u00e9s\u00a0\u00bb par la texture du verre. Par contre, on perd un chou\u00efa de ce contraste infini de l\u2019Oled. Le noir est profond, mais moins \u00ab\u00a0liquide\u00a0\u00bb que sur la version brillante. C\u2019est un choix de confort visuel contre le piqu\u00e9 absolu.<\/p>\n<p><a href=\"https:\/\/images.frandroid.com\/wp-content\/uploads\/2025\/12\/apple-ipad-pro-m5-frandroid-p1112856.jpg\" target=\"_blank\" class=\"article-content__figure\" rel=\"noopener\"><img loading=\"lazy\" decoding=\"async\" width=\"1200\" height=\"800\" src=\"https:\/\/www.europesays.com\/fr\/wp-content\/uploads\/2025\/12\/apple-ipad-pro-m5-frandroid-p1112856-1200x800.jpg\" alt=\"\" class=\"wp-image-2899189 wp-image\"  \/><\/a><\/p>\n<p>L\u2019\u00eelot photo ? Toujours l\u00e0, toujours bancal si vous posez l\u2019iPad \u00e0 plat sur une table. C\u2019est exasp\u00e9rant. Sans coque ou clavier, c\u2019est inutilisable pour dessiner \u00e0 plat. Heureusement, le Magic Keyboard (vendu au prix d\u2019une tablette Android) gomme ce d\u00e9faut. <\/p>\n<p><a href=\"https:\/\/images.frandroid.com\/wp-content\/uploads\/2025\/12\/apple-ipad-pro-m5-frandroid-p1112869.jpg\" target=\"_blank\" class=\"article-content__figure\" rel=\"noopener\"><img loading=\"lazy\" decoding=\"async\" width=\"1200\" height=\"800\" src=\"https:\/\/www.europesays.com\/fr\/wp-content\/uploads\/2025\/12\/apple-ipad-pro-m5-frandroid-p1112869-1200x800.jpg\" alt=\"\" class=\"wp-image-2899205 wp-image\"  \/><\/a><\/p>\n<p>D\u2019ailleurs, ce clavier, la frappe est excellente, le trackpad en verre est divin, mais l\u2019ensemble est trop lourd. Une fois assembl\u00e9, votre iPad Pro 13\u2033 est aussi lourd qu\u2019un MacBook Air. La portabilit\u00e9 ? Quelle portabilit\u00e9 ?<\/p>\n<p><a href=\"https:\/\/images.frandroid.com\/wp-content\/uploads\/2025\/12\/apple-ipad-pro-m5-frandroid-p1112873.jpg\" target=\"_blank\" class=\"article-content__figure\" rel=\"noopener\"><img loading=\"lazy\" decoding=\"async\" width=\"1200\" height=\"800\" src=\"https:\/\/www.europesays.com\/fr\/wp-content\/uploads\/2025\/12\/apple-ipad-pro-m5-frandroid-p1112873-1200x800.jpg\" alt=\"\" class=\"wp-image-2899193 wp-image\"  \/><\/a><\/p>\n<p>C\u00f4t\u00e9 connectique (sans s, vous noterez), on a un port Thunderbolt \/ USB-C. Un seul. Sur une machine \u00ab\u00a0Pro\u00a0\u00bb. C\u2019est la blague r\u00e9currente d\u2019Apple. Vous voulez brancher un \u00e9cran ET charger ? Achetez un hub. Vous voulez brancher un SSD ET une carte SD ? Achetez un hub. \u00c0 ce prix-l\u00e0, c\u2019est dommage. On aurait bien aim\u00e9 avoir 2 ports USB. D\u2019ailleurs, le clavier Magic Keyboard apporte un port USB-C suppl\u00e9mentaire.<\/p>\n<p><a href=\"https:\/\/images.frandroid.com\/wp-content\/uploads\/2025\/12\/apple-ipad-pro-m5-frandroid-p1112844.jpg\" target=\"_blank\" class=\"article-content__figure\" rel=\"noopener\"><img loading=\"lazy\" decoding=\"async\" width=\"1200\" height=\"800\" src=\"https:\/\/www.europesays.com\/fr\/wp-content\/uploads\/2025\/12\/apple-ipad-pro-m5-frandroid-p1112844-1200x800.jpg\" alt=\"\" class=\"wp-image-2899183 wp-image\"  \/><\/a><\/p>\n<p>Un mot sur l\u2019utilisation au quotidien : en format 11 pouces, c\u2019est une tablette de lit. On la tient \u00e0 une main sans vous casser le nez si elle vous \u00e9chappe. Par contre, ce n\u2019est pas une tablette de bureau, une table \u00e0 dessin num\u00e9rique, ou un mini-ordinateur. On est un peu frustr\u00e9s d\u00e8s que l\u2019on ouvre deux applications en m\u00eame temps. Aujourd\u2019hui, fin 2025, c\u2019est difficile d\u2019imaginer un MacBook avec un \u00e9cran de 11 pouces\u2026 M\u00eame si le MacBook Air a d\u00e9j\u00e0 exist\u00e9 en 11 pouces et il y a eu \u00e9galement le MacBook Retina, en 12 pouces.<\/p>\n<p><a href=\"https:\/\/images.frandroid.com\/wp-content\/uploads\/2025\/12\/apple-ipad-pro-m5-frandroid-p1112872.jpg\" target=\"_blank\" class=\"article-content__figure\" rel=\"noopener\"><img loading=\"lazy\" decoding=\"async\" width=\"1200\" height=\"800\" src=\"https:\/\/www.europesays.com\/fr\/wp-content\/uploads\/2025\/12\/apple-ipad-pro-m5-frandroid-p1112872-1200x800.jpg\" alt=\"\" class=\"wp-image-2899209 wp-image\"  \/><\/a><\/p>\n<p>L\u2019Apple Pencil Pro se fixe toujours magn\u00e9tiquement sur la tranche sup\u00e9rieure. La prise est solide, la charge par induction est magique. Mais attention quand vous le glissez dans un sac \u00e9troit, le stylet a toujours cette f\u00e2cheuse tendance \u00e0 se d\u00e9tacher et \u00e0 finir au fond du sac, couvert de miettes.<\/p>\n<p><a href=\"https:\/\/images.frandroid.com\/wp-content\/uploads\/2025\/12\/apple-ipad-pro-m5-frandroid-p1112862.jpg\" target=\"_blank\" class=\"article-content__figure\" rel=\"noopener\"><img loading=\"lazy\" decoding=\"async\" width=\"1200\" height=\"800\" src=\"https:\/\/www.europesays.com\/fr\/wp-content\/uploads\/2025\/12\/apple-ipad-pro-m5-frandroid-p1112862-1200x800.jpg\" alt=\"\" class=\"wp-image-2899213 wp-image\"  \/><\/a><\/p>\n<p>Enfin, Face ID en mode paysage (la cam\u00e9ra est sur le long bord) est enfin la norme. On ne cache plus la cam\u00e9ra avec son pouce en le tenant. <\/p>\n<p>&#13;<\/p>\n<p>Apple iPad Pro 11 M5 (2025)\u00c9cran<\/p>\n<p>L\u2019\u00e9cran <strong>Tandem OLED<\/strong> d\u00e9barque sur le 11 pouces. Concr\u00e8tement, Apple empile deux dalles OLED l\u2019une sur l\u2019autre pour obtenir une luminosit\u00e9 d\u00e9mentielle (1000 nits en plein \u00e9cran, 1600 nits en pic HDR) sans br\u00fbler les pixels. Le r\u00e9sultat ? C\u2019est sublime. Les noirs sont abyssaux, le contraste est infini. Regarder une s\u00e9rie comme Silo ou Foundation dans le train est une exp\u00e9rience visuelle meilleure que sur ma TV de salon.<\/p>\n<p>Mais la grande nouveaut\u00e9 pour moi, c\u2019est l\u2019option <strong>verre nano-textur\u00e9<\/strong>. C\u2019est la premi\u00e8re fois que je la teste sur un iPad. La promesse ? \u00ab\u00a0Diffuser la lumi\u00e8re ambiante pour r\u00e9duire les reflets\u00a0\u00bb. La r\u00e9alit\u00e9 ? C\u2019est de la sorcellerie. J\u2019ai utilis\u00e9 l\u2019iPad en terrasse, grand soleil de midi tapant directement dessus. Sur un \u00e9cran brillant classique, je n\u2019aurais vu que mon propre reflet en train de plisser les yeux. L\u00e0, l\u2019image reste visible, mate, douce.<\/p>\n<p><a href=\"https:\/\/images.frandroid.com\/wp-content\/uploads\/2025\/12\/apple-ipad-pro-m5-frandroid-p1112878.jpg\" target=\"_blank\" class=\"article-content__figure\" rel=\"noopener\"><img loading=\"lazy\" decoding=\"async\" width=\"1200\" height=\"800\" src=\"https:\/\/www.europesays.com\/fr\/wp-content\/uploads\/2025\/12\/apple-ipad-pro-m5-frandroid-p1112878-1200x800.jpg\" alt=\"\" class=\"wp-image-2899203 wp-image\"  \/><\/a><\/p>\n<p>Le toucher est aussi diff\u00e9rent. C\u2019est moins \u00ab\u00a0verre\u00a0\u00bb, plus \u00ab\u00a0papier\u00a0\u00bb. Le Pencil Pro glisse dessus avec une l\u00e9g\u00e8re friction qui ravira les dessinateurs. On a moins cette sensation de patiner sur de la glace. De plus, les traces de doigts marquent beaucoup moins. C\u2019est un confort tactu-visuel ind\u00e9niable pour qui bosse beaucoup.<\/p>\n<p>Attention cependant, il y a un \u00ab\u00a0mais\u00a0\u00bb. La nano-texture cr\u00e9e un tr\u00e8s l\u00e9ger grain sur l\u2019image. On perd ce c\u00f4t\u00e9 \u00ab\u00a0tranchant\u00a0\u00bb et chirurgical de l\u2019\u00e9cran brillant. Les noirs paraissent un poil moins profonds (plut\u00f4t gris tr\u00e8s tr\u00e8s fonc\u00e9) quand il y a de la lumi\u00e8re directe. Si vous faites de la retouche photo pixel-perfect dans le noir complet, la version brillante reste techniquement sup\u00e9rieure.<\/p>\n<p>Pour un usage mixte et nomade, le nano-textur\u00e9 est une b\u00e9n\u00e9diction. Mais Apple nous force la main : cette option n\u2019est disponible que sur les mod\u00e8les 1 To et 2 To. C\u2019est une vente forc\u00e9e d\u00e9guis\u00e9e. Vous voulez ne pas avoir de reflets ? Payez le stockage dont vous n\u2019avez pas besoin.<\/p>\n<p>&#13;<\/p>\n<p>Apple iPad Pro 11 M5 (2025)Performances<\/p>\n<p>Sous le capot, on trouve la puce <strong>M5<\/strong>. Sur le papier, c\u2019est monstrueux, il n\u2019y a pas d\u2019autre mot. Apple a r\u00e9ussi \u00e0 caser une puissance de calcul sup\u00e9rieure \u00e0 95 % des PC portables du march\u00e9 dans une plaque de verre de moins de 5 mm d\u2019\u00e9paisseur.<\/p>\n<tr>\n<td><strong>Benchmark<\/strong><\/td>\n<td><strong>iPad Pro M4<\/strong><\/td>\n<td><strong>iPad Pro M5 (M5)<\/strong><\/td>\n<td><strong>Diff\u00e9rence<\/strong><\/td>\n<\/tr>\n<tr>\n<td><strong>GeekBench 6 (CPU Mono)<\/strong><\/td>\n<td>3 783<\/td>\n<td><strong>4 164<\/strong><\/td>\n<td>+ 10 %<\/td>\n<\/tr>\n<tr>\n<td><strong>GeekBench 6 (CPU Multi)<\/strong><\/td>\n<td>14 913<\/td>\n<td><strong>16 494<\/strong><\/td>\n<td>+ 10,6 %<\/td>\n<\/tr>\n<tr>\n<td><strong>GeekBench 6 (GPU Metal)<\/strong><\/td>\n<td>54 841<\/td>\n<td><strong>74 093<\/strong><\/td>\n<td><strong>+ 35,1 %<\/strong><\/td>\n<\/tr>\n<tr>\n<td><strong>Geekbench AI (CPU Quantized)<\/strong><\/td>\n<td>4 759<\/td>\n<td><strong>6 779<\/strong><\/td>\n<td><strong>+ 42,4 %<\/strong><\/td>\n<\/tr>\n<tr>\n<td><strong>3DMark Wild Life Extreme<\/strong><\/td>\n<td>51 FPS<\/td>\n<td><strong>63,6 FPS<\/strong><\/td>\n<td>+ 24,7 %<\/td>\n<\/tr>\n<tr>\n<td><strong>Speedometer 2.0<\/strong><\/td>\n<td>659<\/td>\n<td><strong>784<\/strong><\/td>\n<td>+ 19 %<\/td>\n<\/tr>\n<tr>\n<td><strong>Google Octane 2.0<\/strong><\/td>\n<td>101 062<\/td>\n<td><strong>135 517<\/strong><\/td>\n<td>+ 34 %<\/td>\n<\/tr>\n<p>Regardez cette ligne <strong>GPU Metal<\/strong>. Un gain de <strong>35 %<\/strong> en un an, c\u2019est monstrueux. Avec un score de <strong>74 093<\/strong>, l\u2019iPad Pro M5 humilie la plupart des PC portables d\u00e9di\u00e9s \u00e0 la cr\u00e9ation. Sur 3DMark Wild Life Extreme, on passe la barre symbolique des 60 FPS constants (63,6 pour \u00eatre pr\u00e9cis), l\u00e0 o\u00f9 le M4 peinait parfois \u00e0 50. Concr\u00e8tement ? Resident Evil Village ou Death Stranding tournent avec une fluidit\u00e9 insolente, m\u00eame avec les r\u00e9glages graphiques pouss\u00e9s.<\/p>\n<p>C\u00f4t\u00e9 CPU, l\u2019\u00e9volution est plus douce (+10 %), mais c\u2019est suffisant pour que <strong>Safari<\/strong> soit d\u2019une rapidit\u00e9 instantan\u00e9e (regardez le score Octane qui explose \u00e0 135 000 points !). Les pages web ne se chargent pas, elles apparaissent. Le montage vid\u00e9o 4K sur DaVinci Resolve est une blague pour cette puce : vous pouvez scroller dans la timeline comme si c\u2019\u00e9tait du texte.<\/p>\n<p>Mais attention, la physique a ses limites. Avec une telle puissance dans 4,9 mm d\u2019\u00e9paisseur, la <strong>chauffe<\/strong> se fait sentir plus vite que sur les mod\u00e8les pr\u00e9c\u00e9dents. Apr\u00e8s 20 minutes de benchmark intensif (Wild Life Extreme), le dos de l\u2019appareil, juste \u00e0 c\u00f4t\u00e9 du logo Apple, devient vraiment chaud. Pas br\u00fblant, mais d\u00e9sagr\u00e9able si vous le tenez en main.<\/p>\n<p><a href=\"https:\/\/images.frandroid.com\/wp-content\/uploads\/2025\/12\/apple-ipad-pro-m5-frandroid-p1112882.jpg\" target=\"_blank\" class=\"article-content__figure\" rel=\"noopener\"><img loading=\"lazy\" decoding=\"async\" width=\"1200\" height=\"800\" src=\"https:\/\/www.europesays.com\/fr\/wp-content\/uploads\/2025\/12\/apple-ipad-pro-m5-frandroid-p1112882-1200x800.jpg\" alt=\"\" class=\"wp-image-2899201 wp-image\"  \/><\/a><\/p>\n<p>Au quotidien, la fluidit\u00e9 est absolue. Ouvrir des applications, switcher entre elles, lancer l\u2019appareil photo\u2026 tout est instantan\u00e9. Il n\u2019y a aucune friction. C\u2019est agr\u00e9able, mais c\u2019\u00e9tait d\u00e9j\u00e0 le cas sur le M1, le M2 et le M4. La puissance brute ne se ressent vraiment que sur des t\u00e2ches tr\u00e8s sp\u00e9cifiques.<\/p>\n<p>J\u2019ai test\u00e9 l\u2019export d\u2019une vid\u00e9o 4K de 10 minutes sur DaVinci Resolve. Le M5 avale \u00e7a en une poign\u00e9e de secondes de moins que le M4. C\u2019est mieux, oui. Mais est-ce que \u00e7a change votre vie ? Non. Par contre, si vous venez d\u2019un iPad Pro 2018 ou 2020, la claque sera monumentale.<\/p>\n<p>L\u00e0 o\u00f9 le M5 brille, c\u2019est sur les jeux. J\u2019ai lanc\u00e9 Zenless Zone Zero et Resident Evil 4 avec les graphismes au maximum. Le 120 Hz est maintenu, les effets de lumi\u00e8re sont dingues. Et surprise : <strong>\u00e7a ne chauffe pas<\/strong>. Ou tr\u00e8s peu. Le ch\u00e2ssis en alu dissipe la chaleur de mani\u00e8re remarquable. Apr\u00e8s 30 minutes de jeu intensif, le dos est ti\u00e8de, jamais br\u00fblant. Pour rappel, c\u2019est une puce M5 sans refroidissement actif.<\/p>\n<p><a href=\"https:\/\/images.frandroid.com\/wp-content\/uploads\/2025\/12\/apple-ipad-pro-m5-frandroid-p1112898.jpg\" target=\"_blank\" class=\"article-content__figure\" rel=\"noopener\"><img loading=\"lazy\" decoding=\"async\" width=\"1200\" height=\"800\" src=\"https:\/\/www.europesays.com\/fr\/wp-content\/uploads\/2025\/12\/apple-ipad-pro-m5-frandroid-p1112898-1200x800.jpg\" alt=\"\" class=\"wp-image-2899215 wp-image\"  \/><\/a><\/p>\n<p>L\u2019apport des <strong>12 Go de RAM<\/strong> (sur mon mod\u00e8le de test, c\u2019est m\u00eame 16 Go car j\u2019ai la version 1 To) est invisible mais vital. Les applications ne se rechargent pas quand on revient dessus apr\u00e8s avoir ouvert trois autres trucs gourmands. Safari garde mes onglets en m\u00e9moire sans broncher. C\u2019est un confort de travail r\u00e9el.<\/p>\n<p>L\u2019IA ? Le Neural Engine du M5 est monstrueux sur le papier. C\u2019est cool pour \u00e9pater la galerie, mais l\u2019\u00e9cosyst\u00e8me logiciel n\u2019exploite pas encore vraiment cette puissance au quotidien.<\/p>\n<p>Parlons autonomie. Apple promet 10 heures. Dans la r\u00e9alit\u00e9, avec l\u2019\u00e9cran OLED pouss\u00e9 un peu fort (ce qu\u2019on fait souvent pour en profiter), on est plut\u00f4t sur 8h de productivit\u00e9 mixte. C\u2019est bien, mais \u00e7a ne progresse pas. C\u2019est m\u00eame d\u00e9cevant par rapport \u00e0 un MacBook Air. L\u2019iPad Pro devrait afficher 15 heures d\u2019autonomie d\u2019apr\u00e8s moi.<\/p>\n<p>La vraie r\u00e9volution, c\u2019est la <strong>charge rapide<\/strong>. Enfin ! Avec un chargeur 60W (non fourni, \u00e9videmment, il faut l\u2019acheter \u00e0 part), j\u2019ai r\u00e9cup\u00e9r\u00e9 50 % de batterie en 28 minutes chrono. C\u2019est pas mal du tout, mais ce n\u2019est pas ce qui se fait de mieux sur le march\u00e9.<\/p>\n<p>&#13;<\/p>\n<p>Apple iPad Pro 11 M5 (2025)Logiciel<\/p>\n<p>iPadOS 26 apporte des am\u00e9liorations, c\u2019est ind\u00e9niable, mais il reste le goulot d\u2019\u00e9tranglement de cette machine.<\/p>\n<p><a href=\"https:\/\/images.frandroid.com\/wp-content\/uploads\/2025\/12\/img-0023.jpg\" target=\"_blank\" class=\"article-content__figure\" rel=\"noopener\"><img loading=\"lazy\" decoding=\"async\" width=\"1200\" height=\"827\" src=\"https:\/\/www.europesays.com\/fr\/wp-content\/uploads\/2025\/12\/img-0023-1200x827.jpg\" alt=\"\" class=\"wp-image-2899147 wp-image\"  \/><\/a><\/p>\n<p>Comparons avec un MacBook. Sur macOS, je peux redimensionner mes fen\u00eatres au pixel pr\u00e8s, jeter un fichier sur le bureau, installer un plugin obscur pour mon navigateur, et g\u00e9rer mes fichiers audio comme je veux. Sur iPadOS, tout est \u00ab\u00a0sanitaris\u00e9\u00a0\u00bb. <strong>Stage Manager<\/strong> sur un \u00e9cran de 11 pouces est une exp\u00e9rience claustrophobe. D\u00e8s qu\u2019on met plus de deux fen\u00eatres, c\u2019est le chaos. On passe son temps \u00e0 masquer des trucs sans le vouloir.<\/p>\n<p><a href=\"https:\/\/images.frandroid.com\/wp-content\/uploads\/2025\/12\/apple-ipad-pro-m5-frandroid-p1112891.jpg\" target=\"_blank\" class=\"article-content__figure\" rel=\"noopener\"><img loading=\"lazy\" decoding=\"async\" width=\"1200\" height=\"800\" src=\"https:\/\/www.europesays.com\/fr\/wp-content\/uploads\/2025\/12\/apple-ipad-pro-m5-frandroid-p1112891-1200x800.jpg\" alt=\"\" class=\"wp-image-2899197 wp-image\"  \/><\/a><\/p>\n<p>L\u2019application <strong>Fichiers<\/strong> a progress\u00e9, mais ce n\u2019est toujours pas le Finder. Essayer de copier 50 Go de rushs vid\u00e9o depuis un SSD externe reste une aventure stressante o\u00f9 l\u2019on n\u2019est jamais s\u00fbr que la copie va aller au bout sans planter si l\u2019\u00e9cran se met en veille. C\u2019est inacceptable pour une machine \u00ab\u00a0Pro\u00a0\u00bb.<\/p>\n<p>Cependant, il faut reconna\u00eetre les points forts. Le retour du <strong>Slide Over<\/strong> (la petite fen\u00eatre flottante qu\u2019on peut cacher sur le c\u00f4t\u00e9) est une b\u00e9n\u00e9diction, surtout sur le 11 pouces. C\u2019est parfait pour avoir Spotify ou Slack dispo en un geste sans casser votre espace de travail principal.<\/p>\n<p><a href=\"https:\/\/images.frandroid.com\/wp-content\/uploads\/2025\/12\/apple-ipad-pro-m5-frandroid-p1112888.jpg\" target=\"_blank\" class=\"article-content__figure\" rel=\"noopener\"><img loading=\"lazy\" decoding=\"async\" width=\"1200\" height=\"800\" src=\"https:\/\/www.europesays.com\/fr\/wp-content\/uploads\/2025\/12\/apple-ipad-pro-m5-frandroid-p1112888-1200x800.jpg\" alt=\"\" class=\"wp-image-2899199 wp-image\"  \/><\/a><\/p>\n<p>Les applications \u00ab\u00a0Desktop Class\u00a0\u00bb commencent \u00e0 \u00eatre cr\u00e9dibles. Final Cut Pro et Logic Pro sur iPad sont des tours de force d\u2019interface tactile. Mais elles demandent un abonnement mensuel et l\u2019interface sur 11 pouces est tr\u00e8s, tr\u00e8s charg\u00e9e. On sent que c\u2019est pens\u00e9 pour le 13 pouces. Sur le 11, on plisse les yeux pour toucher les petits boutons.<\/p>\n<p><a href=\"https:\/\/images.frandroid.com\/wp-content\/uploads\/2025\/12\/img-0024.jpg\" target=\"_blank\" class=\"article-content__figure\" rel=\"noopener\"><img loading=\"lazy\" decoding=\"async\" width=\"1200\" height=\"827\" src=\"https:\/\/www.europesays.com\/fr\/wp-content\/uploads\/2025\/12\/img-0024-1200x827.jpg\" alt=\"\" class=\"wp-image-2899143 wp-image\"  \/><\/a><\/p>\n<p>Le support de la souris et du trackpad est excellent, fluide, mais le curseur \u00ab\u00a0rond\u00a0\u00bb qui se transforme selon les \u00e9l\u00e9ments reste moins pr\u00e9cis qu\u2019une fl\u00e8che classique pour du texte ou du tableur Excel intensif. On s\u2019y fait, mais on sent toujours une l\u00e9g\u00e8re friction cognitive.<\/p>\n<p>Est-ce que l\u2019iPad Pro M5 peut remplacer un Mac ? Non. Et Apple ne veut pas qu\u2019il le fasse. C\u2019est un appareil compl\u00e9mentaire formidable, un outil de cr\u00e9ation ultra-focus, mais d\u00e8s qu\u2019on veut faire du \u00ab\u00a0vrai\u00a0\u00bb multit\u00e2che complexe, on se heurte aux murs du jardin clos d\u2019Apple.<\/p>\n<p>Le syst\u00e8me est stable, certes. Mais il est rigide. La personnalisation de l\u2019\u00e9cran d\u2019accueil s\u2019est am\u00e9lior\u00e9e (on peut enfin mettre les ic\u00f4nes o\u00f9 on veut, r\u00e9volution !), mais \u00e7a reste de la cosm\u00e9tique. Le c\u0153ur du syst\u00e8me n\u2019a pas la souplesse d\u2019un OS de bureau, et avec une puce M5, c\u2019est un g\u00e2chis frustrant.<\/p>\n<p>Le verdict logiciel est simple : si votre travail tient dans une seule fen\u00eatre (\u00e9crire, dessiner, jouer), c\u2019est le paradis. Si votre travail implique de jongler entre 4 applis, de g\u00e9rer des fichiers et de connecter des p\u00e9riph\u00e9riques bizarres, gardez votre Mac.<\/p>\n<p>&#13;<\/p>\n<p>Apple iPad Pro 11 M5 (2025)Connectiques, cam\u00e9ra et audio<\/p>\n<p>C\u00f4t\u00e9 connectique, c\u2019est le d\u00e9sert. <strong>Un seul port USB-C Thunderbolt 4<\/strong>. C\u2019est rapide (40 Gb\/s), c\u2019est puissant, mais c\u2019est unique. Vous allez vivre avec des dongles. \u00c0 noter : le Wi-Fi 7 (via la puce N1) assure des d\u00e9bits th\u00e9oriques fous, mais j\u2019ai surtout not\u00e9 une bien meilleure stabilit\u00e9 du signal \u00e0 longue distance de ma box. Le Bluetooth 6.0 est l\u00e0, pr\u00eat pour le futur.<\/p>\n<p><a href=\"https:\/\/images.frandroid.com\/wp-content\/uploads\/2025\/12\/IMG_0015.jpg\" target=\"_blank\" class=\"article-content__figure\" rel=\"noopener\"><img loading=\"lazy\" decoding=\"async\" width=\"1200\" height=\"900\" src=\"https:\/\/www.europesays.com\/fr\/wp-content\/uploads\/2025\/12\/IMG_0015-1200x900.jpg\" alt=\"\" class=\"wp-image-2899141 wp-image\"  \/><\/a><\/p>\n<p>Les cam\u00e9ras ? \u00c0 l\u2019arri\u00e8re, c\u2019est propre, \u00e7a filme en 4K ProRes, le LiDAR est g\u00e9nial pour la r\u00e9alit\u00e9 augment\u00e9e (si vous \u00eates architecte ou d\u00e9corateur). Pour les autres, \u00e7a sert \u00e0 scanner des documents avec une qualit\u00e9 luxe. La cam\u00e9ra avant, enfin en paysage, change la vie pour les visios. La fonction <strong>Cadre Centr\u00e9<\/strong> (Center Stage) fonctionne bien, m\u00eame si elle donne parfois un peu le mal de mer \u00e0 vos interlocuteurs en zoomant trop vite.<\/p>\n<p><a href=\"https:\/\/images.frandroid.com\/wp-content\/uploads\/2025\/12\/IMG_0026.jpg\" target=\"_blank\" class=\"article-content__figure\" rel=\"noopener\"><img loading=\"lazy\" decoding=\"async\" width=\"1200\" height=\"900\" src=\"https:\/\/www.europesays.com\/fr\/wp-content\/uploads\/2025\/12\/IMG_0026-1200x900.jpg\" alt=\"\" class=\"wp-image-2899139 wp-image\"  \/><\/a><\/p>\n<p><a href=\"https:\/\/images.frandroid.com\/wp-content\/uploads\/2025\/12\/IMG_0009.jpg\" target=\"_blank\" class=\"article-content__figure\" rel=\"noopener\"><img loading=\"lazy\" decoding=\"async\" width=\"1200\" height=\"900\" src=\"https:\/\/www.europesays.com\/fr\/wp-content\/uploads\/2025\/12\/IMG_0009-1200x900.jpg\" alt=\"\" class=\"wp-image-2899135 wp-image\"  \/><\/a><\/p>\n<p>L\u2019audio est magique. Je ne sais pas comment les ing\u00e9nieurs d\u2019Apple font pour sortir un son pareil d\u2019une tranche de 5 mm. Il y a <strong>4 haut-parleurs<\/strong>, \u00e7a a du coffre, des basses (toutes proportions gard\u00e9es) et une spatialisation st\u00e9r\u00e9o bluffante quand on tient la tablette en paysage. C\u2019est largement suffisant pour \u00e9couter de la musique ou regarder un film dans une chambre d\u2019h\u00f4tel sans enceinte externe.<\/p>\n<p>&#13;<\/p>\n<p>Apple iPad Pro 11 M5 (2025)Prix et alternatives<\/p>\n<p>Le ticket d\u2019entr\u00e9e est fix\u00e9 \u00e0 <strong>1 119 euros<\/strong> pour le mod\u00e8le 11 pouces Wi-Fi en 256 Go. C\u2019est exactement le m\u00eame tarif de lancement que l\u2019iPad Pro M4 l\u2019an dernier, Apple n\u2019a donc pas eu l\u2019audace d\u2019augmenter la facture, mais ne l\u2019a pas all\u00e9g\u00e9e pour autant.<\/p>\n<p>Attention, ce prix d\u2019appel est un leurre. La configuration test\u00e9e (1 To + Cellulaire + Nano) vous co\u00fbtera la bagatelle de <strong>2 229 euros<\/strong>, sans compter le clavier (349 \u20ac) ni le Pencil Pro (149 \u20ac). Vous voil\u00e0 avec une addition finale d\u00e9passant les 2 500 euros pour une tablette de 11 pouces.<\/p>\n<p>C\u2019est d\u2019autant plus douloureux que l\u2019<strong><a href=\"https:\/\/www.frandroid.com\/marques\/apple\/2031810_test-du-apple-ipad-pro-m4\" target=\"_blank\" rel=\"noopener\">iPad Pro M4<\/a><\/strong>, sorti il y a tout juste un an, <a href=\"https:\/\/www.frandroid.com\/marques\/apple\/2031810_test-du-apple-ipad-pro-m4\" target=\"_blank\" rel=\"noopener\">reste en embuscade<\/a>. Lanc\u00e9 lui aussi \u00e0 1 219 euros, on le trouve d\u00e9sormais neuf ou reconditionn\u00e9 autour de <strong>950 \u00e0 1 000 euros<\/strong>. Vous pouvez d\u2019ailleurs <a href=\"https:\/\/www.frandroid.com\/marques\/apple\/692786_meilleur-ipad-selection\" target=\"_blank\" rel=\"noopener\">notre guide des meilleurs iPad<\/a>.<\/p>\n<p>Il poss\u00e8de d\u00e9j\u00e0 cet \u00e9cran Oled sublime (en version brillante) et un ch\u00e2ssis identique au millim\u00e8tre pr\u00e8s. Mais \u00e0 moins d\u2019avoir un besoin vital de la puce M5 pour des rendus 3D sp\u00e9cifiques ou de vouloir absolument l\u2019option mate pour travailler en plein soleil, l\u2019ancien mod\u00e8le offre 98 % de l\u2019exp\u00e9rience pour 300 euros de moins.<\/p>\n<p>Si vous \u00eates allergique \u00e0 la pomme, il n\u2019y a qu\u2019une seule porte de sortie cr\u00e9dible : les <strong>Samsung Galaxy Tab S11<\/strong> et leur monstrueuse grande s\u0153ur, la <strong><a href=\"https:\/\/www.frandroid.com\/marques\/samsung\/2810425_test-de-la-samsung-galaxy-tab-s11-ultra-lune-des-meilleures-tablettes-de-2025\" target=\"_blank\" rel=\"noopener\">S11 Ultra<\/a><\/strong>. <\/p>\n<p>Mais la puce Snapdragon n\u2019atteint pas la cheville du M5 dans les benchmarks, mais dans la vraie vie, ce n\u2019est pas si grave en fonction de ce que vous faites \u00e9videmment. La <a href=\"https:\/\/www.frandroid.com\/marques\/samsung\/2810425_test-de-la-samsung-galaxy-tab-s11-ultra-lune-des-meilleures-tablettes-de-2025\" target=\"_blank\" rel=\"noopener\">S11 Ultra<\/a> gagne l\u00e0 o\u00f9 l\u2019iPad \u00e9choue lamentablement : le logiciel. <\/p>\n<p><a href=\"https:\/\/images.frandroid.com\/wp-content\/uploads\/2025\/10\/photo-02203.jpg\" target=\"_blank\" class=\"article-content__figure\" rel=\"noopener\"><img loading=\"lazy\" decoding=\"async\" width=\"1200\" height=\"800\" src=\"https:\/\/www.europesays.com\/fr\/wp-content\/uploads\/2025\/10\/photo-02203-1200x800.jpg\" alt=\"\" class=\"wp-image-2821191 wp-image\"  \/><\/a>Samsung Galaxy Tab S11 Ultra \/\/ Source : Chlo\u00e9 Pertuis pour Frandroid<\/p>\n<p>Avec le mode <strong>DeX<\/strong>, vous avez un v\u00e9ritable environnement de bureau, une gestion des fen\u00eatres logique et un syst\u00e8me de fichiers qui ne vous traite pas comme un enfant de 5 ans. C\u2019est moins \u00ab\u00a0magique\u00a0\u00bb, c\u2019est un peu moins fluide, mais c\u2019est infiniment plus <strong>utile<\/strong> pour travailler. De plus, le stylet S Pen est inclus dans la bo\u00eete, lui.<\/p>\n<p class=\"shortcode-container see-more\">\n    Pour aller plus loin<br \/><a href=\"https:\/\/www.frandroid.com\/marques\/samsung\/2810425_test-de-la-samsung-galaxy-tab-s11-ultra-lune-des-meilleures-tablettes-de-2025\" target=\"_blank\" rel=\"noopener\">Test de la Samsung Galaxy Tab S11 Ultra : l\u2019une des meilleures tablettes de 2025<\/a>\n            <\/p>\n","protected":false},"excerpt":{"rendered":"L\u2019existence m\u00eame de cet iPad Pro M5 est une d\u00e9monstration de force brute de la part d\u2019Apple. \u00c0&hellip;\n","protected":false},"author":2,"featured_media":578160,"comment_status":"","ping_status":"","sticky":false,"template":"","format":"standard","meta":{"footnotes":""},"categories":[7],"tags":[69243,69244,69245,58901,1011,27,29693,43,40,41,39,42,44],"class_list":{"0":"post-578159","1":"post","2":"type-post","3":"status-publish","4":"format-standard","5":"has-post-thumbnail","7":"category-sciences-et-technologies","8":"tag-apple-ipad-pro-11-m5-2025","9":"tag-apple-ipad-pro-13-m5-2025","10":"tag-apple-ipad-pro-m4-11-2024","11":"tag-apple-m5","12":"tag-fr","13":"tag-france","14":"tag-ipados-26","15":"tag-science","16":"tag-science-and-technology","17":"tag-sciences","18":"tag-sciences-et-technologies","19":"tag-technologies","20":"tag-technology"},"share_on_mastodon":{"url":"https:\/\/pubeurope.com\/@fr\/115662848830172089","error":""},"_links":{"self":[{"href":"https:\/\/www.europesays.com\/fr\/wp-json\/wp\/v2\/posts\/578159","targetHints":{"allow":["GET"]}}],"collection":[{"href":"https:\/\/www.europesays.com\/fr\/wp-json\/wp\/v2\/posts"}],"about":[{"href":"https:\/\/www.europesays.com\/fr\/wp-json\/wp\/v2\/types\/post"}],"author":[{"embeddable":true,"href":"https:\/\/www.europesays.com\/fr\/wp-json\/wp\/v2\/users\/2"}],"replies":[{"embeddable":true,"href":"https:\/\/www.europesays.com\/fr\/wp-json\/wp\/v2\/comments?post=578159"}],"version-history":[{"count":0,"href":"https:\/\/www.europesays.com\/fr\/wp-json\/wp\/v2\/posts\/578159\/revisions"}],"wp:featuredmedia":[{"embeddable":true,"href":"https:\/\/www.europesays.com\/fr\/wp-json\/wp\/v2\/media\/578160"}],"wp:attachment":[{"href":"https:\/\/www.europesays.com\/fr\/wp-json\/wp\/v2\/media?parent=578159"}],"wp:term":[{"taxonomy":"category","embeddable":true,"href":"https:\/\/www.europesays.com\/fr\/wp-json\/wp\/v2\/categories?post=578159"},{"taxonomy":"post_tag","embeddable":true,"href":"https:\/\/www.europesays.com\/fr\/wp-json\/wp\/v2\/tags?post=578159"}],"curies":[{"name":"wp","href":"https:\/\/api.w.org\/{rel}","templated":true}]}}