{"id":578161,"date":"2025-12-04T19:02:12","date_gmt":"2025-12-04T19:02:12","guid":{"rendered":"https:\/\/www.europesays.com\/fr\/578161\/"},"modified":"2025-12-04T19:02:12","modified_gmt":"2025-12-04T19:02:12","slug":"volvo-exhorte-leurope-de-maintenir-linterdiction-des-vehicules-thermiques","status":"publish","type":"post","link":"https:\/\/www.europesays.com\/fr\/578161\/","title":{"rendered":"Volvo exhorte l\u2019Europe de maintenir l\u2019interdiction des v\u00e9hicules thermiques"},"content":{"rendered":"<p itemprop=\"description\">Le dirigeant su\u00e9dois exhorte Bruxelles \u00e0<br \/>\nmaintenir le cap, arguant que tout recul r\u00e9glementaire serait un<br \/>\ncadeau inesp\u00e9r\u00e9 offert \u00e0 la concurrence chinoise.<\/p>\n<p>Les t\u00eates pensantes du groupe Volvo-Polestar comparent la<br \/>\nr\u00e9sistance actuelle de l\u00a0\u00bbindustrie aux vieux combats contre la<br \/>\nceinture de s\u00e9curit\u00e9 ou le pot catalytique. Pour H\u00e5kan Samuelsson<br \/>\net Michael Lohscheller, l&rsquo;industrie automobile ne bouge que sous la<br \/>\ncontrainte.<\/p>\n<p>Une v\u00e9rit\u00e9 qui d\u00e9range ?<\/p>\n<p>Les constructeurs d\u00e9testent qu&rsquo;on leur force la main.<br \/>\n<strong>Ils plaident pour la neutralit\u00e9 technologique<\/strong>, un<br \/>\nterme plut\u00f4t \u00e9l\u00e9gant pour dire \u00ab\u00a0laissez-nous faire ce qu&rsquo;on<br \/>\nveut tant que \u00e7a se vend\u00a0\u00bb. Pourtant, <a href=\"https:\/\/www.autoplus.fr\/actualite\/volvo-croit-encore-aux-hybrides-rechargeables-et-veut-les-garder-longtemps-1405229.html\" target=\"_blank\" rel=\"noopener\"><br \/>\nVolvo<\/a> et sa marque s\u0153ur <a href=\"https:\/\/www.autoplus.fr\/polestar\" target=\"_blank\" rel=\"noopener\">Polestar<\/a> ont d\u00e9cid\u00e9 de dire<br \/>\ntout haut ce que beaucoup pensent tout bas. Sans le b\u00e2ton du<br \/>\nr\u00e9gulateur, l&rsquo;industrie n&rsquo;avance pas, ou du moins, pas assez vite.<br \/>\nH\u00e5kan Samuelsson, figure de la marque su\u00e9doise (aujourd&rsquo;hui dans le<br \/>\ngiron du Chinois Geely), a prononc\u00e9 une phrase qui n\u2019est vraiment<br \/>\npas pass\u00e9e inaper\u00e7ue. \u00ab\u00a0Si elles n&rsquo;\u00e9taient pas obligatoires,<br \/>\nnous aurions probablement 30 % de nos voitures sans ceintures de<br \/>\ns\u00e9curit\u00e9\u00a0\u00bb, a-t-il d\u00e9clar\u00e9, rapporte <a href=\"https:\/\/www.theguardian.com\/business\/2025\/dec\/02\/china-volvo-polestar-eu-2035-petrol-car-sweden-germany\" target=\"_blank\" rel=\"noopener\"><br \/>\nThe Guardian<\/a>. Il pousse le bouchon encore plus loin en \u00e9voquant<br \/>\nles pots catalytiques. Selon lui, sans obligation l\u00e9gale, ils<br \/>\nn&rsquo;existeraient probablement m\u00eame pas. <strong>Tout simplement parce<br \/>\nqu&rsquo;ils repr\u00e9sentent un co\u00fbt additionnel<\/strong>.<\/p>\n<p>Samuelsson pointe une v\u00e9rit\u00e9 historique. L&rsquo;automobile a souvent<br \/>\nd\u00fb \u00eatre tra\u00een\u00e9e de force vers le progr\u00e8s. Aurions-nous des airbags,<br \/>\nl&rsquo;ABS de s\u00e9rie ou des cam\u00e9ras de recul si l&rsquo;Europe et les<br \/>\n\u00c9tats-Unis n&rsquo;avaient pas tap\u00e9 du poing sur la table ? Probablement<br \/>\npas. <strong>La priorit\u00e9 d&rsquo;une entreprise reste son bilan<br \/>\ncomptable<\/strong>. Cette sortie m\u00e9diatique intervient alors qu\u2019aux<br \/>\n\u00c9tats-Unis, le d\u00e9bat fait rage sur le co\u00fbt des normes de s\u00e9curit\u00e9.<br \/>\nEn Europe, c&rsquo;est l&rsquo;\u00e9ch\u00e9ance de 2035 qui cristallise les tensions.<br \/>\nL&rsquo;Allemagne, terrifi\u00e9e \u00e0 l&rsquo;id\u00e9e de perdre son savoir-faire<br \/>\nm\u00e9canique, <strong>pousse Bruxelles \u00e0 revoir sa copie pour laisser<br \/>\nune place aux carburants synth\u00e9tiques et aux hybrides<\/strong>.<\/p>\n<p>Pour Volvo, la menace chinoise ne prendra pas de vacances<\/p>\n<p>Michael Lohscheller, le patron de Polestar, se montre tout aussi<br \/>\ndirect que son coll\u00e8gue. Pour lui, l&rsquo;id\u00e9e de \u00ab\u00a0faire une<br \/>\npause\u00a0\u00bb de cinq ans est une illusion. \u00ab\u00a0Les Chinois ne<br \/>\nferont pas de pause. Ils vont prendre le dessus\u00a0\u00bb, avertit-il.<br \/>\nSi Bruxelles envoie le signal que la transition peut attendre,<br \/>\n<strong>elle met en r\u00e9alit\u00e9 des centaines de milliers d&#8217;emplois en<br \/>\ndanger<\/strong>. L&rsquo;erreur serait de croire que l&rsquo;Europe peut se<br \/>\nprot\u00e9ger derri\u00e8re des barri\u00e8res douani\u00e8res \u00e9ternelles. Samuelsson<br \/>\nbalaie cette id\u00e9e d&rsquo;un revers de main. <strong>Les constructeurs<br \/>\nchinois ne vont pas se contenter d&rsquo;envoyer des bateaux, ils vont<br \/>\ns&rsquo;installer chez nous !<\/strong> Ils construiront, et construisent<br \/>\nd\u00e9j\u00e0, des usines en Hongrie et en Slovaquie. Les tarifs douaniers<br \/>\nne les arr\u00eateront pas.<\/p>\n<p>Il faut dire que Volvo et Polestar appartenant au groupe Geely,<br \/>\nont investi des sommes colossales dans l&rsquo;\u00e9lectrification. Polestar<br \/>\nest n\u00e9 \u00e9lectrique (si l&rsquo;on oublie la parenth\u00e8se hybride de la<br \/>\nPolestar 1), et Volvo a entam\u00e9 sa mue il y a des ann\u00e9es.<br \/>\n<strong>Voir l&rsquo;Europe changer les r\u00e8gles du jeu en cours de route,<br \/>\nalors qu&rsquo;ils ont mis\u00e9 tous leurs jetons sur la case batterie,<br \/>\nserait une catastrophe industrielle pour eux.<\/strong> Ils n&rsquo;ont<br \/>\naucune envie de voir leurs investissements partir en fum\u00e9e parce<br \/>\nque <a href=\"https:\/\/www.autoplus.fr\/marque\/volkswagen\" target=\"_blank\" rel=\"noopener\">Volkswagen<\/a> ou<br \/>\nMercedes pr\u00e9f\u00e8rent prolonger la rente du moteur \u00e0 piston. Le r\u00e9veil<br \/>\nsera brutal si les marques europ\u00e9ennes historiques passent les cinq<br \/>\nprochaines ann\u00e9es \u00e0 freiner des quatre fers plut\u00f4t qu&rsquo;\u00e0<br \/>\nperfectionner leurs logiciels et leurs batteries. Comme le r\u00e9sume<br \/>\nLohscheller : \u00ab\u00a0Si l&rsquo;Europe ne prend pas la t\u00eate de cette<br \/>\ntransformation, soyez assur\u00e9s que d&rsquo;autres pays le feront \u00e0 notre<br \/>\nplace.\u00a0\u00bb<\/p>\n","protected":false},"excerpt":{"rendered":"Le dirigeant su\u00e9dois exhorte Bruxelles \u00e0 maintenir le cap, arguant que tout recul r\u00e9glementaire serait un cadeau inesp\u00e9r\u00e9&hellip;\n","protected":false},"author":2,"featured_media":578162,"comment_status":"","ping_status":"","sticky":false,"template":"","format":"standard","meta":{"footnotes":""},"categories":[6],"tags":[35,33,34,1011,27,1638],"class_list":{"0":"post-578161","1":"post","2":"type-post","3":"status-publish","4":"format-standard","5":"has-post-thumbnail","7":"category-economie","8":"tag-business","9":"tag-economie","10":"tag-economy","11":"tag-fr","12":"tag-france","13":"tag-has_diapo"},"share_on_mastodon":{"url":"https:\/\/pubeurope.com\/@fr\/115662850906463771","error":""},"_links":{"self":[{"href":"https:\/\/www.europesays.com\/fr\/wp-json\/wp\/v2\/posts\/578161","targetHints":{"allow":["GET"]}}],"collection":[{"href":"https:\/\/www.europesays.com\/fr\/wp-json\/wp\/v2\/posts"}],"about":[{"href":"https:\/\/www.europesays.com\/fr\/wp-json\/wp\/v2\/types\/post"}],"author":[{"embeddable":true,"href":"https:\/\/www.europesays.com\/fr\/wp-json\/wp\/v2\/users\/2"}],"replies":[{"embeddable":true,"href":"https:\/\/www.europesays.com\/fr\/wp-json\/wp\/v2\/comments?post=578161"}],"version-history":[{"count":0,"href":"https:\/\/www.europesays.com\/fr\/wp-json\/wp\/v2\/posts\/578161\/revisions"}],"wp:featuredmedia":[{"embeddable":true,"href":"https:\/\/www.europesays.com\/fr\/wp-json\/wp\/v2\/media\/578162"}],"wp:attachment":[{"href":"https:\/\/www.europesays.com\/fr\/wp-json\/wp\/v2\/media?parent=578161"}],"wp:term":[{"taxonomy":"category","embeddable":true,"href":"https:\/\/www.europesays.com\/fr\/wp-json\/wp\/v2\/categories?post=578161"},{"taxonomy":"post_tag","embeddable":true,"href":"https:\/\/www.europesays.com\/fr\/wp-json\/wp\/v2\/tags?post=578161"}],"curies":[{"name":"wp","href":"https:\/\/api.w.org\/{rel}","templated":true}]}}