{"id":578163,"date":"2025-12-04T19:03:12","date_gmt":"2025-12-04T19:03:12","guid":{"rendered":"https:\/\/www.europesays.com\/fr\/578163\/"},"modified":"2025-12-04T19:03:12","modified_gmt":"2025-12-04T19:03:12","slug":"lusage-de-signal-par-le-ministre-de-la-defense-a-mis-larmee-americaine-en-danger-indique-un-rapport","status":"publish","type":"post","link":"https:\/\/www.europesays.com\/fr\/578163\/","title":{"rendered":"l\u2019usage de Signal par le ministre de la D\u00e9fense a mis l&rsquo;arm\u00e9e am\u00e9ricaine en danger, indique un rapport"},"content":{"rendered":"<p>\n    \u00abL\u2019utilisation d\u2019un t\u00e9l\u00e9phone portable personnel pour g\u00e9rer des affaires officielles et envoyer des informations non-publiques du minist\u00e8re de la D\u00e9fense via Signal fait encourir le risque de compromettre des informations sensibles\u00bb, \u00e9crit l\u2019Inspection g\u00e9n\u00e9rale du minist\u00e8re dans son rapport.<\/p>\n<p class=\"fig-paragraph\">Un organe ind\u00e9pendant au sein du Pentagone a estim\u00e9, dans un rapport rendu public jeudi, que le ministre am\u00e9ricain de la D\u00e9fense\u00a0<a href=\"http:\/\/www.lefigaro.fr\/international\/dana-white-pete-hegseth-veut-rendre-a-l-armee-sa-culture-du-guerrier-20251003\" data-fig-type=\"Article\" data-gtm-custom-categorie=\"navigation\" data-gtm-custom-action=\"crossclick\" data-gtm-custom-label=\"Contextuel\" data-gtm-event=\"customEventSPE\" data-fig-domain=\"LEFIGARO\" target=\"_blank\" rel=\"noopener\">Pete Hegseth<\/a>\u00a0avait mis ses propres troupes en danger en utilisant l&rsquo;application de messagerie\u00a0<a href=\"http:\/\/www.lefigaro.fr\/international\/etats-unis-un-juge-americain-ordonne-la-conservation-des-messages-signal-revelees-par-un-journaliste-20250328\" data-fig-type=\"NewsFlash\" data-gtm-custom-categorie=\"navigation\" data-gtm-custom-action=\"crossclick\" data-gtm-custom-label=\"Contextuel\" data-gtm-event=\"customEventSPE\" data-fig-domain=\"LEFIGARO\" target=\"_blank\" rel=\"noopener\">Signal\u00a0<\/a>pour discuter de frappes au Y\u00e9men.<\/p>\n<p class=\"fig-paragraph\">Les \u00c9tats-Unis ont men\u00e9 une campagne militaire d\u00e9but 2025 contre les rebelles houthis au nom de la protection de la libert\u00e9 de navigation et du commerce international transitant par la mer Rouge. L\u2019ancien conseiller \u00e0 la s\u00e9curit\u00e9 nationale de Donald Trump, Mike Waltz, avait \u00e9t\u00e9 \u00e9cart\u00e9 d\u00e9but mai, apr\u00e8s les r\u00e9v\u00e9lations d\u2019un journaliste du magazine The Atlantic, ajout\u00e9 par m\u00e9garde \u00e0 un groupe de discussion sur Signal portant sur ces frappes.<\/p>\n<p>                                            <a class=\"fig-a11y-skip\" href=\"#fig-a11y-skip-main-inarticle\" data-module=\"a11y-skip\" data-context=\"was @visible\"><br \/>\n    Passer la publicit\u00e9<br \/>\n<\/a>            <\/p>\n<p class=\"fig-paragraph\">La conversation contenait des messages dans lesquels Pete Hegseth d\u00e9voile l\u2019heure des frappes quelques heures avant qu\u2019elles n\u2019aient lieu mais aussi des informations sur les \u00e9quipements militaires employ\u00e9s. \u00abL\u2019utilisation d\u2019un t\u00e9l\u00e9phone portable personnel pour g\u00e9rer des affaires officielles et envoyer des informations non-publiques du minist\u00e8re de la D\u00e9fense via Signal fait encourir le risque de compromettre des informations sensibles, ce qui pourrait nuire au personnel du minist\u00e8re de la D\u00e9fense et aux objectifs de mission\u00bb, \u00e9crit l\u2019Inspection g\u00e9n\u00e9rale du minist\u00e8re dans son rapport.<\/p>\n","protected":false},"excerpt":{"rendered":"\u00abL\u2019utilisation d\u2019un t\u00e9l\u00e9phone portable personnel pour g\u00e9rer des affaires officielles et envoyer des informations non-publiques du minist\u00e8re de&hellip;\n","protected":false},"author":2,"featured_media":578164,"comment_status":"","ping_status":"","sticky":false,"template":"","format":"standard","meta":{"footnotes":""},"categories":[5],"tags":[11,554,73,1011,27,14,12,931,28],"class_list":{"0":"post-578163","1":"post","2":"type-post","3":"status-publish","4":"format-standard","5":"has-post-thumbnail","7":"category-international","8":"tag-actualites","9":"tag-defense","10":"tag-etats-unis","11":"tag-fr","12":"tag-france","13":"tag-international","14":"tag-news","15":"tag-signal","16":"tag-world"},"share_on_mastodon":{"url":"https:\/\/pubeurope.com\/@fr\/115662854997148346","error":""},"_links":{"self":[{"href":"https:\/\/www.europesays.com\/fr\/wp-json\/wp\/v2\/posts\/578163","targetHints":{"allow":["GET"]}}],"collection":[{"href":"https:\/\/www.europesays.com\/fr\/wp-json\/wp\/v2\/posts"}],"about":[{"href":"https:\/\/www.europesays.com\/fr\/wp-json\/wp\/v2\/types\/post"}],"author":[{"embeddable":true,"href":"https:\/\/www.europesays.com\/fr\/wp-json\/wp\/v2\/users\/2"}],"replies":[{"embeddable":true,"href":"https:\/\/www.europesays.com\/fr\/wp-json\/wp\/v2\/comments?post=578163"}],"version-history":[{"count":0,"href":"https:\/\/www.europesays.com\/fr\/wp-json\/wp\/v2\/posts\/578163\/revisions"}],"wp:featuredmedia":[{"embeddable":true,"href":"https:\/\/www.europesays.com\/fr\/wp-json\/wp\/v2\/media\/578164"}],"wp:attachment":[{"href":"https:\/\/www.europesays.com\/fr\/wp-json\/wp\/v2\/media?parent=578163"}],"wp:term":[{"taxonomy":"category","embeddable":true,"href":"https:\/\/www.europesays.com\/fr\/wp-json\/wp\/v2\/categories?post=578163"},{"taxonomy":"post_tag","embeddable":true,"href":"https:\/\/www.europesays.com\/fr\/wp-json\/wp\/v2\/tags?post=578163"}],"curies":[{"name":"wp","href":"https:\/\/api.w.org\/{rel}","templated":true}]}}