{"id":578171,"date":"2025-12-04T19:07:16","date_gmt":"2025-12-04T19:07:16","guid":{"rendered":"https:\/\/www.europesays.com\/fr\/578171\/"},"modified":"2025-12-04T19:07:16","modified_gmt":"2025-12-04T19:07:16","slug":"a-86-ans-cet-ancien-mineur-portera-encore-la-statue-de-sainte-barbe","status":"publish","type":"post","link":"https:\/\/www.europesays.com\/fr\/578171\/","title":{"rendered":"\u00e0 86 ans, cet ancien mineur portera encore la statue de sainte Barbe"},"content":{"rendered":"<p>Depuis 1996, c\u2019est un rituel que Fernand Fraisse, ancien mineur de fonds, ne manquerait pour rien au monde. Ce samedi 6\u00a0d\u00e9cembre, il va chercher dans son placard son bleu de mineur, sa lampe, son casque et sa ceinture, soigneusement rang\u00e9s. Ceux-l\u00e0 m\u00eames qu\u2019il enfilait lorsqu\u2019il descendait pour travailler au fond du puits Couriot, durant 17 ans.<\/p>\n<p>Ce samedi 6\u00a0d\u00e9cembre, l\u2019ancienne gueule noire, \u00e0 bient\u00f4t 86 ans, portera sur ses \u00e9paules le brancard sur lequel tr\u00f4nera la statue de sainte Barbe, la patronne des mineurs, des pompiers, enfin toutes les corporations qui touchent le feu. \u00ab\u00a0Du parvis de la cath\u00e9drale Saint-Charles jusqu\u2019au puits Couriot, \u00e7a fait une trotte\u00a0\u00bb t\u00e9moigne l\u2019octog\u00e9naire, qui ressent le poids des ann\u00e9es et dont la sant\u00e9 n\u2019est plus ce qu\u2019elle \u00e9tait. \u00ab\u00a0J\u2019ai la silicose,&#8230;<\/p>\n","protected":false},"excerpt":{"rendered":"Depuis 1996, c\u2019est un rituel que Fernand Fraisse, ancien mineur de fonds, ne manquerait pour rien au monde.&hellip;\n","protected":false},"author":2,"featured_media":578172,"comment_status":"","ping_status":"","sticky":false,"template":"","format":"standard","meta":{"footnotes":""},"categories":[9653],"tags":[1111,11,2430,7539,1777,674,107,1011,27,937,3367,12,25,4001,7538,4604,104],"class_list":{"0":"post-578171","1":"post","2":"type-post","3":"status-publish","4":"format-standard","5":"has-post-thumbnail","7":"category-saint-etienne","8":"tag-actu","9":"tag-actualites","10":"tag-auvergne-rhone-alpes","11":"tag-edition-loire-sud","12":"tag-eu","13":"tag-europe","14":"tag-fil-info","15":"tag-fr","16":"tag-france","17":"tag-histoire","18":"tag-loire","19":"tag-news","20":"tag-republique-francaise","21":"tag-saint-etienne","22":"tag-saint-etienne-ville","23":"tag-selection-abonne","24":"tag-societe"},"share_on_mastodon":{"url":"https:\/\/pubeurope.com\/@fr\/115662870610848754","error":""},"_links":{"self":[{"href":"https:\/\/www.europesays.com\/fr\/wp-json\/wp\/v2\/posts\/578171","targetHints":{"allow":["GET"]}}],"collection":[{"href":"https:\/\/www.europesays.com\/fr\/wp-json\/wp\/v2\/posts"}],"about":[{"href":"https:\/\/www.europesays.com\/fr\/wp-json\/wp\/v2\/types\/post"}],"author":[{"embeddable":true,"href":"https:\/\/www.europesays.com\/fr\/wp-json\/wp\/v2\/users\/2"}],"replies":[{"embeddable":true,"href":"https:\/\/www.europesays.com\/fr\/wp-json\/wp\/v2\/comments?post=578171"}],"version-history":[{"count":0,"href":"https:\/\/www.europesays.com\/fr\/wp-json\/wp\/v2\/posts\/578171\/revisions"}],"wp:featuredmedia":[{"embeddable":true,"href":"https:\/\/www.europesays.com\/fr\/wp-json\/wp\/v2\/media\/578172"}],"wp:attachment":[{"href":"https:\/\/www.europesays.com\/fr\/wp-json\/wp\/v2\/media?parent=578171"}],"wp:term":[{"taxonomy":"category","embeddable":true,"href":"https:\/\/www.europesays.com\/fr\/wp-json\/wp\/v2\/categories?post=578171"},{"taxonomy":"post_tag","embeddable":true,"href":"https:\/\/www.europesays.com\/fr\/wp-json\/wp\/v2\/tags?post=578171"}],"curies":[{"name":"wp","href":"https:\/\/api.w.org\/{rel}","templated":true}]}}