{"id":578173,"date":"2025-12-04T19:08:12","date_gmt":"2025-12-04T19:08:12","guid":{"rendered":"https:\/\/www.europesays.com\/fr\/578173\/"},"modified":"2025-12-04T19:08:12","modified_gmt":"2025-12-04T19:08:12","slug":"sandrans-loisirs-et-rencontres-se-porte-bien","status":"publish","type":"post","link":"https:\/\/www.europesays.com\/fr\/578173\/","title":{"rendered":"Sandrans. Loisirs et rencontres se porte bien"},"content":{"rendered":"<p>Mercredi 3\u00a0d\u00e9cembre, Monique Perret pr\u00e9sidait l\u2019assembl\u00e9e g\u00e9n\u00e9rale de Loisirs et rencontres, en remerciant Christian Combe pour ses nombreux services au sein de l\u2019association. L\u2019association compte actuellement 45 adh\u00e9rents. Apr\u00e8s la pr\u00e9sentation du rapport moral, la secr\u00e9taire retra\u00e7ait les manifestations de l\u2019ann\u00e9e \u00e9coul\u00e9e, le tr\u00e9sorier pr\u00e9sentait le bilan financier qui fait appara\u00eetre un solde positif de 430\u00a0euros. Les membres du bureau \u2013 Monique Perret, Robert Grand, B\u00e9atrice Plancard \u2013 ont \u00e9t\u00e9 reconduits dans leur fonction. L\u2019association accueillait Dominique Berthaud, nouvelle adh\u00e9rente.<\/p>\n","protected":false},"excerpt":{"rendered":"Mercredi 3\u00a0d\u00e9cembre, Monique Perret pr\u00e9sidait l\u2019assembl\u00e9e g\u00e9n\u00e9rale de Loisirs et rencontres, en remerciant Christian Combe pour ses nombreux&hellip;\n","protected":false},"author":2,"featured_media":578174,"comment_status":"","ping_status":"","sticky":false,"template":"","format":"standard","meta":{"footnotes":""},"categories":[9635],"tags":[1111,11,28487,6751,1777,674,1011,27,775,1702,12,25,28486,104,1631],"class_list":{"0":"post-578173","1":"post","2":"type-post","3":"status-publish","4":"format-standard","5":"has-post-thumbnail","7":"category-nancy","8":"tag-actu","9":"tag-actualites","10":"tag-chatillon-sur-chalaronne-bassin","11":"tag-edition-ain-ouest","12":"tag-eu","13":"tag-europe","14":"tag-fr","15":"tag-france","16":"tag-grand-est","17":"tag-nancy","18":"tag-news","19":"tag-republique-francaise","20":"tag-sandrans","21":"tag-societe","22":"tag-vie-associative"},"share_on_mastodon":{"url":"https:\/\/pubeurope.com\/@fr\/115662874567538426","error":""},"_links":{"self":[{"href":"https:\/\/www.europesays.com\/fr\/wp-json\/wp\/v2\/posts\/578173","targetHints":{"allow":["GET"]}}],"collection":[{"href":"https:\/\/www.europesays.com\/fr\/wp-json\/wp\/v2\/posts"}],"about":[{"href":"https:\/\/www.europesays.com\/fr\/wp-json\/wp\/v2\/types\/post"}],"author":[{"embeddable":true,"href":"https:\/\/www.europesays.com\/fr\/wp-json\/wp\/v2\/users\/2"}],"replies":[{"embeddable":true,"href":"https:\/\/www.europesays.com\/fr\/wp-json\/wp\/v2\/comments?post=578173"}],"version-history":[{"count":0,"href":"https:\/\/www.europesays.com\/fr\/wp-json\/wp\/v2\/posts\/578173\/revisions"}],"wp:featuredmedia":[{"embeddable":true,"href":"https:\/\/www.europesays.com\/fr\/wp-json\/wp\/v2\/media\/578174"}],"wp:attachment":[{"href":"https:\/\/www.europesays.com\/fr\/wp-json\/wp\/v2\/media?parent=578173"}],"wp:term":[{"taxonomy":"category","embeddable":true,"href":"https:\/\/www.europesays.com\/fr\/wp-json\/wp\/v2\/categories?post=578173"},{"taxonomy":"post_tag","embeddable":true,"href":"https:\/\/www.europesays.com\/fr\/wp-json\/wp\/v2\/tags?post=578173"}],"curies":[{"name":"wp","href":"https:\/\/api.w.org\/{rel}","templated":true}]}}