{"id":578175,"date":"2025-12-04T19:09:17","date_gmt":"2025-12-04T19:09:17","guid":{"rendered":"https:\/\/www.europesays.com\/fr\/578175\/"},"modified":"2025-12-04T19:09:17","modified_gmt":"2025-12-04T19:09:17","slug":"basket-le-portel-sluc-nancy-un-duel-de-semblables-chez-les-espoirs","status":"publish","type":"post","link":"https:\/\/www.europesays.com\/fr\/578175\/","title":{"rendered":"Basket. Le Portel &#8211; SLUC Nancy\u00a0: un duel de semblables chez les espoirs"},"content":{"rendered":"<p>   Le Portel &#8211; SLUC Nancy Ce vendredi, 17h <\/p>\n<p>Les espoirs nanc\u00e9iens s\u2019exportent aussi ce vendredi. Si les joueurs de Pierre Verdi\u00e8re, <a href=\"https:\/\/www.estrepublicain.fr\/sport\/classement\/basket-ball\/national-espoirs-elite\" target=\"_blank\" rel=\"noopener\">actuels 12e,<\/a> n\u2019ont plus gagn\u00e9 depuis le 15\u00a0novembre et n\u2019arrivent toujours pas \u00e0 inscrire une s\u00e9rie positive qui leur ferait du bien au classement, pas mieux du c\u00f4t\u00e9 du Portel.<\/p>\n<p>Les Nordistes, 15e, ont pourtant le m\u00eame nombre de victoires que les Nanc\u00e9iens (2) mais de leur c\u00f4t\u00e9, le succ\u00e8s ne leur a plus tendu les bras depuis presque un mois. D\u2019autant qu\u2019ils ont d\u00e9j\u00e0 une journ\u00e9e suppl\u00e9mentaire au compteur. En tout cas, la m\u00e9fiance sera de mise pour les jeunes Nanc\u00e9iens, surtout autour de Kylian Mpete, le deuxi\u00e8me meilleur marqueur du championnat et Hochea-Francis Monney-Deido, 3e\u00a0 meilleur rebondeur (9). Loin derri\u00e8re, Kany N\u2019Kouka (9.6).<\/p>\n","protected":false},"excerpt":{"rendered":"Le Portel &#8211; SLUC Nancy Ce vendredi, 17h Les espoirs nanc\u00e9iens s\u2019exportent aussi ce vendredi. Si les joueurs&hellip;\n","protected":false},"author":2,"featured_media":578176,"comment_status":"","ping_status":"","sticky":false,"template":"","format":"standard","meta":{"footnotes":""},"categories":[9635],"tags":[1111,11,1791,1704,1777,674,1011,27,775,1702,1703,12,25,11567,517,1700],"class_list":{"0":"post-578175","1":"post","2":"type-post","3":"status-publish","4":"format-standard","5":"has-post-thumbnail","7":"category-nancy","8":"tag-actu","9":"tag-actualites","10":"tag-basket-ball","11":"tag-edition-nancy-et-agglomeration","12":"tag-eu","13":"tag-europe","14":"tag-fr","15":"tag-france","16":"tag-grand-est","17":"tag-nancy","18":"tag-nancy-ville-54b","19":"tag-news","20":"tag-republique-francaise","21":"tag-sluc","22":"tag-sport","23":"tag-sport-lorrain"},"share_on_mastodon":{"url":"https:\/\/pubeurope.com\/@fr\/115662878419023292","error":""},"_links":{"self":[{"href":"https:\/\/www.europesays.com\/fr\/wp-json\/wp\/v2\/posts\/578175","targetHints":{"allow":["GET"]}}],"collection":[{"href":"https:\/\/www.europesays.com\/fr\/wp-json\/wp\/v2\/posts"}],"about":[{"href":"https:\/\/www.europesays.com\/fr\/wp-json\/wp\/v2\/types\/post"}],"author":[{"embeddable":true,"href":"https:\/\/www.europesays.com\/fr\/wp-json\/wp\/v2\/users\/2"}],"replies":[{"embeddable":true,"href":"https:\/\/www.europesays.com\/fr\/wp-json\/wp\/v2\/comments?post=578175"}],"version-history":[{"count":0,"href":"https:\/\/www.europesays.com\/fr\/wp-json\/wp\/v2\/posts\/578175\/revisions"}],"wp:featuredmedia":[{"embeddable":true,"href":"https:\/\/www.europesays.com\/fr\/wp-json\/wp\/v2\/media\/578176"}],"wp:attachment":[{"href":"https:\/\/www.europesays.com\/fr\/wp-json\/wp\/v2\/media?parent=578175"}],"wp:term":[{"taxonomy":"category","embeddable":true,"href":"https:\/\/www.europesays.com\/fr\/wp-json\/wp\/v2\/categories?post=578175"},{"taxonomy":"post_tag","embeddable":true,"href":"https:\/\/www.europesays.com\/fr\/wp-json\/wp\/v2\/tags?post=578175"}],"curies":[{"name":"wp","href":"https:\/\/api.w.org\/{rel}","templated":true}]}}