{"id":578181,"date":"2025-12-04T19:12:25","date_gmt":"2025-12-04T19:12:25","guid":{"rendered":"https:\/\/www.europesays.com\/fr\/578181\/"},"modified":"2025-12-04T19:12:25","modified_gmt":"2025-12-04T19:12:25","slug":"cinq-temps-forts-a-montpellier-ce-week-end-du-show-xxl-de-m-pokora-au-cine-concert-naruto-en-passant-par-ange-marine-et-le-marche-des-potiers","status":"publish","type":"post","link":"https:\/\/www.europesays.com\/fr\/578181\/","title":{"rendered":"Cinq temps forts \u00e0 Montpellier ce week-end\u00a0: du show XXL de M. Pokora au cin\u00e9-concert Naruto en passant par Ange, Marine, et le March\u00e9 des potiers"},"content":{"rendered":"<p>\n                                                                Port\u00e9es par une actualit\u00e9 culturelle dense \u00e0 Montpellier, les tourn\u00e9es de M. Pokora, d\u2019Ange et de Marine, ainsi que le Naruto Shippuden Symphonic Experience et le march\u00e9 des potiers, rythment ce premier week-end de d\u00e9cembre, entre grands concerts, h\u00e9ritage rock, sc\u00e8ne \u00e9mergente, spectacle immersif et savoir-faire artisanal.\n                            <\/p>\n<p>M.Pokora \u2013 Adrenaline Tour<\/p>\n<p>                    <img decoding=\"async\" class=\"responsive-img\" src=\"https:\/\/www.europesays.com\/fr\/wp-content\/uploads\/2025\/12\/1764875541_221_hqdefault.jpg\"\/><br \/>\n                <a class=\"stretched-link\" href=\"#paywall\" rel=\"js-anchor\"><\/p>\n<p>        <\/a><\/p>\n<p>Apr\u00e8s avoir f\u00eat\u00e9 ses 20 ans de carri\u00e8re, M.\u00a0Pokora relance la machine cette ann\u00e9e avec l\u2019Adr\u00e9naline Tour, qui se nourrit des grandes salles du territoire. On peut compter sur l\u2019artiste le plus r\u00e9compens\u00e9 aux NRJ Music Awards pour en mettre plein la vue\u00a0: sa musique, bien s\u00fbr, mais aussi la danse avec des chor\u00e9graphies calibr\u00e9es, sans oublier une mise en sc\u00e8ne et une sc\u00e9nographie ambitieuses. Apr\u00e8s son virage assum\u00e9 vers une esth\u00e9tique pop\/\u00e9lectro 80\u2019s, le chanteur entend associer des kilowatts de lumi\u00e8re pour cr\u00e9er des atmosph\u00e8res vari\u00e9es, de l\u2019\u00e9nergie collective \u00e0 l\u2019intimit\u00e9 artistique.<\/p>\n<p>Vendredi 5\u00a0d\u00e9cembre. Sud de France Arena, route de la Foire, P\u00e9rols. Tarif\u00a0: entre 49 et 95\u00a0\u20ac.<\/p>\n<p>Un nouvel Ange<\/p>\n<p>                    <img decoding=\"async\" class=\"responsive-img\" src=\"https:\/\/www.europesays.com\/fr\/wp-content\/uploads\/2025\/12\/1764875541_981_hqdefault.jpg\"\/><br \/>\n                <a class=\"stretched-link\" href=\"#paywall\" rel=\"js-anchor\"><\/p>\n<p>        <\/a><\/p>\n<p>Plus de 55 ans d\u2019existence. Si l\u2019on excepte une courte interruption \u00e0 la fin des ann\u00e9es 90, Ange, l\u2019un des groupes mythiques du rock progressif fran\u00e7ais, est sur sc\u00e8ne depuis 1969. Certains affirment que c\u2019est l\u2019un des groupes hexagonaux les plus anciens encore en activit\u00e9. Il ne faut pas pour autant imaginer un groupe de vieillards. Jusqu\u2019au d\u00e9but de l\u2019ann\u00e9e 2025, Christian D\u00e9camps \u00e9tait le seul repr\u00e9sentant de la formation originelle. En 1999, quelques ann\u00e9es apr\u00e8s la rupture, il a refond\u00e9 le groupe d\u2019origine franc-comtoise avec son fils Tristan et d\u2019autres musiciens toujours pr\u00e9sents, avant de quitter \u00e0 son tour la sc\u00e8ne apr\u00e8s une tourn\u00e9e d\u2019adieu.<br \/>La tourn\u00e9e \u00ab\u00a0Quitter la meute\u00a0\u00bb, qui passe par Montpellier, marque donc un nouvel \u00e9lan pour Ange. Elle est pr\u00e9sent\u00e9e comme un hommage vibrant \u00e0 l\u2019h\u00e9ritage du groupe tout en incarnant la promesse de la continuit\u00e9. On peut \u00e9videmment compter sur Tristan D\u00e9camps pour reprendre le flambeau. Habitu\u00e9 depuis longtemps \u00e0 accompagner la formation, il en devient aujourd\u2019hui le visage et la voix, d\u00e9cid\u00e9 \u00e0 prolonger l\u2019aventure tout en y insufflant sa propre identit\u00e9. La sortie r\u00e9cente de l\u2019album Cun\u00e9gonde (septembre\u00a02025) a donn\u00e9 le ton en m\u00ealant compositions anciennes et nouvelles, associant l\u2019esprit progressif et po\u00e9tique d\u2019Ange \u00e0 un son renouvel\u00e9.<\/p>\n<p>Dimanche 7\u00a0d\u00e9cembre \u00e0 18\u00a0h. Rockstore, 20 rue de Verdun, Montpellier. Tarif\u00a0: 32\u00a0\u20ac.<\/p>\n<p>Le march\u00e9 des potiers<\/p>\n<p>        <img decoding=\"async\" class=\"std-img__img responsive-img\" src=\"https:\/\/www.europesays.com\/fr\/wp-content\/uploads\/2025\/12\/1764875544_84_image.jpg\" alt=\"Des boules de No\u00ebl en fa\u00efence.\"\/><\/p>\n<p>                Des boules de No\u00ebl en fa\u00efence.<\/p>\n<p>Art de la table, d\u00e9coration, sculptures ou encore bijoux\u00a0: une trentaine de ma\u00eetres potiers pr\u00e9senteront leurs cr\u00e9ations lors de la 30e \u00e9dition du march\u00e9 des potiers aux Matelles. Deux jours pour en prendre plein les yeux et, pourquoi pas, trouver des cadeaux originaux et artisanaux \u00e0 glisser sous le sapin. Diff\u00e9rentes techniques seront \u00e0 l\u2019\u0153uvre (gr\u00e8s, porcelaine, raku, terre verniss\u00e9e). Des animations rythmeront le week-end, de 10\u00a0h \u00e0 12\u00a0h et de 13\u00a0h\u00a030 \u00e0 16\u00a0h.<\/p>\n<p>Samedi 6\u00a0d\u00e9cembre de 10\u00a0h \u00e0 19\u00a0h\u00a0; dimanche 7\u00a0d\u00e9cembre de 10\u00a0h \u00e0 18\u00a0h. Place de la Mairie, Les Matelles. Entr\u00e9e libre.<\/p>\n<p>Marine<\/p>\n<p>                    <img decoding=\"async\" class=\"responsive-img\" src=\"https:\/\/www.europesays.com\/fr\/wp-content\/uploads\/2025\/12\/1764875544_803_hqdefault.jpg\"\/><br \/>\n                <a class=\"stretched-link\" href=\"#paywall\" rel=\"js-anchor\"><\/p>\n<p>        <\/a><\/p>\n<p>Gagnante de la 12\u1d49 saison de la Star Academy en 2025, Marine Delplace profite d\u00e9j\u00e0 d\u2019une longue tourn\u00e9e. L\u2019ancienne \u00e9tudiante en chirurgie dentaire a choisi de se consacrer pleinement \u00e0 la musique en sortant, fin juin\u00a02025, son premier album solo, intitul\u00e9 C\u0153ur Maladroit. Un opus personnel, sinc\u00e8re, m\u00ealant sensibilit\u00e9, \u00e9motions et \u00e9criture directe. Le single Ma faute est rapidement devenu un tube.<br \/>Sur cette tourn\u00e9e, Marine mise autant sur l\u2019interpr\u00e9tation que sur l\u2019ambiance. Elle propose des chansons r\u00e9arrang\u00e9es pour la sc\u00e8ne qui ont fa\u00e7onn\u00e9 son identit\u00e9 artistique\u00a0: ballades introspectives, rythmiques pop plus affirm\u00e9es, reprises choisies et quelques in\u00e9dits annon\u00e7ant la suite de sa carri\u00e8re.<\/p>\n<p>Dimanche 7\u00a0d\u00e9cembre \u00e0 18\u00a0h. Corum, Esplanade Charles de Gaulle, Montpellier. Tarif\u00a0: 45 \u00e0 65\u00a0\u20ac.<\/p>\n<p>Naruto Shippuden Symphonic Experience (part I)<\/p>\n<p>                    <img decoding=\"async\" class=\"responsive-img\" src=\"https:\/\/www.europesays.com\/fr\/wp-content\/uploads\/2025\/12\/1764875545_578_hqdefault.jpg\"\/><br \/>\n                <a class=\"stretched-link\" href=\"#paywall\" rel=\"js-anchor\"><\/p>\n<p>        <\/a><\/p>\n<p>C\u2019est l\u2019une des s\u00e9ries d\u2019animation japonaises les plus connues et appr\u00e9ci\u00e9es dans le monde, avec des millions de fans \u00e0 travers la plan\u00e8te. Elle fait l\u2019objet d\u2019un spectacle \u00e0 travers l\u2019Europe\u00a0: Naruto Shippuden Symphonic Experience (part I). Con\u00e7u comme un cin\u00e9-concert immersif dans l\u2019univers du jeune ninja blond, le spectacle propose un montage d\u2019\u00e9pisodes embl\u00e9matiques projet\u00e9s sur grand \u00e9cran, accompagn\u00e9s des musiques originales r\u00e9interpr\u00e9t\u00e9es avec puissance et finesse, m\u00ealant compositions orchestrales, sonorit\u00e9s traditionnelles japonaises et influences pop\/rock. Percussions, cordes et arrangements contemporains cr\u00e9ent un paysage sonore fid\u00e8le \u00e0 l\u2019\u0153uvre tout en la sublimant. Il y en a pour les yeux et pour les oreilles. Entre nostalgie, virtuosit\u00e9 musicale et \u00e9motion collective, Naruto Shippuden Symphonic Experience offre une nouvelle fa\u00e7on de revivre l\u2019\u0153uvre qui a marqu\u00e9 une g\u00e9n\u00e9ration.<\/p>\n<p>Dimanche 7\u00a0d\u00e9cembre \u00e0 16\u00a0h. Z\u00e9nith Sud, 2\u00a0733 avenue Albert Einstein, Montpellier. Tarif\u00a0: de 34 \u00e0 72\u00a0\u20ac.<\/p>\n<p data-is-last-node=\"\" data-is-only-node=\"\">\u00a0<\/p>\n","protected":false},"excerpt":{"rendered":"Port\u00e9es par une actualit\u00e9 culturelle dense \u00e0 Montpellier, les tourn\u00e9es de M. Pokora, d\u2019Ange et de Marine, ainsi&hellip;\n","protected":false},"author":2,"featured_media":578182,"comment_status":"","ping_status":"","sticky":false,"template":"","format":"standard","meta":{"footnotes":""},"categories":[9599],"tags":[1111,11,872,1777,674,1011,27,7089,2208,12,2680,25],"class_list":{"0":"post-578181","1":"post","2":"type-post","3":"status-publish","4":"format-standard","5":"has-post-thumbnail","7":"category-montpellier","8":"tag-actu","9":"tag-actualites","10":"tag-culture-et-loisirs","11":"tag-eu","12":"tag-europe","13":"tag-fr","14":"tag-france","15":"tag-herault","16":"tag-montpellier","17":"tag-news","18":"tag-occitanie","19":"tag-republique-francaise"},"share_on_mastodon":{"url":"https:\/\/pubeurope.com\/@fr\/115662891957028879","error":""},"_links":{"self":[{"href":"https:\/\/www.europesays.com\/fr\/wp-json\/wp\/v2\/posts\/578181","targetHints":{"allow":["GET"]}}],"collection":[{"href":"https:\/\/www.europesays.com\/fr\/wp-json\/wp\/v2\/posts"}],"about":[{"href":"https:\/\/www.europesays.com\/fr\/wp-json\/wp\/v2\/types\/post"}],"author":[{"embeddable":true,"href":"https:\/\/www.europesays.com\/fr\/wp-json\/wp\/v2\/users\/2"}],"replies":[{"embeddable":true,"href":"https:\/\/www.europesays.com\/fr\/wp-json\/wp\/v2\/comments?post=578181"}],"version-history":[{"count":0,"href":"https:\/\/www.europesays.com\/fr\/wp-json\/wp\/v2\/posts\/578181\/revisions"}],"wp:featuredmedia":[{"embeddable":true,"href":"https:\/\/www.europesays.com\/fr\/wp-json\/wp\/v2\/media\/578182"}],"wp:attachment":[{"href":"https:\/\/www.europesays.com\/fr\/wp-json\/wp\/v2\/media?parent=578181"}],"wp:term":[{"taxonomy":"category","embeddable":true,"href":"https:\/\/www.europesays.com\/fr\/wp-json\/wp\/v2\/categories?post=578181"},{"taxonomy":"post_tag","embeddable":true,"href":"https:\/\/www.europesays.com\/fr\/wp-json\/wp\/v2\/tags?post=578181"}],"curies":[{"name":"wp","href":"https:\/\/api.w.org\/{rel}","templated":true}]}}