{"id":578185,"date":"2025-12-04T19:14:13","date_gmt":"2025-12-04T19:14:13","guid":{"rendered":"https:\/\/www.europesays.com\/fr\/578185\/"},"modified":"2025-12-04T19:14:13","modified_gmt":"2025-12-04T19:14:13","slug":"entre-chantage-au-suicide-et-rapports-sexuels-avec-des-eleves-un-prof-condamne","status":"publish","type":"post","link":"https:\/\/www.europesays.com\/fr\/578185\/","title":{"rendered":"entre chantage au suicide et rapports sexuels avec des \u00e9l\u00e8ves, un prof condamn\u00e9"},"content":{"rendered":"<p>                    Par<br \/>\n        <strong><br \/>\n            <a href=\"https:\/\/actu.fr\/auteur\/adrien-filoche\" title=\"Consulter tous les articles de Adrien Filoche\" target=\"_blank\" rel=\"noopener\">Adrien Filoche<\/a><br \/>\n                    <\/strong><\/p>\n<p>        Publi\u00e9 le<\/p>\n<p>            4 d\u00e9c. 2025 \u00e0 19h47        <\/p>\n<p>Aujourd\u2019hui suspendu par l\u2019\u00c9ducation nationale, un professeur de 54\u00a0ans dans un lyc\u00e9e de l\u2019agglom\u00e9ration de <a href=\"https:\/\/actu.fr\/normandie\/rouen_76540\" target=\"_blank\" rel=\"noopener\">Rouen<\/a> est accus\u00e9 par trois de ses anciennes \u00e9l\u00e8ves (mineures de plus de 15\u00a0ans lors de faits) <strong>d\u2019atteintes sexuelles.<\/strong> Dans cette affaire, dont l\u2019audience s\u2019est tenue le 4\u00a0d\u00e9cembre 2025 au <a href=\"https:\/\/actu.fr\/tag\/tribunal-de-rouen\" target=\"_blank\" rel=\"noopener\">tribunal de Rouen<\/a>, le pr\u00e9venu est une figure bien connue dans la m\u00e9tropole puisqu\u2019il est militant engag\u00e9 pour la cause environnementale. Dans le dossier, qui retrace des <strong>relations d\u2019emprise<\/strong>, des <strong>chantages<\/strong> <strong>au suicide<\/strong> et un contexte d\u2019hypersexualisation, on retrouve trois jeunes femmes au profil similaire\u2009:<strong> des vuln\u00e9rabilit\u00e9s et des fragilit\u00e9s<\/strong>, tenues par des contextes familiaux difficiles.<\/p>\n<p>Trois victimes, trois jeunes filles fragiles et vuln\u00e9rables<\/p>\n<p class=\" wall-content\">Retour sur les faits. Avec Coralie*, aujourd\u2019hui \u00e2g\u00e9 de 23\u00a0ans, le professeur d\u2019histoire-g\u00e9o entretient une relation pendant plusieurs ann\u00e9es, qui d\u00e9bute lorsqu\u2019elle est en premi\u00e8re.<\/p>\n<p class=\" wall-content\">Interrog\u00e9e sur son consentement dans la nature de leur relation sexuelle, elle confie dans le dossier\u2009: \u00ab\u2009Il \u00e9tait demandeur. Moi, c\u2019\u00e9tait mon premier amour et j\u2019\u00e9tais stress\u00e9e\u2009\u00bb. Elle d\u00e9crit par ailleurs plusieurs sc\u00e8nes. Dans l\u2019une, le professeur lui impose une p\u00e9n\u00e9tration anale, \u00ab\u2009j\u2019ai eu tr\u00e8s mal. j\u2019ai pleur\u00e9 et j\u2019avais tr\u00e8s mal. Il a continu\u00e9 jusqu\u2019\u00e0 la fin\u2009\u00bb. Dans une autre, elle raconte avoir refus\u00e9 un rapport et avoir re\u00e7u des coups au ventre en retour. Leur relation dure entre 2019 et 2024.<\/p>\n<p class=\" wall-content\">Puis, le sch\u00e9ma se r\u00e9p\u00e8te sur l\u2019ann\u00e9e scolaire 2024\/2025 avec Aur\u00e9lie*, 17\u00a0ans, puis Jasmine*, 16\u00a0ans, en 2025, alors qu\u2019il enseignait dans un autre lyc\u00e9e.<\/p>\n<p class=\" wall-content\">Avec chacune, il marque le premier pas dans la relation et entreprend les rapports sexuels. \u00c0 chaque fois, il ach\u00e8te des t\u00e9l\u00e9phones portables afin de contourner les interdictions parentales et pouvoir continuer \u00e0 \u00e9changer avec elles.<\/p>\n<blockquote class=\"ac-article-quote wall-content\">\n<p>Il tisse sa toile aupr\u00e8s des victimes, qu\u2019il ne choisit pas par hasard.<\/p>\n<p>    <strong>L&rsquo;avocate de Coralie<\/strong>\n            <\/p><\/blockquote>\n<p class=\" wall-content\">\u00ab\u2009Vous savez qu\u2019il ne faut pas que les parents en aient connaissance\u2009?\u2009\u00bb, interroge la procureure de la R\u00e9publique. \u00ab\u2009Je ne peux pas vous contredire. Dans le cas d\u2019Aur\u00e9lie, sa grand-m\u00e8re voulait restreindre ses communications t\u00e9l\u00e9phoniques. C\u2019est pour compenser que je lui ai propos\u00e9 ce t\u00e9l\u00e9phone. Pour Jasmine, c\u2019est un sch\u00e9ma identique.\u2009\u00bb M\u00eame situation pour Coralie.<\/p>\n<p>Votre r\u00e9gion, votre actu !<\/p>\n<p>Recevez chaque jour les infos qui comptent pour vous.<\/p>\n<p>\t<a href=\"https:\/\/actu.fr\/newsletter\" class=\"ac-btn ac-btn--corner ac-btn--medium ac-btn--blue800\" target=\"_blank\" rel=\"noopener\">S&rsquo;incrire<\/a><\/p>\n<p class=\" wall-content\">Les jeunes femmes, qui ont toutes les trois eu des relations sexuelles, reconnaissent aujourd\u2019hui avoir \u00e9t\u00e9<strong> sous l\u2019emprise de leur professeur.<\/strong><\/p>\n<p class=\" wall-content\">\u00ab\u2009Je disais oui, mais au final, je savais qu\u2019il ne fallait pas\u2009\u00bb, confie Jasmine. Au d\u00e9but, lorsque l\u2019histoire de leur relation est remont\u00e9e aux oreilles de son p\u00e8re, Aur\u00e9lie ne voulait pas d\u00e9poser plainte contre le professeur. \u00ab\u2009Elle n\u2019a pas imm\u00e9diatement pris conscience de ce qui lui est arriv\u00e9. Elle a \u00e9t\u00e9 enferm\u00e9e dans cette relation malsaine, elle a servi d\u2019objet sexuel\u2009\u00bb, souligne son avocate.<\/p>\n<p>Il reconna\u00eet des relations \u00ab\u2009impropres\u2009\u00bb<\/p>\n<p class=\" wall-content\">Face au tribunal, le pr\u00e9venu se d\u00e9fend et \u00e9voque pour chacun des cas des relations consenties. Toutefois, <strong>il reconna\u00eet la nature \u00ab\u2009impropre\u2009\u00bb de ces relations.<\/strong> \u00ab\u2009J\u2019ai souffert d\u2019une \u00e9rosion du jugement qui m\u2019a amen\u00e9 \u00e0 oublier les devoirs de ma charge de professeur et l\u2019\u00e9cart d\u2019\u00e2ge. J\u2019ai per\u00e7u ces jeunes filles comme des adultes et non des adolescentes en devenir, sans prendre conscience des cons\u00e9quences de mes actes\u2009\u00bb, livre-t-il, les mains tremblantes.<\/p>\n<p>Majorit\u00e9 sexuelle et position d&rsquo;autorit\u00e9, que dit la loi ?<\/p>\n<p>En France, l\u2019\u00e2ge de la majorit\u00e9 sexuelle, c\u2019est-\u00e0-dire l\u2019\u00e2ge en dessous duquel la loi consid\u00e8re qu\u2019un majeur ne peut l\u00e9galement avoir de relations sexuelles avec un mineur, est fix\u00e9 \u00e0 15 ans. Mais la situation change d\u00e8s lors que l\u2019adulte est en position d\u2019autorit\u00e9 (professeur, \u00e9ducateur, etc.). La relation est alors interdite par la loi et peut \u00eatre punie.<\/p>\n<p class=\" wall-content\">Avec Coralie, il consid\u00e8re qu\u2019il a form\u00e9 un couple\u2009: \u00ab\u2009Je voulais construire un m\u00e9nage durable. [\u2026] C\u2019est devenu ma compagne d\u00e8s 2019 alors qu\u2019elle \u00e9tait lyc\u00e9enne, ce qui \u00e9tait une faute\u2009\u00bb, reconna\u00eet-il toutefois. Une fois leur relation \u00e9tablie, la jeune femme est pr\u00e9sent\u00e9e \u00e0 ses enfants, dont sa fille, \u00e2g\u00e9e presque du m\u00eame \u00e2ge qu\u2019elle.<\/p>\n<p class=\" wall-content\">Un des avocats de la d\u00e9fense lui demande si cette relation est remont\u00e9e aux oreilles du proviseur du lyc\u00e9e. Il r\u00e9pond\u2009: \u00ab\u2009Il y a une enqu\u00eate de la vie scolaire qui nous a auditionn\u00e9s tous les deux. Nous avons r\u00e9pondu que nous \u00e9tions amis et l\u2019affaire a \u00e9t\u00e9 class\u00e9e\u2009\u00bb.<\/p>\n<p class=\" wall-content\">Apr\u00e8s la fin de sa relation avec Coralie, il assume avoir essay\u00e9 de renouer des relations qu\u2019ils qualifient aujourd\u2019hui face \u00e0 la barre d\u2019\u00ab\u2009impropres, irr\u00e9guli\u00e8res, ill\u00e9gales\u2009\u00bb.<\/p>\n<p class=\" wall-content\">Avec Aur\u00e9lie, \u00ab\u2009ce qui devait \u00eatre une relation de complicit\u00e9 est devenu une relation amoureuse. [\u2026] Nous savions que nous faisons quelque chose qui n\u2019est pas admis par la loi et la morale\u2009\u00bb, conc\u00e8de pourtant l\u2019ancien professeur. Il recommence pourtant, avec Jasmine.<\/p>\n<p>Une relation d\u2019emprise et de chantage<\/p>\n<p class=\" wall-content\">Les stigmates de ces p\u00e9riodes pour les jeunes femmes sont nombreux. \u00ab\u2009<strong>Des crises d\u2019angoisse<\/strong> ont d\u00e9but\u00e9 lors de notre relation. Je n\u2019avais plus aucune estime de moi. Je donnais tout par peur de le d\u00e9cevoir, de ne pas \u00eatre assez bonne pour lui, notamment dans le domaine sexuel\u2009\u00bb, livre Coralie. Et d\u2019ajouter\u2009: \u00ab\u2009C\u2019\u00e9tait ma premi\u00e8re relation, je n\u2019avais eu aucune relation.<strong> Je n\u2019ai pas pu construire une sexualit\u00e9 saine.<\/strong> J\u2019ai beaucoup de mal \u00e0 m\u2019affirmer, \u00e0 savoir dire non\u2009\u00bb.<\/p>\n<blockquote class=\"ac-article-quote wall-content\">\n<p>Mes notes ont grimp\u00e9 entre la seconde et la premi\u00e8re. Il ne regardait plus le contenu de la copie, il regardait juste le nom.<\/p>\n<p>    <strong>Coralie<\/strong>\n            <\/p><\/blockquote>\n<p class=\" wall-content\">Suite \u00e0 leur s\u00e9paration, la jeune femme a entam\u00e9<strong> un suivi psychologique.<\/strong> Elle \u00e9voque notamment des<strong> troubles du sommeil.<\/strong> \u00ab\u2009Il est la figure de mes cauchemars, de mes terreurs nocturnes. Je ne suis pas gu\u00e9rie de cette relation et je ne le serai probablement jamais\u2009\u00bb, t\u00e9moigne-t-elle. Pourtant, avant m\u00eame que leur relation ne d\u00e9bute, elle le consid\u00e9rait comme un mod\u00e8le, \u00ab\u2009un p\u00e8re id\u00e9al\u2009\u00bb.<\/p>\n<blockquote class=\"ac-article-quote wall-content\">\n<p>J&rsquo;ai essay\u00e9 \u00e0 plusieurs reprises prendre mes distances. Mais il m\u2019a fait un chantage au suicide.\n<\/p>\n<p>    <strong>Aur\u00e9lie<\/strong>\n            <\/p><\/blockquote>\n<p class=\" wall-content\">De son c\u00f4t\u00e9, Aur\u00e9lie a reconnu devant le tribunal avoir menti \u00e0 la police la premi\u00e8re fois qu\u2019elle a \u00e9t\u00e9 interrog\u00e9e afin de le prot\u00e9ger, en justifiant\u2009: \u00ab\u2009Il me parlait quotidiennement de son angoisse d\u2019aller en prison\u2009\u00bb.<\/p>\n<p class=\" wall-content\">Lorsqu\u2019elle est alert\u00e9e par Coralie en avril\u00a02025, Aur\u00e9lie d\u00e9fend le professeur et demande \u00e0 la premi\u00e8re victime de retirer sa plainte. Conscience aujourd\u2019hui de l\u2019emprise qu\u2019il exer\u00e7ait sur elle, elle confie\u2009: \u00ab\u2009Il m\u2019a fallu du recul pour prendre conscience de ce qui m\u2019est arriv\u00e9. \u00catre coup\u00e9e de lui m\u2019a fait prendre conscience de la nature de la relation que nous entretenions\u2009\u00bb.<\/p>\n<p class=\" wall-content\">Dans un \u00e9lan de sororit\u00e9, Aur\u00e9lie a \u00e0 son tour mis en garde Jasmine, comme Coralie l\u2019avait fait avec elle, en signalant la relation entre Jasmine et son professeur au lyc\u00e9e.<\/p>\n<p>\u00ab\u2009Je n\u2019ai pas pris conscience de la gravit\u00e9 de mes actes\u2009\u00bb<\/p>\n<p class=\" wall-content\">Face \u00e0 ces accusations, le pr\u00e9venu reconna\u00eet l\u2019ensemble des faits qui lui sont reproch\u00e9s. \u00ab\u2009J\u2019avoue que je n\u2019ai pas pris conscience de la gravit\u00e9 de mes actes\u2009\u00bb, assure-t-il.<\/p>\n<p class=\" wall-content\">Dans son examen de personnalit\u00e9, d\u00e9taill\u00e9 lors de l\u2019audience, le pr\u00e9sident de la cour pr\u00e9sente un homme, p\u00e8re de trois enfants, divorc\u00e9 et s\u00e9par\u00e9 en 2019 et qui est tomb\u00e9 amoureux d\u2019une autre personne, en l\u2019occurrence Coralie. En 2020, alors qu\u2019il poursuit sa relation avec Coralie, son \u00e9l\u00e8ve, il perd l\u2019un de ses fils d\u2019une maladie.<\/p>\n<p class=\" wall-content\">\u00ab\u2009\u00c0 la mort de mon fils, j\u2019ai totalement d\u00e9compens\u00e9, confie-t-il en sanglot. Pendant l\u2019automne, mon \u00e9tat s\u2019est d\u00e9grad\u00e9. J\u2019ai consult\u00e9 un psychiatre. Il a diagnostiqu\u00e9 une bipolarit\u00e9 de type 2. Je suis sous lithium, comme tous les bipolaires\u2009\u00bb, explique-t-il face \u00e0 la cour.<\/p>\n<p class=\" wall-content\">L\u2019avocat de Jasmine souligne \u00ab\u2009le mode op\u00e9ratoire\u2009\u00bb par laquelle sa cliente a \u00e9t\u00e9 aveugl\u00e9e, le m\u00eame utilis\u00e9 pour Coralie et Aur\u00e9lie. Le cas de sa cliente \u00e9tant le plus r\u00e9cent (les faits datent de seulement quelques semaines), il demande un renvoi sur int\u00e9r\u00eat civil\u2009: \u00ab\u2009Je n\u2019ai rien pour le moment qui permet de rendre compte du pr\u00e9judice subi par ma cliente.\u2009\u00bb<\/p>\n<p>Quatre ans d\u2019emprisonnement<\/p>\n<p class=\" wall-content\">Au cours de son r\u00e9quisitoire, la procureure de la R\u00e9publique qualifie alors \u00ab\u2009des faits inadmissibles\u2009\u00bb, et ajoute\u2009: \u00ab\u2009Il d\u00e9truit des jeunes femmes, il n\u2019a aucune empathie pour ses victimes\u2009\u00bb. Face au pr\u00e9sident de la cour, le minist\u00e8re public demande une condamnation de quatre ans d\u2019emprisonnement, dont un an avec un sursis probatoire de trois ans, et une peine compl\u00e9mentaire d\u2019interdiction d\u2019exercer une activit\u00e9 au contact de mineurs et ce d\u00e9finitivement.<\/p>\n<p class=\" wall-content\">L\u2019avocat de la d\u00e9fense d\u00e9plore quant \u00e0 lui un dossier qui \u00ab\u2009n\u2019est pas en \u00e9tat\u2009\u00bb. Le p\u00e9naliste estime un manque sur les expertises psychiatriques et psychologiques, que ce soit pour son client ou les victimes. Concernant le pr\u00e9venu, il \u00e9voque une \u00ab\u2009descente aux enfers\u2009\u00bb v\u00e9cue depuis son incarc\u00e9ration. \u00ab\u2009On est en face d\u2019une personne extr\u00eamement fragile et ce n\u2019est pas victimiser mon client de dire \u00e7a\u2009\u00bb, soutient l\u2019avocat. Il r\u00e9clame alors une peine qui puisse permettre d\u2019ouvrir la voie \u00e0 sa r\u00e9insertion.<\/p>\n<p class=\" wall-content\">Le tribunal de Rouen a d\u00e9clar\u00e9 le professeur coupable et condamn\u00e9 <strong>\u00e0 quatre ans d\u2019emprisonnement<\/strong> dont un an avec sursis probatoire de deux ans. Il devra par ailleurs suivre des soins psychologiques et psychiatriques. De plus, son maintien en d\u00e9tention a \u00e9t\u00e9 prononc\u00e9, ainsi qu\u2019une <strong>interdiction d\u00e9finitive d\u2019exercer des activit\u00e9s professionnelles ou b\u00e9n\u00e9voles avec des mineurs.<\/strong><\/p>\n<p>*Les pr\u00e9noms ont \u00e9t\u00e9 modifi\u00e9s afin de conserver l\u2019anonymat des victimes<\/p>\n<p>Suivez l\u2019actualit\u00e9 de Rouen sur <a href=\"https:\/\/www.whatsapp.com\/channel\/0029VaKfnf99hXF2ddApFB1D\" target=\"_blank\" rel=\"noopener\">notre cha\u00eene WhatsApp<\/a> et sur <a href=\"https:\/\/www.tiktok.com\/@76actu.fr?lang=fr\" target=\"_blank\" rel=\"noopener\">notre compte TikTok<\/a><\/p>\n<p class=\" wall-content\">Personnalisez votre actualit\u00e9 en ajoutant vos villes et m\u00e9dias en favori avec <a href=\"https:\/\/moncompte.actu.fr\" title=\"D\u00e9couvez Mon Actu\" rel=\"nofollow noopener\" data-trk=\"{&quot;cta&quot;:{&quot;action&quot;:&quot;https:\\\/\\\/moncompte.actu.fr&quot;,&quot;category&quot;:&quot;mon compte&quot;,&quot;from&quot;:&quot;article footer&quot;,&quot;name&quot;:&quot;Mon actu&quot;,&quot;type&quot;:&quot;cta&quot;}}\" target=\"_blank\">Mon Actu<\/a>.<\/p>\n<p>                    <script async src=\"\/\/www.tiktok.com\/embed.js\"><\/script><\/p>\n","protected":false},"excerpt":{"rendered":"Par Adrien Filoche Publi\u00e9 le 4 d\u00e9c. 2025 \u00e0 19h47 Aujourd\u2019hui suspendu par l\u2019\u00c9ducation nationale, un professeur de&hellip;\n","protected":false},"author":2,"featured_media":578186,"comment_status":"","ping_status":"","sticky":false,"template":"","format":"standard","meta":{"footnotes":""},"categories":[9587],"tags":[1111,11,1057,1777,674,118,1011,27,303,12,5161,25,9590,13682],"class_list":{"0":"post-578185","1":"post","2":"type-post","3":"status-publish","4":"format-standard","5":"has-post-thumbnail","7":"category-rouen","8":"tag-actu","9":"tag-actualites","10":"tag-education","11":"tag-eu","12":"tag-europe","13":"tag-faits-divers","14":"tag-fr","15":"tag-france","16":"tag-justice","17":"tag-news","18":"tag-normandie","19":"tag-republique-francaise","20":"tag-rouen","21":"tag-tribunal-de-rouen"},"share_on_mastodon":{"url":"https:\/\/pubeurope.com\/@fr\/115662898107538969","error":""},"_links":{"self":[{"href":"https:\/\/www.europesays.com\/fr\/wp-json\/wp\/v2\/posts\/578185","targetHints":{"allow":["GET"]}}],"collection":[{"href":"https:\/\/www.europesays.com\/fr\/wp-json\/wp\/v2\/posts"}],"about":[{"href":"https:\/\/www.europesays.com\/fr\/wp-json\/wp\/v2\/types\/post"}],"author":[{"embeddable":true,"href":"https:\/\/www.europesays.com\/fr\/wp-json\/wp\/v2\/users\/2"}],"replies":[{"embeddable":true,"href":"https:\/\/www.europesays.com\/fr\/wp-json\/wp\/v2\/comments?post=578185"}],"version-history":[{"count":0,"href":"https:\/\/www.europesays.com\/fr\/wp-json\/wp\/v2\/posts\/578185\/revisions"}],"wp:featuredmedia":[{"embeddable":true,"href":"https:\/\/www.europesays.com\/fr\/wp-json\/wp\/v2\/media\/578186"}],"wp:attachment":[{"href":"https:\/\/www.europesays.com\/fr\/wp-json\/wp\/v2\/media?parent=578185"}],"wp:term":[{"taxonomy":"category","embeddable":true,"href":"https:\/\/www.europesays.com\/fr\/wp-json\/wp\/v2\/categories?post=578185"},{"taxonomy":"post_tag","embeddable":true,"href":"https:\/\/www.europesays.com\/fr\/wp-json\/wp\/v2\/tags?post=578185"}],"curies":[{"name":"wp","href":"https:\/\/api.w.org\/{rel}","templated":true}]}}