{"id":578189,"date":"2025-12-04T19:16:14","date_gmt":"2025-12-04T19:16:14","guid":{"rendered":"https:\/\/www.europesays.com\/fr\/578189\/"},"modified":"2025-12-04T19:16:14","modified_gmt":"2025-12-04T19:16:14","slug":"le-versoud-marche-de-noel-a-la-salle-polyvalente","status":"publish","type":"post","link":"https:\/\/www.europesays.com\/fr\/578189\/","title":{"rendered":"Le Versoud. March\u00e9 de No\u00ebl \u00e0 la salle polyvalente"},"content":{"rendered":"<p>Dimanche 7\u00a0d\u00e9cembre de 10\u00a0h \u00e0 18\u00a0h, le comit\u00e9 des f\u00eates du Versoud, pr\u00e9sid\u00e9 par Dani\u00e8le Bordeneuve, organise le march\u00e9 de No\u00ebl \u00e0 la salle polyvalente du Pruney. Au cours de cette manifestation, les associations municipales, les marchands et les cr\u00e9ateurs exposeront leurs \u0153uvres. Le p\u00e8re No\u00ebl sera pr\u00e9sent et une bo\u00eete aux lettres sera install\u00e9e pour que les enfants d\u00e9posent leurs lettres de souhaits. Un stand buvette et petite restauration sera en place pour permettre aux visiteurs de se restaurer.<\/p>\n","protected":false},"excerpt":{"rendered":"Dimanche 7\u00a0d\u00e9cembre de 10\u00a0h \u00e0 18\u00a0h, le comit\u00e9 des f\u00eates du Versoud, pr\u00e9sid\u00e9 par Dani\u00e8le Bordeneuve, organise le&hellip;\n","protected":false},"author":2,"featured_media":578190,"comment_status":"","ping_status":"","sticky":false,"template":"","format":"standard","meta":{"footnotes":""},"categories":[9566],"tags":[1111,11,2430,1687,113,1777,674,3326,1011,27,2731,12204,12203,12,25],"class_list":{"0":"post-578189","1":"post","2":"type-post","3":"status-publish","4":"format-standard","5":"has-post-thumbnail","7":"category-grenoble","8":"tag-actu","9":"tag-actualites","10":"tag-auvergne-rhone-alpes","11":"tag-culture-loisirs","12":"tag-edition-gresivaudan-oisans","13":"tag-eu","14":"tag-europe","15":"tag-fete-locale","16":"tag-fr","17":"tag-france","18":"tag-grenoble","19":"tag-gresivaudan","20":"tag-le-versoud","21":"tag-news","22":"tag-republique-francaise"},"share_on_mastodon":{"url":"https:\/\/pubeurope.com\/@fr\/115662905962905979","error":""},"_links":{"self":[{"href":"https:\/\/www.europesays.com\/fr\/wp-json\/wp\/v2\/posts\/578189","targetHints":{"allow":["GET"]}}],"collection":[{"href":"https:\/\/www.europesays.com\/fr\/wp-json\/wp\/v2\/posts"}],"about":[{"href":"https:\/\/www.europesays.com\/fr\/wp-json\/wp\/v2\/types\/post"}],"author":[{"embeddable":true,"href":"https:\/\/www.europesays.com\/fr\/wp-json\/wp\/v2\/users\/2"}],"replies":[{"embeddable":true,"href":"https:\/\/www.europesays.com\/fr\/wp-json\/wp\/v2\/comments?post=578189"}],"version-history":[{"count":0,"href":"https:\/\/www.europesays.com\/fr\/wp-json\/wp\/v2\/posts\/578189\/revisions"}],"wp:featuredmedia":[{"embeddable":true,"href":"https:\/\/www.europesays.com\/fr\/wp-json\/wp\/v2\/media\/578190"}],"wp:attachment":[{"href":"https:\/\/www.europesays.com\/fr\/wp-json\/wp\/v2\/media?parent=578189"}],"wp:term":[{"taxonomy":"category","embeddable":true,"href":"https:\/\/www.europesays.com\/fr\/wp-json\/wp\/v2\/categories?post=578189"},{"taxonomy":"post_tag","embeddable":true,"href":"https:\/\/www.europesays.com\/fr\/wp-json\/wp\/v2\/tags?post=578189"}],"curies":[{"name":"wp","href":"https:\/\/api.w.org\/{rel}","templated":true}]}}