{"id":578193,"date":"2025-12-04T19:18:15","date_gmt":"2025-12-04T19:18:15","guid":{"rendered":"https:\/\/www.europesays.com\/fr\/578193\/"},"modified":"2025-12-04T19:18:15","modified_gmt":"2025-12-04T19:18:15","slug":"il-sest-comporte-comme-le-plus-grand-des-chauffards-a-19-ans-il-est-condamne-a-la-prison-ferme-apres-avoir-fauche-deux-personnes-en-deux-mois-a-rennes","status":"publish","type":"post","link":"https:\/\/www.europesays.com\/fr\/578193\/","title":{"rendered":"\u00ab\u00a0Il s\u2019est comport\u00e9 comme le plus grand des chauffards\u00a0\u00bb\u00a0: \u00e0 19 ans, il est condamn\u00e9 \u00e0 la prison ferme apr\u00e8s avoir fauch\u00e9 deux personnes en deux mois \u00e0 Rennes"},"content":{"rendered":"<p>Le 11 septembre 2025 un peu avant 15 h, Levy Andrieux <a href=\"https:\/\/www.letelegramme.fr\/ille-et-vilaine\/rennes-35000\/a-rennes-un-pieton-grievement-blesse-apres-avoir-ete-percute-par-une-voiture-6887585.php\" target=\"_blank\" rel=\"noopener\">avait renvers\u00e9 un p\u00e8re de famille d\u2019une trentaine d\u2019ann\u00e9es<\/a>, en franchissant \u00e0 \u00ab vive allure \u00bb le feu rouge \u00e0 l\u2019intersection entre l\u2019avenue Charles-et-Raymonde-Tillon et la rue de Saint-Malo, dans le nord de Rennes. Le pi\u00e9ton avait \u00e9t\u00e9 transport\u00e9 en urgence absolue au CHU de Pontchaillou, o\u00f9 il avait \u00e9t\u00e9 plac\u00e9 en coma artificiel. Son pronostic vital \u00e9tait rest\u00e9 engag\u00e9 pendant une semaine.<\/p>\n<p>Des t\u00e9moins avaient vu une Renault M\u00e9gane \u00ab gris fonc\u00e9 \u00bb arriver \u00e0 environ 90 km\/h puis r\u00e9acc\u00e9l\u00e9rer apr\u00e8s avoir percut\u00e9 le pi\u00e9ton. La voiture avait finalement \u00e9t\u00e9 retrouv\u00e9e abandonn\u00e9e avec le pare-brise \u00e9toil\u00e9 quelques jours plus tard sur le parking d\u2019une r\u00e9sidence \u00e0 Cesson-S\u00e9vign\u00e9, non loin du domicile de la belle-m\u00e8re de Levy Andrieux.<\/p>\n<p>Son conducteur &#8211; qui n\u2019avait pas le permis de conduire &#8211; n\u2019avait \u00e9t\u00e9 interpell\u00e9 qu\u2019un mois et demi plus tard, le 28 octobre 2025. Des policiers avaient voulu le contr\u00f4ler alors qu\u2019il avait stationn\u00e9 sa nouvelle voiture sur une place pour personnes \u00e0 mobilit\u00e9 r\u00e9duite, au niveau du centre commercial Italie. Ils avaient alors constat\u00e9 que le v\u00e9hicule \u00e9tait vol\u00e9.<\/p>\n<blockquote><p>Ma femme me disait : tu as peut-\u00eatre fait un mort<\/p><\/blockquote>\n<p>Mais Levy Andrieux avait pris la fuite avec cinq personnes \u00e0 bord, dont sa compagne enceinte et deux enfants. Il avait remont\u00e9 l\u2019avenue Henri-Fr\u00e9ville \u00e0 tr\u00e8s vive allure en grillant plusieurs feux rouges, puis avait circul\u00e9 sur la bande d\u2019arr\u00eat d\u2019urgence de la rocade et avait roul\u00e9 \u00e0 contresens dans le quartier de Br\u00e9quigny.<\/p>\n<p><a href=\"https:\/\/www.letelegramme.fr\/ille-et-vilaine\/rennes-35000\/a-rennes-il-refuse-dobtemperer-et-blesse-un-cycliste-en-fuyant-6918694.php\" target=\"_blank\" rel=\"noopener\">Dans sa course, il avait percut\u00e9 un cycliste de 56 ans, le blessant l\u00e9g\u00e8rement.<\/a> Le conducteur avait finalement \u00e9t\u00e9 interpell\u00e9 apr\u00e8s s\u2019\u00eatre encastr\u00e9 dans un lampadaire, alors qu\u2019il tentait \u00e0 nouveau de s\u2019\u00e9chapper \u00e0 pied en escaladant la grille d\u2019une \u00e9cole. Il avait \u00e9t\u00e9 test\u00e9 positif au cannabis et \u00e0 la coca\u00efne.<\/p>\n<p>Entre-temps, le 1er octobre 2025, Levy Andrieux avait d\u00e9j\u00e0 \u00e9t\u00e9 contr\u00f4l\u00e9 au volant d\u2019une autre voiture alors qu\u2019il conduisait sans assurance et sans contr\u00f4le technique. Mais les policiers &#8211; qui n\u2019avaient pas fait le lien avec l\u2019accident du 11 septembre &#8211; avaient \u00e9t\u00e9 \u00ab amadou\u00e9s \u00bb par les explications du jeune homme : celui-ci devait conduire sa compagne \u00e0 l\u2019h\u00f4pital car elle perdait les eaux\u2026 Les forces de l\u2019ordre avaient m\u00eame escort\u00e9 le v\u00e9hicule jusqu\u2019\u00e0 l\u2019h\u00f4pital Sud.<\/p>\n<p>Un \u00ab \u00e9lectron dingue et malfaisant \u00bb<\/p>\n<p>Jug\u00e9 en comparution imm\u00e9diate devant le tribunal correctionnel de Rennes ce mercredi 3 d\u00e9cembre 2025, Levy Andrieux a dit regretter les cons\u00e9quences de sa conduite sans permis, n\u00e9cessit\u00e9e par le fait qu\u2019il devait \u00ab se d\u00e9merder pour travailler \u00bb\u2026 Et s\u2019il a pris la fuite apr\u00e8s avoir renvers\u00e9 un pi\u00e9ton puis refus\u00e9 d\u2019obtemp\u00e9rer aux policiers, c\u2019est parce qu\u2019il a \u00ab paniqu\u00e9 \u00bb : il ne voulait pas aller en prison alors qu\u2019il allait \u00eatre papa.<\/p>\n<p>\u00ab Ma femme me disait : tu as peut-\u00eatre fait un mort\u2026 J\u2019ai pens\u00e9 \u00e0 un drame \u00bb, a-t-il tent\u00e9 de justifier. \u00ab On a l\u2019impression que peu importe ce qui peut vous arriver, vous n\u2019avez qu\u2019une seule id\u00e9e en t\u00eate, c\u2019est de fuir \u00bb, l\u2019a sermonn\u00e9 la pr\u00e9sidente. \u00ab Oui \u00bb, a simplement r\u00e9pondu le jeune homme, qui a dit avoir conscience d\u2019avoir \u00ab plus ou moins g\u00e2ch\u00e9 la vie \u00bb des victimes.<\/p>\n<blockquote><p>Ma vie est finie<\/p><\/blockquote>\n<p>Reste que le pi\u00e9ton renvers\u00e9 le 11 septembre, a subi un \u00ab pr\u00e9judice extr\u00eamement important \u00bb : ce \u00ab papa attentionn\u00e9 \u00bb d\u2019un petit gar\u00e7on de 2 ans a d\u00e9sormais besoin d\u2019une assistance \u00e0 domicile vingt-quatre heures sur vingt-quatre et ne pourra plus jamais travailler, a rappel\u00e9 son avocate.<\/p>\n<p>\u00ab Ma vie est finie \u00bb, a souffl\u00e9 la victime \u00e0 la barre du tribunal, qui a r\u00e9clam\u00e9 en cons\u00e9quence une tr\u00e8s s\u00e9v\u00e8re condamnation pour cet automobiliste sans permis. Quant au cycliste renvers\u00e9 lors du refus d\u2019obtemp\u00e9rer, il souffre toujours de nombreux traumatismes physiques et psychiques et n\u2019ose plus prendre son v\u00e9lo, a d\u00e9crit son avocate.<\/p>\n<p>Levy Andrieux s\u2019est en fin de compte \u00ab comport\u00e9 comme le plus grand des chauffards \u00bb, a tanc\u00e9 le procureur de la R\u00e9publique. Il a donc requis \u00e0 l\u2019encontre du jeune homme huit ans de prison ferme avec maintien en d\u00e9tention, ainsi qu\u2019une amende totale de 800 \u20ac et une interdiction de conduire pendant cinq ans. C\u2019est \u00ab une peine s\u00e9v\u00e8re, tr\u00e8s s\u00e9v\u00e8re car son comportement est celui d\u2019un \u00e9lectron dingue et malfaisant, qui se heurte partout et qui percute tout ce qu\u2019il rencontre \u00bb, a justifi\u00e9 le magistrat.<\/p>\n<p>Un parcours de vie difficile<\/p>\n<p>L\u2019avocat de Levy Andrieux a pour sa part insist\u00e9 sur le parcours de vie difficile de son client, qui a \u00e9t\u00e9 plac\u00e9 par les services sociaux de ses 12 \u00e0 ses 14 ans et qui n\u2019a quasiment plus aucun lien avec ses parents. Malgr\u00e9 ses sept condamnations &#8211; dont une pour conduite sans permis, refus d\u2019obtemp\u00e9rer et r\u00e9bellion &#8211; c\u2019est \u00ab quelqu\u2019un qui \u00e9coute quand on lui tend la main \u00bb et \u00ab qui a besoin d\u2019\u00eatre aid\u00e9 et encadr\u00e9 \u00bb.<\/p>\n<p>Me Emmanuel Castres a donc plaid\u00e9 pour une peine mixte comprenant un sursis probatoire renforc\u00e9, pour \u00ab s\u2019assurer qu\u2019il puisse se r\u00e9ins\u00e9rer dans les meilleures conditions. \u00bb Le tribunal correctionnel de Rennes a finalement condamn\u00e9 Levy Andrieux \u00e0 huit ans de prison ferme avec maintien en d\u00e9tention, une interdiction de passer son permis pendant cinq ans et de conduire pendant la m\u00eame dur\u00e9e. Il devra \u00e9galement s\u2019acquitter d\u2019un total de 700 \u20ac d\u2019amende.<\/p>\n","protected":false},"excerpt":{"rendered":"Le 11 septembre 2025 un peu avant 15 h, Levy Andrieux avait renvers\u00e9 un p\u00e8re de famille d\u2019une&hellip;\n","protected":false},"author":2,"featured_media":578194,"comment_status":"","ping_status":"","sticky":false,"template":"","format":"standard","meta":{"footnotes":""},"categories":[2821],"tags":[1111,11,829,765,1777,674,118,3383,1011,27,848,12,50972,584,25],"class_list":{"0":"post-578193","1":"post","2":"type-post","3":"status-publish","4":"format-standard","5":"has-post-thumbnail","7":"category-rennes","8":"tag-actu","9":"tag-actualites","10":"tag-bretagne","11":"tag-en-continu","12":"tag-eu","13":"tag-europe","14":"tag-faits-divers","15":"tag-faits-divers-a-rennes","16":"tag-fr","17":"tag-france","18":"tag-ille-et-vilaine","19":"tag-news","20":"tag-newsletter-la-rennes-quotidienne","21":"tag-rennes","22":"tag-republique-francaise"},"share_on_mastodon":{"url":"https:\/\/pubeurope.com\/@fr\/115662913972454691","error":""},"_links":{"self":[{"href":"https:\/\/www.europesays.com\/fr\/wp-json\/wp\/v2\/posts\/578193","targetHints":{"allow":["GET"]}}],"collection":[{"href":"https:\/\/www.europesays.com\/fr\/wp-json\/wp\/v2\/posts"}],"about":[{"href":"https:\/\/www.europesays.com\/fr\/wp-json\/wp\/v2\/types\/post"}],"author":[{"embeddable":true,"href":"https:\/\/www.europesays.com\/fr\/wp-json\/wp\/v2\/users\/2"}],"replies":[{"embeddable":true,"href":"https:\/\/www.europesays.com\/fr\/wp-json\/wp\/v2\/comments?post=578193"}],"version-history":[{"count":0,"href":"https:\/\/www.europesays.com\/fr\/wp-json\/wp\/v2\/posts\/578193\/revisions"}],"wp:featuredmedia":[{"embeddable":true,"href":"https:\/\/www.europesays.com\/fr\/wp-json\/wp\/v2\/media\/578194"}],"wp:attachment":[{"href":"https:\/\/www.europesays.com\/fr\/wp-json\/wp\/v2\/media?parent=578193"}],"wp:term":[{"taxonomy":"category","embeddable":true,"href":"https:\/\/www.europesays.com\/fr\/wp-json\/wp\/v2\/categories?post=578193"},{"taxonomy":"post_tag","embeddable":true,"href":"https:\/\/www.europesays.com\/fr\/wp-json\/wp\/v2\/tags?post=578193"}],"curies":[{"name":"wp","href":"https:\/\/api.w.org\/{rel}","templated":true}]}}