{"id":578197,"date":"2025-12-04T19:20:16","date_gmt":"2025-12-04T19:20:16","guid":{"rendered":"https:\/\/www.europesays.com\/fr\/578197\/"},"modified":"2025-12-04T19:20:16","modified_gmt":"2025-12-04T19:20:16","slug":"roman-policier-une-enquetrice-determinee-dans-les-annees-folles-a-strasbourg","status":"publish","type":"post","link":"https:\/\/www.europesays.com\/fr\/578197\/","title":{"rendered":"Roman policier. Une enqu\u00eatrice d\u00e9termin\u00e9e dans les Ann\u00e9es Folles \u00e0 Strasbourg"},"content":{"rendered":"<p>Pour les amateurs de fantasy, Ana\u00efs Cros n\u2019est pas une inconnue, puisqu\u2019on lui doit une quinzaine de romans, dont une saga intitul\u00e9e Les Lunes de sang. Quittant les territoires imaginaires, elle ancre son nouveau r\u00e9cit \u00e0 Strasbourg, entre les deux guerres, une \u00e9poque que l\u2019historien Daniel Fischer d\u00e9crit dans une postface didactique. \u00ab\u00a0Je me suis int\u00e9ress\u00e9e \u00e0 des ann\u00e9es essentielles dans l\u2019histoire de la r\u00e9gion, celles de la difficile r\u00e9int\u00e9gration dans la France apr\u00e8s 1918, celles aussi o\u00f9&#8230;<\/p>\n","protected":false},"excerpt":{"rendered":"Pour les amateurs de fantasy, Ana\u00efs Cros n\u2019est pas une inconnue, puisqu\u2019on lui doit une quinzaine de romans,&hellip;\n","protected":false},"author":2,"featured_media":578198,"comment_status":"","ping_status":"","sticky":false,"template":"","format":"standard","meta":{"footnotes":""},"categories":[2820],"tags":[1111,11,2389,1687,2880,1777,674,1011,27,775,2410,12,25,640,2879],"class_list":{"0":"post-578197","1":"post","2":"type-post","3":"status-publish","4":"format-standard","5":"has-post-thumbnail","7":"category-strasbourg","8":"tag-actu","9":"tag-actualites","10":"tag-alsace","11":"tag-culture-loisirs","12":"tag-edition-strasbourg","13":"tag-eu","14":"tag-europe","15":"tag-fr","16":"tag-france","17":"tag-grand-est","18":"tag-livres-bd","19":"tag-news","20":"tag-republique-francaise","21":"tag-strasbourg","22":"tag-strasbourg-ville"},"share_on_mastodon":{"url":"https:\/\/pubeurope.com\/@fr\/115662921772213071","error":""},"_links":{"self":[{"href":"https:\/\/www.europesays.com\/fr\/wp-json\/wp\/v2\/posts\/578197","targetHints":{"allow":["GET"]}}],"collection":[{"href":"https:\/\/www.europesays.com\/fr\/wp-json\/wp\/v2\/posts"}],"about":[{"href":"https:\/\/www.europesays.com\/fr\/wp-json\/wp\/v2\/types\/post"}],"author":[{"embeddable":true,"href":"https:\/\/www.europesays.com\/fr\/wp-json\/wp\/v2\/users\/2"}],"replies":[{"embeddable":true,"href":"https:\/\/www.europesays.com\/fr\/wp-json\/wp\/v2\/comments?post=578197"}],"version-history":[{"count":0,"href":"https:\/\/www.europesays.com\/fr\/wp-json\/wp\/v2\/posts\/578197\/revisions"}],"wp:featuredmedia":[{"embeddable":true,"href":"https:\/\/www.europesays.com\/fr\/wp-json\/wp\/v2\/media\/578198"}],"wp:attachment":[{"href":"https:\/\/www.europesays.com\/fr\/wp-json\/wp\/v2\/media?parent=578197"}],"wp:term":[{"taxonomy":"category","embeddable":true,"href":"https:\/\/www.europesays.com\/fr\/wp-json\/wp\/v2\/categories?post=578197"},{"taxonomy":"post_tag","embeddable":true,"href":"https:\/\/www.europesays.com\/fr\/wp-json\/wp\/v2\/tags?post=578197"}],"curies":[{"name":"wp","href":"https:\/\/api.w.org\/{rel}","templated":true}]}}