{"id":578199,"date":"2025-12-04T19:21:23","date_gmt":"2025-12-04T19:21:23","guid":{"rendered":"https:\/\/www.europesays.com\/fr\/578199\/"},"modified":"2025-12-04T19:21:23","modified_gmt":"2025-12-04T19:21:23","slug":"mobilisation-pour-deux-enfants-sans-toit","status":"publish","type":"post","link":"https:\/\/www.europesays.com\/fr\/578199\/","title":{"rendered":"mobilisation pour deux enfants sans toit"},"content":{"rendered":"<p>Des parents d\u2019\u00e9l\u00e8ves des \u00e9coles strasbourgeoises Camille-Claus et des Romains (Koenigshoffen) se mobilisent autour du sort de <a href=\"https:\/\/www.dna.fr\/societe\/2025\/12\/02\/familles-a-la-rue-des-mises-a-l-abri-salutaires-mais-encore-trop-peu-nombreuses\" target=\"_blank\" rel=\"noopener\">deux familles dont les enfants vont se retrouver sans logement<\/a>.<\/p>\n<p>\u00ab\u00a0Nous sommes profond\u00e9ment inquiets pour la sant\u00e9 physique et psychologique de ces enfants, qui se rendront chaque jour en classe malgr\u00e9 des conditions de vie totalement incompatibles avec une scolarit\u00e9 normale\u00a0\u00bb, s\u2019alarme le collectif au sujet d\u2019une fille et d\u2019un gar\u00e7on scolaris\u00e9s en maternelle et primaire.<\/p>\n<p>Une mobilisation pour sensibiliser \u00e0 leur situation s\u2019est d\u00e9roul\u00e9e jeudi 4\u00a0d\u00e9cembre en fin d\u2019apr\u00e8s-midi. Plusieurs collectifs de parents et d\u2019enseignants sont actuellement mobilis\u00e9s pour des situations similaires dans les \u00e9coles strasbourgeoises.<\/p>\n","protected":false},"excerpt":{"rendered":"Des parents d\u2019\u00e9l\u00e8ves des \u00e9coles strasbourgeoises Camille-Claus et des Romains (Koenigshoffen) se mobilisent autour du sort de deux&hellip;\n","protected":false},"author":2,"featured_media":578200,"comment_status":"","ping_status":"","sticky":false,"template":"","format":"standard","meta":{"footnotes":""},"categories":[2820],"tags":[1111,11,2880,1777,674,107,1011,27,775,12,25,801,104,640],"class_list":{"0":"post-578199","1":"post","2":"type-post","3":"status-publish","4":"format-standard","5":"has-post-thumbnail","7":"category-strasbourg","8":"tag-actu","9":"tag-actualites","10":"tag-edition-strasbourg","11":"tag-eu","12":"tag-europe","13":"tag-fil-info","14":"tag-fr","15":"tag-france","16":"tag-grand-est","17":"tag-news","18":"tag-republique-francaise","19":"tag-social","20":"tag-societe","21":"tag-strasbourg"},"share_on_mastodon":{"url":"https:\/\/pubeurope.com\/@fr\/115662925732000558","error":""},"_links":{"self":[{"href":"https:\/\/www.europesays.com\/fr\/wp-json\/wp\/v2\/posts\/578199","targetHints":{"allow":["GET"]}}],"collection":[{"href":"https:\/\/www.europesays.com\/fr\/wp-json\/wp\/v2\/posts"}],"about":[{"href":"https:\/\/www.europesays.com\/fr\/wp-json\/wp\/v2\/types\/post"}],"author":[{"embeddable":true,"href":"https:\/\/www.europesays.com\/fr\/wp-json\/wp\/v2\/users\/2"}],"replies":[{"embeddable":true,"href":"https:\/\/www.europesays.com\/fr\/wp-json\/wp\/v2\/comments?post=578199"}],"version-history":[{"count":0,"href":"https:\/\/www.europesays.com\/fr\/wp-json\/wp\/v2\/posts\/578199\/revisions"}],"wp:featuredmedia":[{"embeddable":true,"href":"https:\/\/www.europesays.com\/fr\/wp-json\/wp\/v2\/media\/578200"}],"wp:attachment":[{"href":"https:\/\/www.europesays.com\/fr\/wp-json\/wp\/v2\/media?parent=578199"}],"wp:term":[{"taxonomy":"category","embeddable":true,"href":"https:\/\/www.europesays.com\/fr\/wp-json\/wp\/v2\/categories?post=578199"},{"taxonomy":"post_tag","embeddable":true,"href":"https:\/\/www.europesays.com\/fr\/wp-json\/wp\/v2\/tags?post=578199"}],"curies":[{"name":"wp","href":"https:\/\/api.w.org\/{rel}","templated":true}]}}