{"id":578221,"date":"2025-12-04T19:34:17","date_gmt":"2025-12-04T19:34:17","guid":{"rendered":"https:\/\/www.europesays.com\/fr\/578221\/"},"modified":"2025-12-04T19:34:17","modified_gmt":"2025-12-04T19:34:17","slug":"aucun-train-a-larrivee-comme-au-depart-en-gare-de-marseille-saint-charles","status":"publish","type":"post","link":"https:\/\/www.europesays.com\/fr\/578221\/","title":{"rendered":"aucun train \u00e0 l&rsquo;arriv\u00e9e comme au d\u00e9part en gare de Marseille Saint-Charles"},"content":{"rendered":"<p>La soir\u00e9e s&rsquo;annonce compliqu\u00e9e \u00e0 la <a href=\"https:\/\/www.laprovence.com\/article\/societe\/1036431040605714\/aucun-train-au-depart-et-a-l-arrivee-a-marseille-la-gare-saint-charles-mise-a-l-arret-un-dimanche-de-decembre\" target=\"_blank\" rel=\"nofollow noopener\">gare de Marseille Saint-Charles<\/a>. La SNCF indique que la circulation des trains est interrompue dans les deux sens, \u00e0 l&rsquo;arriv\u00e9e comme au d\u00e9part.\u00a0<\/p>\n<p>En cause : un \u00ab\u00a0d\u00e9faut d&rsquo;alimentation \u00e9lectrique\u00a0\u00bb.\u00a0<\/p>\n<p>Des retards importants sont \u00e0 pr\u00e9voir et des possibles suppressions de train \u00e0 venir. Le retour \u00e0 la normale ne devrait pas intervenir avant 22h20. L&rsquo;incident est en cours d&rsquo;analyse par la SNCF.\u00a0<\/p>\n","protected":false},"excerpt":{"rendered":"La soir\u00e9e s&rsquo;annonce compliqu\u00e9e \u00e0 la gare de Marseille Saint-Charles. La SNCF indique que la circulation des trains&hellip;\n","protected":false},"author":2,"featured_media":578222,"comment_status":"","ping_status":"","sticky":false,"template":"","format":"standard","meta":{"footnotes":""},"categories":[2814],"tags":[17,1111,11,28706,1993,3985,1777,674,1011,27,7533,16800,884,12,882,25,2215,104,926],"class_list":{"0":"post-578221","1":"post","2":"type-post","3":"status-publish","4":"format-standard","5":"has-post-thumbnail","7":"category-marseille","8":"tag-17","9":"tag-actu","10":"tag-actualites","11":"tag-aucun","12":"tag-comme","13":"tag-depart","14":"tag-eu","15":"tag-europe","16":"tag-fr","17":"tag-france","18":"tag-gare","19":"tag-larrivee","20":"tag-marseille","21":"tag-news","22":"tag-provence-alpes-cote-dazur","23":"tag-republique-francaise","24":"tag-sncf","25":"tag-societe","26":"tag-train"},"share_on_mastodon":{"url":"https:\/\/pubeurope.com\/@fr\/115662976825002320","error":""},"_links":{"self":[{"href":"https:\/\/www.europesays.com\/fr\/wp-json\/wp\/v2\/posts\/578221","targetHints":{"allow":["GET"]}}],"collection":[{"href":"https:\/\/www.europesays.com\/fr\/wp-json\/wp\/v2\/posts"}],"about":[{"href":"https:\/\/www.europesays.com\/fr\/wp-json\/wp\/v2\/types\/post"}],"author":[{"embeddable":true,"href":"https:\/\/www.europesays.com\/fr\/wp-json\/wp\/v2\/users\/2"}],"replies":[{"embeddable":true,"href":"https:\/\/www.europesays.com\/fr\/wp-json\/wp\/v2\/comments?post=578221"}],"version-history":[{"count":0,"href":"https:\/\/www.europesays.com\/fr\/wp-json\/wp\/v2\/posts\/578221\/revisions"}],"wp:featuredmedia":[{"embeddable":true,"href":"https:\/\/www.europesays.com\/fr\/wp-json\/wp\/v2\/media\/578222"}],"wp:attachment":[{"href":"https:\/\/www.europesays.com\/fr\/wp-json\/wp\/v2\/media?parent=578221"}],"wp:term":[{"taxonomy":"category","embeddable":true,"href":"https:\/\/www.europesays.com\/fr\/wp-json\/wp\/v2\/categories?post=578221"},{"taxonomy":"post_tag","embeddable":true,"href":"https:\/\/www.europesays.com\/fr\/wp-json\/wp\/v2\/tags?post=578221"}],"curies":[{"name":"wp","href":"https:\/\/api.w.org\/{rel}","templated":true}]}}