{"id":578223,"date":"2025-12-04T19:35:18","date_gmt":"2025-12-04T19:35:18","guid":{"rendered":"https:\/\/www.europesays.com\/fr\/578223\/"},"modified":"2025-12-04T19:35:18","modified_gmt":"2025-12-04T19:35:18","slug":"une-statue-du-colonel-arnaud-beltrame-inauguree-dans-le-lycee-qui-porte-son-nom","status":"publish","type":"post","link":"https:\/\/www.europesays.com\/fr\/578223\/","title":{"rendered":"une statue du colonel Arnaud Beltrame inaugur\u00e9e dans le lyc\u00e9e qui porte son nom"},"content":{"rendered":"<p itemprop=\"description\"><strong>Une statue du colonel Arnaud Beltrame a \u00e9t\u00e9 inaugur\u00e9e ce jeudi dans l\u2019enceinte du lyc\u00e9e qui porte son nom \u00e0 Meyzieu.<\/strong><\/p>\n<p>Une c\u00e9r\u00e9monie a eu lieu en pr\u00e9sence notamment de Fabrice Pannekoucke, le pr\u00e9sident de la R\u00e9gion Auvergne-Rh\u00f4ne-Alpes. Car c\u2019est bien la collectivit\u00e9 r\u00e9gionale qui est \u00e0 l\u2019initiative de ce projet pour \u00ab\u00a0rendre hommage \u00e0 ce h\u00e9ros national qui a incarn\u00e9 le courage et le patriotisme jusqu\u2019\u00e0 son dernier souffle\u00a0\u00bb, sept ans apr\u00e8s l\u2019attentat de Tr\u00e8bes.<\/p>\n<p>\u00ab\u00a0Cette statue, install\u00e9e au c\u0153ur du lyc\u00e9e qui porte son nom, n\u2019est pas seulement un hommage. Cette pr\u00e9sence c\u2019est aussi une empreinte de la m\u00e9moire. Un appel \u00e0 la force morale, au sens du devoir, et \u00e0 la fid\u00e9lit\u00e9 aux valeurs r\u00e9publicaines. Elle rappellera chaque jour aux lyc\u00e9ens de l\u2019\u00e9tablissement ce que signifie d\u00e9fendre la libert\u00e9 et refuser la terreur\u00a0\u00bb, a d\u00e9clar\u00e9 Fabrice Pannekoucke.<\/p>\n","protected":false},"excerpt":{"rendered":"Une statue du colonel Arnaud Beltrame a \u00e9t\u00e9 inaugur\u00e9e ce jeudi dans l\u2019enceinte du lyc\u00e9e qui porte son&hellip;\n","protected":false},"author":2,"featured_media":578224,"comment_status":"","ping_status":"","sticky":false,"template":"","format":"standard","meta":{"footnotes":""},"categories":[1889],"tags":[1111,11,2813,2190,2430,1109,251,1112,2811,1777,674,118,1011,27,1922,1110,1114,2428,2810,12,241,316,25,2812,517,800],"class_list":{"0":"post-578223","1":"post","2":"type-post","3":"status-publish","4":"format-standard","5":"has-post-thumbnail","7":"category-lyon","8":"tag-actu","9":"tag-actualites","10":"tag-article","11":"tag-asvel","12":"tag-auvergne-rhone-alpes","13":"tag-breves","14":"tag-culture","15":"tag-depeches","16":"tag-economique","17":"tag-eu","18":"tag-europe","19":"tag-faits-divers","20":"tag-fr","21":"tag-france","22":"tag-info","23":"tag-informations","24":"tag-infos","25":"tag-lyon","26":"tag-lyonmag","27":"tag-news","28":"tag-ol","29":"tag-politique","30":"tag-republique-francaise","31":"tag-sociale","32":"tag-sport","33":"tag-transports"},"share_on_mastodon":{"url":"https:\/\/pubeurope.com\/@fr\/115662980601144881","error":""},"_links":{"self":[{"href":"https:\/\/www.europesays.com\/fr\/wp-json\/wp\/v2\/posts\/578223","targetHints":{"allow":["GET"]}}],"collection":[{"href":"https:\/\/www.europesays.com\/fr\/wp-json\/wp\/v2\/posts"}],"about":[{"href":"https:\/\/www.europesays.com\/fr\/wp-json\/wp\/v2\/types\/post"}],"author":[{"embeddable":true,"href":"https:\/\/www.europesays.com\/fr\/wp-json\/wp\/v2\/users\/2"}],"replies":[{"embeddable":true,"href":"https:\/\/www.europesays.com\/fr\/wp-json\/wp\/v2\/comments?post=578223"}],"version-history":[{"count":0,"href":"https:\/\/www.europesays.com\/fr\/wp-json\/wp\/v2\/posts\/578223\/revisions"}],"wp:featuredmedia":[{"embeddable":true,"href":"https:\/\/www.europesays.com\/fr\/wp-json\/wp\/v2\/media\/578224"}],"wp:attachment":[{"href":"https:\/\/www.europesays.com\/fr\/wp-json\/wp\/v2\/media?parent=578223"}],"wp:term":[{"taxonomy":"category","embeddable":true,"href":"https:\/\/www.europesays.com\/fr\/wp-json\/wp\/v2\/categories?post=578223"},{"taxonomy":"post_tag","embeddable":true,"href":"https:\/\/www.europesays.com\/fr\/wp-json\/wp\/v2\/tags?post=578223"}],"curies":[{"name":"wp","href":"https:\/\/api.w.org\/{rel}","templated":true}]}}