{"id":578229,"date":"2025-12-04T19:40:21","date_gmt":"2025-12-04T19:40:21","guid":{"rendered":"https:\/\/www.europesays.com\/fr\/578229\/"},"modified":"2025-12-04T19:40:21","modified_gmt":"2025-12-04T19:40:21","slug":"meres-cruelles-dans-louest-sauvage","status":"publish","type":"post","link":"https:\/\/www.europesays.com\/fr\/578229\/","title":{"rendered":"m\u00e8res cruelles dans l\u2019Ouest sauvage"},"content":{"rendered":"<p>                     <img loading=\"lazy\" decoding=\"async\" src=\"https:\/\/www.europesays.com\/fr\/wp-content\/uploads\/2025\/12\/07e1981_upload-1-hf1zv7oltnqq-abandons-240924-mc-00117r.jpg\" alt=\"Lena Headey (Fiona Nolan) dans la s\u00e9rie \u00ab\u00a0The Abandons\u00a0\u00bb, cr\u00e9\u00e9e par Kurt Sutter.\"   width=\"664\" height=\"443\"\/>    Lena Headey (Fiona Nolan) dans la s\u00e9rie \u00ab\u00a0The Abandons\u00a0\u00bb, cr\u00e9\u00e9e par Kurt Sutter.  MATTHIAS CLAMER\/NETFLIX                 <\/p>\n<p class=\"article__paragraph  \">Avant la mise en production de The Abandons, son cr\u00e9ateur, Kurt Sutter, expliquait que le projet \u00e9tait n\u00e9 de sa fascination pour les origines agraires de la mafia, qu\u2019il pr\u00e9sentait dans un entretien au site Deadline comme le r\u00e9sultat de \u00ab\u00a0la marginalisation des familles paysannes siciliennes par les propri\u00e9taires terriens et l\u2019aristocratie\u00a0\u00bb. Muni de cette cl\u00e9, on discerne mieux le projet de cette premi\u00e8re saison dont on a parfois l\u2019impression qu\u2019elle se noie dans la surench\u00e8re de violences indicibles que s\u2019infligent les antagonistes.<\/p>\n<p class=\"article__paragraph  \">Pour les incarner, Sutter a choisi deux ic\u00f4nes s\u00e9rielles. Gillian Anderson \u2013 qui contribua, en tant qu\u2019agente du FBI sp\u00e9cialis\u00e9e dans le paranormal, \u00e0 l\u2019av\u00e8nement de l\u2019\u00e8re du complotisme (peu de s\u00e9ries ont autant marqu\u00e9 la sensibilit\u00e9 d\u2019une nation que <a href=\"https:\/\/www.lemonde.fr\/pixels\/video\/2016\/01\/22\/x-files-comprendre-l-intrigue-mythologique-en-5-minutes_4852037_4408996.html\" target=\"_blank\" rel=\"noopener\">X Files<\/a>) \u2013 passe ici de l\u2019autre c\u00f4t\u00e9 de la barri\u00e8re, dans le r\u00f4le de Constance Van Ness, aristocrate new-yorkaise exil\u00e9e au pied des Rocheuses, partenaire de la dynastie Vanderbilt dans l\u2019exploitation de gisements d\u2019argent qui, forc\u00e9ment, spolie les agriculteurs.<\/p>\n<p class=\"article__paragraph  \">En face, <a href=\"https:\/\/www.lemonde.fr\/vins\/article\/2017\/06\/14\/ces-series-americaines-qui-font-trinquer-les-femmes_5144525_3527806.html\" target=\"_blank\" rel=\"noopener\">Lena Headey, parfaite incarnation de la maternit\u00e9 d\u00e9voy\u00e9e dans Games of Thrones<\/a>, se voit confier le personnage de Fiona Nolan, immigr\u00e9e irlandaise m\u00e8re adoptive de quatre enfants d\u2019origines diverses, pr\u00eate \u00e0 tout pour pr\u00e9server sa terre et son clan. Dans un territoire qui n\u2019est pas encore un Etat \u00e0 part enti\u00e8re, o\u00f9 les premiers occupants \u2013 les Cayuses \u2013 n\u2019ont pas encore \u00e9t\u00e9 forc\u00e9s \u00e0 la reddition, leur affrontement prend rapidement un tour sanglant.<\/p>\n<p class=\"reading-mode-only \"><strong>Il vous reste 60.65% de cet article \u00e0 lire. La suite est r\u00e9serv\u00e9e aux abonn\u00e9s.<\/strong><\/p>\n","protected":false},"excerpt":{"rendered":"Lena Headey (Fiona Nolan) dans la s\u00e9rie \u00ab\u00a0The Abandons\u00a0\u00bb, cr\u00e9\u00e9e par Kurt Sutter. MATTHIAS CLAMER\/NETFLIX Avant la mise&hellip;\n","protected":false},"author":2,"featured_media":578230,"comment_status":"","ping_status":"","sticky":false,"template":"","format":"standard","meta":{"footnotes":""},"categories":[1888],"tags":[1111,1928,11,1927,1777,674,1011,27,12,1926,626,1925,25],"class_list":{"0":"post-578229","1":"post","2":"type-post","3":"status-publish","4":"format-standard","5":"has-post-thumbnail","7":"category-paris","8":"tag-actu","9":"tag-actu-paris","10":"tag-actualites","11":"tag-actualites-paris","12":"tag-eu","13":"tag-europe","14":"tag-fr","15":"tag-france","16":"tag-news","17":"tag-news-paris","18":"tag-paris","19":"tag-paris-news","20":"tag-republique-francaise"},"share_on_mastodon":{"url":"https:\/\/pubeurope.com\/@fr\/115663001381226958","error":""},"_links":{"self":[{"href":"https:\/\/www.europesays.com\/fr\/wp-json\/wp\/v2\/posts\/578229","targetHints":{"allow":["GET"]}}],"collection":[{"href":"https:\/\/www.europesays.com\/fr\/wp-json\/wp\/v2\/posts"}],"about":[{"href":"https:\/\/www.europesays.com\/fr\/wp-json\/wp\/v2\/types\/post"}],"author":[{"embeddable":true,"href":"https:\/\/www.europesays.com\/fr\/wp-json\/wp\/v2\/users\/2"}],"replies":[{"embeddable":true,"href":"https:\/\/www.europesays.com\/fr\/wp-json\/wp\/v2\/comments?post=578229"}],"version-history":[{"count":0,"href":"https:\/\/www.europesays.com\/fr\/wp-json\/wp\/v2\/posts\/578229\/revisions"}],"wp:featuredmedia":[{"embeddable":true,"href":"https:\/\/www.europesays.com\/fr\/wp-json\/wp\/v2\/media\/578230"}],"wp:attachment":[{"href":"https:\/\/www.europesays.com\/fr\/wp-json\/wp\/v2\/media?parent=578229"}],"wp:term":[{"taxonomy":"category","embeddable":true,"href":"https:\/\/www.europesays.com\/fr\/wp-json\/wp\/v2\/categories?post=578229"},{"taxonomy":"post_tag","embeddable":true,"href":"https:\/\/www.europesays.com\/fr\/wp-json\/wp\/v2\/tags?post=578229"}],"curies":[{"name":"wp","href":"https:\/\/api.w.org\/{rel}","templated":true}]}}