{"id":578240,"date":"2025-12-04T19:46:19","date_gmt":"2025-12-04T19:46:19","guid":{"rendered":"https:\/\/www.europesays.com\/fr\/578240\/"},"modified":"2025-12-04T19:46:19","modified_gmt":"2025-12-04T19:46:19","slug":"les-etats-unis-reconduisent-leur-alerte-maximale-deconseillant-tout-voyage-au-venezuela","status":"publish","type":"post","link":"https:\/\/www.europesays.com\/fr\/578240\/","title":{"rendered":"Les \u00c9tats-Unis reconduisent leur alerte maximale d\u00e9conseillant tout voyage au Venezuela"},"content":{"rendered":"<p>AA \/ Washington \/ Diyar Guldogn<\/p>\n<p>Le D\u00e9partement d\u2019\u00c9tat am\u00e9ricain a r\u00e9\u00e9dit\u00e9 mercredi son avertissement de voyage au niveau maximal concernant le Venezuela, appelant une nouvelle fois tous les citoyens am\u00e9ricains et r\u00e9sidents permanents \u00e0 quitter le pays \u00ab imm\u00e9diatement \u00bb.<\/p>\n<p>L\u2019avertissement de niveau 4 (\u201cNe pas voyager\u201d), initialement publi\u00e9 en mai et renouvel\u00e9 sans modification apr\u00e8s un examen complet, met en garde contre de graves dangers, notamment des d\u00e9tentions arbitraires, des actes de torture, le terrorisme, des enl\u00e8vements, une application arbitraire des lois, la criminalit\u00e9 violente, des troubles civils et l\u2019effondrement du syst\u00e8me de sant\u00e9 v\u00e9n\u00e9zu\u00e9lien.<\/p>\n<p>\u00ab Tous les citoyens am\u00e9ricains et r\u00e9sidents permanents aux \u00c9tats-Unis pr\u00e9sents au Venezuela sont fortement invit\u00e9s \u00e0 quitter le pays imm\u00e9diatement \u00bb, indique l\u2019avis.<\/p>\n<p>Le texte rappelle que les \u00c9tats-Unis ont retir\u00e9 tout leur personnel diplomatique de Caracas en 2019, ce qui emp\u00eache Washington de fournir des services consulaires d\u2019urgence ou de routine.<\/p>\n<p>\u00ab Toute personne disposant de la citoyennet\u00e9 am\u00e9ricaine ou d\u2019un statut de r\u00e9sident aux \u00c9tats-Unis doit quitter imm\u00e9diatement le Venezuela, y compris celles voyageant avec un passeport v\u00e9n\u00e9zu\u00e9lien ou \u00e9tranger. Ne vous rendez au Venezuela sous aucun pr\u00e9texte \u00bb, ajoute le document.<\/p>\n<p>L\u2019avertissement cite \u00e9galement de graves p\u00e9nuries de carburant, d\u2019\u00e9lectricit\u00e9, d\u2019eau, de m\u00e9dicaments et de mat\u00e9riel m\u00e9dical \u00e0 travers le pays.<\/p>\n<p>Bien qu\u2019il d\u00e9conseille formellement tout d\u00e9placement, le D\u00e9partement d\u2019\u00c9tat d\u00e9taille des mesures de pr\u00e9caution pour ceux qui d\u00e9cideraient d\u2019entrer au Venezuela ou qui ne peuvent pas quitter le pays imm\u00e9diatement.<\/p>\n<p>Parmi les recommandations : r\u00e9diger un testament, \u00e9tablir un protocole de communication avec ses proches, engager une s\u00e9curit\u00e9 priv\u00e9e et souscrire une assurance d\u2019\u00e9vacuation m\u00e9dicale.<\/p>\n<p>\u00ab Il n\u2019existe aucune mani\u00e8re s\u00fbre de voyager au Venezuela \u00bb, conclut l\u2019avis.<\/p>\n<p>* traduit de l&rsquo;anglais par Ayse Betul Akcesme<\/p>\n<p>                            &#13;<br \/>\n                                <a href=\"https:\/\/www.aa.com.tr\/fr\/p\/abonnement\/1001\" target=\"_blank\" style=\"font-size:12px; color:#444; text-decoration:none;\" rel=\"noopener\">&#13;<br \/>\n                                    Seulement une partie des d\u00e9p\u00eaches, que l&rsquo;Agence Anadolu diffuse \u00e0 ses abonn\u00e9s via le Syst\u00e8me de Diffusion interne (HAS), est diffus\u00e9e sur le site de l&rsquo;AA, de mani\u00e8re r\u00e9sum\u00e9e. <b style=\"color:#1897F7\">Contactez-nous s&rsquo;il vous pla\u00eet pour vous abonner.<\/b>&#13;<br \/>\n                                <\/a>&#13;<\/p>\n","protected":false},"excerpt":{"rendered":"AA \/ Washington \/ Diyar Guldogn Le D\u00e9partement d\u2019\u00c9tat am\u00e9ricain a r\u00e9\u00e9dit\u00e9 mercredi son avertissement de voyage au&hellip;\n","protected":false},"author":2,"featured_media":578241,"comment_status":"","ping_status":"","sticky":false,"template":"","format":"standard","meta":{"footnotes":""},"categories":[1589],"tags":[4295,11,1785,69250,73,1866,12,1864,1865,1863,308,337],"class_list":{"0":"post-578240","1":"post","2":"type-post","3":"status-publish","4":"format-standard","5":"has-post-thumbnail","7":"category-etats-unis","8":"tag-tats-unis","9":"tag-actualites","10":"tag-anadolu-ajansi","11":"tag-dpartement-dtat-amricain","12":"tag-etats-unis","13":"tag-etats-unis-damerique","14":"tag-news","15":"tag-united-states","16":"tag-united-states-of-america","17":"tag-us","18":"tag-usa","19":"tag-venezuela"},"share_on_mastodon":{"url":"https:\/\/pubeurope.com\/@fr\/115663024018359847","error":""},"_links":{"self":[{"href":"https:\/\/www.europesays.com\/fr\/wp-json\/wp\/v2\/posts\/578240","targetHints":{"allow":["GET"]}}],"collection":[{"href":"https:\/\/www.europesays.com\/fr\/wp-json\/wp\/v2\/posts"}],"about":[{"href":"https:\/\/www.europesays.com\/fr\/wp-json\/wp\/v2\/types\/post"}],"author":[{"embeddable":true,"href":"https:\/\/www.europesays.com\/fr\/wp-json\/wp\/v2\/users\/2"}],"replies":[{"embeddable":true,"href":"https:\/\/www.europesays.com\/fr\/wp-json\/wp\/v2\/comments?post=578240"}],"version-history":[{"count":0,"href":"https:\/\/www.europesays.com\/fr\/wp-json\/wp\/v2\/posts\/578240\/revisions"}],"wp:featuredmedia":[{"embeddable":true,"href":"https:\/\/www.europesays.com\/fr\/wp-json\/wp\/v2\/media\/578241"}],"wp:attachment":[{"href":"https:\/\/www.europesays.com\/fr\/wp-json\/wp\/v2\/media?parent=578240"}],"wp:term":[{"taxonomy":"category","embeddable":true,"href":"https:\/\/www.europesays.com\/fr\/wp-json\/wp\/v2\/categories?post=578240"},{"taxonomy":"post_tag","embeddable":true,"href":"https:\/\/www.europesays.com\/fr\/wp-json\/wp\/v2\/tags?post=578240"}],"curies":[{"name":"wp","href":"https:\/\/api.w.org\/{rel}","templated":true}]}}