{"id":578244,"date":"2025-12-04T19:48:29","date_gmt":"2025-12-04T19:48:29","guid":{"rendered":"https:\/\/www.europesays.com\/fr\/578244\/"},"modified":"2025-12-04T19:48:29","modified_gmt":"2025-12-04T19:48:29","slug":"en-pleines-tensions-sur-le-scaf-lallemagne-pourrait-participer-au-projet-concurrent-davion-de-combat-europeen","status":"publish","type":"post","link":"https:\/\/www.europesays.com\/fr\/578244\/","title":{"rendered":"en pleines tensions sur le Scaf, l\u2019Allemagne pourrait participer au projet concurrent d\u2019avion de combat europ\u00e9en"},"content":{"rendered":"<p>L\u2019Italie a ouvert la porte jeudi 4 d\u00e9cembre \u00e0 une participation de l\u2019Allemagne au programme d\u2019avion de combat, co-dirig\u00e9 avec le Royaume-Uni et le Japon. Ce projet GCAP est pourtant le concurrent du Scaf franco-hispano-germanique, auquel participe Berlin. Une r\u00e9union gouvernementale d\u00e9cisive doit se tenir jeudi 11 d\u00e9cembre prochain, alors que Dassault et Airbus, aux manettes industrielles du Scaf, sont au bord de la rupture.<\/p>\n<p class=\"c-paragraph\">Du Scaf au GCAP, l\u2019<a href=\"https:\/\/www.usinenouvelle.com\/industrie-dans-le-monde\/allemagne\/103\/\" target=\"_blank\" rel=\"noopener\" title=\"https:\/\/www.usinenouvelle.com\/industrie-dans-le-monde\/allemagne\/103\/\">Allemagne<\/a> pourrait virer de bord. Rome a fait savoir jeudi 4 d\u00e9cembre que l\u2019Allemagne et l\u2019Australie pourraient faire partie des pays int\u00e9ress\u00e9s par <a href=\"https:\/\/www.usinenouvelle.com\/article\/defense-bae-systems-presente-le-demonstrateur-de-son-futur-avion-de-combat-concurrent-du-scaf-d-airbus-et-dassault.N2235889\" target=\"_self\" rel=\"noopener\" title=\"https:\/\/www.usinenouvelle.com\/article\/defense-bae-systems-presente-le-demonstrateur-de-son-futur-avion-de-combat-concurrent-du-scaf-d-airbus-et-dassault.N2235889\">le programme d\u2019avion de combat \u00abGlobal combat air program\u00bb (GCAP)<\/a>. Le GCAP, qui inclut actuellement l\u2019Italie, la Grande-Bretagne et le Japon, vise \u00e0 construire un chasseur de nouvelle g\u00e9n\u00e9ration d\u2019ici \u00e0 2035. Or l\u2019Allemagne participe pour le moment au projet concurrent Scaf (Syst\u00e8me de combat a\u00e9rien du futur), d\u2019une valeur de 100 milliards d\u2019euros, aux c\u00f4t\u00e9s de la France et de l\u2019Espagne. <\/p>\n<p class=\"c-paragraph\">Ce projet doit permettre de remplacer \u00e0 partir de 2040 les Rafale fran\u00e7ais et les Eurofighter allemands et espagnols par un chasseur de sixi\u00e8me g\u00e9n\u00e9ration. Il est toutefois frein\u00e9 par des retards et d\u00e9saccords multiples entre les gouvernements et les industriels, <a href=\"https:\/\/www.usinenouvelle.com\/aero-spatial\/aeronautique\/dassault-aviation\/\" target=\"_blank\" rel=\"noopener\" title=\"https:\/\/www.usinenouvelle.com\/aero-spatial\/aeronautique\/dassault-aviation\/\">Dassault Aviation<\/a> et <a href=\"https:\/\/www.usinenouvelle.com\/aero-spatial\/airbus-group\/airbus\/\" target=\"_blank\" rel=\"noreferrer noopener\" title=\"https:\/\/www.usinenouvelle.com\/aero-spatial\/airbus-group\/airbus\/\">Airbus<\/a> en t\u00eate de file, sur la conception de l\u2019appareil, la r\u00e9partition des t\u00e2ches et les droits de propri\u00e9t\u00e9 intellectuelle.<\/p>\n<p>Escalade de tensions entre Dassault Aviation et Airbus<\/p>\n<p class=\"c-paragraph\">Alors que les deux avionneurs sont au bord de la rupture, les ministres de la D\u00e9fense fran\u00e7aise, allemand et espagnole vont se r\u00e9unir le 11 d\u00e9cembre pour discuter du projet Scaf, a d\u00e9clar\u00e9 mercredi 3 d\u00e9cembre \u00e0 Reuters une source inform\u00e9e de la tenue de cette r\u00e9union.<\/p>\n<p class=\"c-paragraph\">En septembre dernier, le PDG de Dassault Aviation, Eric Trappier, a d\u00e9clar\u00e9 que le constructeur a\u00e9ronautique fran\u00e7ais avait <a href=\"https:\/\/www.usinenouvelle.com\/article\/scaf-dassault-aviation-et-airbus-toujours-incapables-de-s-entendre-sur-le-remplacant-du-rafale.N2238272\" target=\"_blank\" rel=\"noopener\" title=\"https:\/\/www.usinenouvelle.com\/article\/scaf-dassault-aviation-et-airbus-toujours-incapables-de-s-entendre-sur-le-remplacant-du-rafale.N2238272\">la capacit\u00e9 de fabriquer seul la prochaine g\u00e9n\u00e9ration d\u2019avions de combat<\/a>, mettant au d\u00e9fi l\u2019Allemagne de faire de m\u00eame. Berlin pourrait d\u00e9cider de d\u00e9velopper un nouvel avion de chasse sans la France, avait dit par la suite \u00e0 Reuters une source inform\u00e9e, citant <a href=\"https:\/\/www.usinenouvelle.com\/article\/s-ils-ne-sont-pas-contents-ils-sont-libres-de-quitter-le-scaf-airbus-et-dassault-aviation-au-bord-de-la-rupture.N2240562\" target=\"_self\" rel=\"noopener\" title=\"https:\/\/www.usinenouvelle.com\/article\/s-ils-ne-sont-pas-contents-ils-sont-libres-de-quitter-le-scaf-airbus-et-dassault-aviation-au-bord-de-la-rupture.N2240562\">des exigences jug\u00e9es injustifi\u00e9es de la part de Dassault Aviation<\/a>.<\/p>\n<p>Le GCAP se veut rassembleur<\/p>\n<p class=\"c-paragraph\">L\u2019<a href=\"https:\/\/www.usinenouvelle.com\/industrie-dans-le-monde\/italie\/\" target=\"_blank\" rel=\"noopener\" title=\"https:\/\/www.usinenouvelle.com\/industrie-dans-le-monde\/italie\/\">Italie <\/a>a ouvert une porte de sortie. \u00abL\u2019Allemagne pourrait probablement rejoindre [le GCAP] \u00e0 l\u2019avenir\u00bb, a d\u00e9clar\u00e9 le ministre italien de la D\u00e9fense, Guido Crosetto, lors d\u2019une audition parlementaire. \u00abNous cr\u00e9ons les conditions n\u00e9cessaires pour que chaque pays souhaitant participer sache quelle voie suivre\u00bb, a-t-il d\u00e9clar\u00e9, ajoutant que \u00abl\u2019Australie pourrait \u00e9galement \u00eatre int\u00e9ress\u00e9e\u00bb et que des demandes relatives au projet venaient aussi d\u2019Arabie saoudite et du Canada. <\/p>\n<p class=\"c-paragraph\">Le ministre a \u00e9galement soulign\u00e9 que les trois pays fondateurs du projet, qui pr\u00e9voit des chasseurs furtifs op\u00e9rant en tandem avec des drones, avaient accept\u00e9 de coop\u00e9rer sur un pied d\u2019\u00e9galit\u00e9. <a href=\"https:\/\/www.usinenouvelle.com\/article\/bae-systems-leonardo-et-mitsubishi-heavy-industries-forment-une-coentreprise-pour-l-avion-du-futur.N2224346\" target=\"_self\" rel=\"noopener\" title=\"https:\/\/www.usinenouvelle.com\/article\/bae-systems-leonardo-et-mitsubishi-heavy-industries-forment-une-coentreprise-pour-l-avion-du-futur.N2224346\">Le GCAP est dirig\u00e9 par Mitsubishi Heavy Industries au Japon, BAE Systems en Grande-Bretagne et Leonardo en Itali<\/a>e. \u00abPlus il y a de pays participants, plus la masse critique dans laquelle vous pouvez investir est importante, plus vous pouvez rassembler de cerveaux, plus le rendement \u00e9conomique est important et moins cela nous co\u00fbte cher\u00bb, a d\u00e9clar\u00e9 Guido Crosetto.<\/p>\n<p class=\"c-paragraph\"><b>Avec Reuters (Sabine Siebold, r\u00e9dig\u00e9 par Madeline Chambers, version fran\u00e7aise Bertrand Boucey, \u00e9dit\u00e9 par Sophie Louet ; reportage Angelo Amante, version fran\u00e7aise Benjamin Mallet, \u00e9dit\u00e9 par Sophie Louet)<\/b><\/p>\n","protected":false},"excerpt":{"rendered":"L\u2019Italie a ouvert la porte jeudi 4 d\u00e9cembre \u00e0 une participation de l\u2019Allemagne au programme d\u2019avion de combat,&hellip;\n","protected":false},"author":2,"featured_media":578245,"comment_status":"","ping_status":"","sticky":false,"template":"","format":"standard","meta":{"footnotes":""},"categories":[1587],"tags":[11,670,69251,32182,672,1804,20286,1805,554,1803,1777,674,1801,2124,452,69252,14883,12,1802,29284],"class_list":{"0":"post-578244","1":"post","2":"type-post","3":"status-publish","4":"format-standard","5":"has-post-thumbnail","7":"category-allemagne","8":"tag-actualites","9":"tag-aero-spatial","10":"tag-airbus-defence-and-space","11":"tag-airbus-group","12":"tag-allemagne","13":"tag-bundesrepublik-deutschland","14":"tag-dassault-aviation","15":"tag-de","16":"tag-defense","17":"tag-deutschland","18":"tag-eu","19":"tag-europe","20":"tag-germany","21":"tag-infos-reuters","22":"tag-italie","23":"tag-lindustrie-dans-le-monde","24":"tag-made-in-france","25":"tag-news","26":"tag-republique-federale-dallemagne","27":"tag-scaf"},"share_on_mastodon":{"url":"https:\/\/pubeurope.com\/@fr\/115663031835922923","error":""},"_links":{"self":[{"href":"https:\/\/www.europesays.com\/fr\/wp-json\/wp\/v2\/posts\/578244","targetHints":{"allow":["GET"]}}],"collection":[{"href":"https:\/\/www.europesays.com\/fr\/wp-json\/wp\/v2\/posts"}],"about":[{"href":"https:\/\/www.europesays.com\/fr\/wp-json\/wp\/v2\/types\/post"}],"author":[{"embeddable":true,"href":"https:\/\/www.europesays.com\/fr\/wp-json\/wp\/v2\/users\/2"}],"replies":[{"embeddable":true,"href":"https:\/\/www.europesays.com\/fr\/wp-json\/wp\/v2\/comments?post=578244"}],"version-history":[{"count":0,"href":"https:\/\/www.europesays.com\/fr\/wp-json\/wp\/v2\/posts\/578244\/revisions"}],"wp:featuredmedia":[{"embeddable":true,"href":"https:\/\/www.europesays.com\/fr\/wp-json\/wp\/v2\/media\/578245"}],"wp:attachment":[{"href":"https:\/\/www.europesays.com\/fr\/wp-json\/wp\/v2\/media?parent=578244"}],"wp:term":[{"taxonomy":"category","embeddable":true,"href":"https:\/\/www.europesays.com\/fr\/wp-json\/wp\/v2\/categories?post=578244"},{"taxonomy":"post_tag","embeddable":true,"href":"https:\/\/www.europesays.com\/fr\/wp-json\/wp\/v2\/tags?post=578244"}],"curies":[{"name":"wp","href":"https:\/\/api.w.org\/{rel}","templated":true}]}}