{"id":578246,"date":"2025-12-04T19:49:15","date_gmt":"2025-12-04T19:49:15","guid":{"rendered":"https:\/\/www.europesays.com\/fr\/578246\/"},"modified":"2025-12-04T19:49:15","modified_gmt":"2025-12-04T19:49:15","slug":"leurope-doit-sauver-lukraine-pour-se-sauver-elle-meme","status":"publish","type":"post","link":"https:\/\/www.europesays.com\/fr\/578246\/","title":{"rendered":"\u00abL\u2019Europe doit sauver l\u2019Ukraine pour se sauver elle-m\u00eame\u00bb"},"content":{"rendered":"<p>\n    <strong>ANALYSE <\/strong>&#8211; Le plan Witkoff-Trump-Poutine visant \u00e0 enterrer l\u2019int\u00e9grit\u00e9 territoriale de l\u2019Ukraine et ses besoins de s\u00e9curit\u00e9 sous de juteux contrats russo-am\u00e9ricains dessine un basculement tragique\u00a0: l\u2019Am\u00e9rique trumpiste ne se pense plus comme le protecteur et partenaire strat\u00e9gique de l\u2019Europe.<\/p>\n<p class=\"fig-paragraph\">La sc\u00e8ne surr\u00e9aliste qui a vu mardi\u00a0<a href=\"http:\/\/www.lefigaro.fr\/international\/guerre-en-ukraine-aucun-compromis-sur-les-territoires-occupes-apres-une-rencontre-entre-poutine-et-witkoff-a-moscou-20251203\" data-fig-type=\"NewsFlash\" data-gtm-custom-categorie=\"navigation\" data-gtm-custom-action=\"crossclick\" data-gtm-custom-label=\"Contextuel\" data-gtm-event=\"customEventSPE\" data-fig-domain=\"LEFIGARO\" target=\"_blank\" rel=\"noopener\">l\u2019\u00e9missaire sp\u00e9cial de Donald Trump<\/a>\u00a0et son gendre Jared Kushner rencontrer un<a href=\"http:\/\/www.lefigaro.fr\/international\/vladimir-poutine-porte-la-responsabilite-morale-de-la-mort-d-une-britannique-empoisonnee-au-novitchok-selon-les-conclusions-d-une-enquete-20251204\" data-fig-type=\"NewsFlash\" data-gtm-custom-categorie=\"navigation\" data-gtm-custom-action=\"crossclick\" data-gtm-custom-label=\"Contextuel\" data-gtm-event=\"customEventSPE\" data-fig-domain=\"LEFIGARO\" target=\"_blank\" rel=\"noopener\">\u00a0Vladimir Poutine<\/a>\u00a0triomphant puis se promener gaiement dans Moscou, comme si s\u2019ouvrait entre la Russie et l\u2019Am\u00e9rique un avenir bilat\u00e9ral radieux, a illustr\u00e9 avec \u00e9clat le basculement g\u00e9opolitique tragique que nous vivons. La s\u00e9paration de corps para\u00eet proche entre les deux rives de l\u2019Atlantique, m\u00eame si des dizaines de milliers de soldats am\u00e9ricains sont toujours stationn\u00e9s sur notre sol. Car l\u2019Am\u00e9rique trumpiste est pr\u00eate \u00e0 accepter un d\u00e9membrement partiel de l\u2019Ukraine en \u00e9change de juteux contrats et d\u2019un suppos\u00e9 nouvel \u00e2ge d\u2019or des relations bilat\u00e9rales \u00c9tats-Unis-Russie.<\/p>\n<p class=\"fig-paragraph\">Avec un m\u00e9lange paradoxal de cynisme et de na\u00efvet\u00e9 strat\u00e9gique, elle rumine d\u2019enterrer sous des piles de contrats commerciaux \u00e0 la fois l\u2019int\u00e9grit\u00e9 territoriale de l\u2019Ukraine, les crimes du r\u00e9gime poutinien et la s\u00e9curit\u00e9 de l\u2019Europe. Sans comprendre que ce stratag\u00e8me de promoteur immobilier reviendra la mordre\u2026<\/p>\n<p class=\"fig-premium-paywall__infos\">\n        Cet article est r\u00e9serv\u00e9 aux abonn\u00e9s.        Il vous reste 70% \u00e0 d\u00e9couvrir.\n    <\/p>\n<p>                <img  data- alt=\"Le Figaro\" class=\"fig-img--complete fig-img\"\/><\/p>\n<p class=\"fig-premium-paywall__title\">Vous avez envie de lire la suite ?<\/p>\n<p class=\"fig-premium-paywall__subtitle\">D\u00e9bloquez tous les articles imm\u00e9diatement.<\/p>\n<p class=\"fig-premium-paywall__connect\">\n                D\u00e9j\u00e0 abonn\u00e9\u00a0?                <a class=\"fig-premium-paywall__connect-link\" href=\"https:\/\/connect.lefigaro.fr\/login?client=horizon_web&amp;type=main&amp;redirect_uri=https%3A%2F%2Fwww.lefigaro.fr%2Fvox%2Fmonde%2Flaure-mandeville-l-europe-doit-sauver-l-ukraine-pour-se-sauver-elle-meme-20251204\" data-js-gtm=\"{&quot;customCategorie&quot;: &quot;conversion&quot;, &quot;customAction&quot;: &quot;before_Landing_Connexion_paywall_auto&quot;, &quot;customLabel&quot;: &quot;bGVmaWdhcm8uZnJfXzFmMGQwZWI5LTY2NjctNmUxYy04OTM4LTUzNzM5NmNjNTA2Yl9fQXJ0aWNsZQ==_Laure Mandeville\u00a0: \u00abL\u2019Europe doit sauver l\u2019Ukraine pour se sauver elle-m\u00eame\u00bb_306&quot;, &quot;customIDSPE&quot;: &quot;bGVmaWdhcm8uZnJfXzFmMGQwZWI5LTY2NjctNmUxYy04OTM4LTUzNzM5NmNjNTA2Yl9fQXJ0aWNsZQ==&quot;, &quot;event&quot;: &quot;customEventSPE&quot;}\" target=\"_blank\" rel=\"noopener\"><br \/>\n                    Connectez-vous<br \/>\n                <\/a>\n            <\/p>\n","protected":false},"excerpt":{"rendered":"ANALYSE &#8211; Le plan Witkoff-Trump-Poutine visant \u00e0 enterrer l\u2019int\u00e9grit\u00e9 territoriale de l\u2019Ukraine et ses besoins de s\u00e9curit\u00e9 sous&hellip;\n","protected":false},"author":2,"featured_media":578247,"comment_status":"","ping_status":"","sticky":false,"template":"","format":"standard","meta":{"footnotes":""},"categories":[1586],"tags":[11,75,1777,674,1011,27,131,22276,12,25,220],"class_list":{"0":"post-578246","1":"post","2":"type-post","3":"status-publish","4":"format-standard","5":"has-post-thumbnail","7":"category-europe","8":"tag-actualites","9":"tag-donald-trump","10":"tag-eu","11":"tag-europe","12":"tag-fr","13":"tag-france","14":"tag-guerre-en-ukraine","15":"tag-jared-kushner","16":"tag-news","17":"tag-republique-francaise","18":"tag-ukraine"},"share_on_mastodon":{"url":"https:\/\/pubeurope.com\/@fr\/115663035807320115","error":""},"_links":{"self":[{"href":"https:\/\/www.europesays.com\/fr\/wp-json\/wp\/v2\/posts\/578246","targetHints":{"allow":["GET"]}}],"collection":[{"href":"https:\/\/www.europesays.com\/fr\/wp-json\/wp\/v2\/posts"}],"about":[{"href":"https:\/\/www.europesays.com\/fr\/wp-json\/wp\/v2\/types\/post"}],"author":[{"embeddable":true,"href":"https:\/\/www.europesays.com\/fr\/wp-json\/wp\/v2\/users\/2"}],"replies":[{"embeddable":true,"href":"https:\/\/www.europesays.com\/fr\/wp-json\/wp\/v2\/comments?post=578246"}],"version-history":[{"count":0,"href":"https:\/\/www.europesays.com\/fr\/wp-json\/wp\/v2\/posts\/578246\/revisions"}],"wp:featuredmedia":[{"embeddable":true,"href":"https:\/\/www.europesays.com\/fr\/wp-json\/wp\/v2\/media\/578247"}],"wp:attachment":[{"href":"https:\/\/www.europesays.com\/fr\/wp-json\/wp\/v2\/media?parent=578246"}],"wp:term":[{"taxonomy":"category","embeddable":true,"href":"https:\/\/www.europesays.com\/fr\/wp-json\/wp\/v2\/categories?post=578246"},{"taxonomy":"post_tag","embeddable":true,"href":"https:\/\/www.europesays.com\/fr\/wp-json\/wp\/v2\/tags?post=578246"}],"curies":[{"name":"wp","href":"https:\/\/api.w.org\/{rel}","templated":true}]}}