{"id":578248,"date":"2025-12-04T19:50:15","date_gmt":"2025-12-04T19:50:15","guid":{"rendered":"https:\/\/www.europesays.com\/fr\/578248\/"},"modified":"2025-12-04T19:50:15","modified_gmt":"2025-12-04T19:50:15","slug":"a-brest-un-homme-mis-en-examen-pour-avoir-viole-sa-fille-avec-qui-il-a-eu-trois-enfants-liberation","status":"publish","type":"post","link":"https:\/\/www.europesays.com\/fr\/578248\/","title":{"rendered":"A Brest, un homme mis en examen pour avoir viol\u00e9 sa fille, avec qui il a eu trois enfants \u2013 Lib\u00e9ration"},"content":{"rendered":"<p class=\"sc-cPiKLX AiZTS text-element\">Tout est parti d\u2019un signalement du Conseil d\u00e9partemental du Finist\u00e8re apr\u00e8s qu\u2019un gar\u00e7on de 11 ans a parl\u00e9, \u00abmettant en cause son p\u00e8re et sa m\u00e8re, elle-m\u00eame fille du pr\u00e9c\u00e9dent\u00bb, a indiqu\u00e9 ce jeudi 4 d\u00e9cembre le procureur de la R\u00e9publique de Brest, St\u00e9phane Kellenberger, confirmant une information de <a href=\"https:\/\/www.ouest-france.fr\/societe\/faits-divers\/inceste\/info-ouest-france-a-brest-il-a-des-enfants-avec-sa-fille-et-contraint-son-fils-a-des-relations-sexuelles-avec-elle-a16bb77c-d029-11f0-b23a-af5f5b40838c\" target=\"_blank\" rel=\"noopener\" title=\"https:\/\/www.ouest-france.fr\/societe\/faits-divers\/inceste\/info-ouest-france-a-brest-il-a-des-enfants-avec-sa-fille-et-contraint-son-fils-a-des-relations-sexuelles-avec-elle-a16bb77c-d029-11f0-b23a-af5f5b40838c\">Ouest-France<\/a>. \u00abLe signalement rapportait <a href=\"https:\/\/www.liberation.fr\/societe\/climat-incestuel-javais-limpression-detre-a-la-place-de-ma-mere-20220203_MWU4SERVANAK7OW7DTGR77ZSX4\/\" target=\"_blank\" rel=\"noopener\" title=\"https:\/\/www.liberation.fr\/societe\/climat-incestuel-javais-limpression-detre-a-la-place-de-ma-mere-20220203_MWU4SERVANAK7OW7DTGR77ZSX4\/\">un climat incestueux<\/a>, des violences et d\u00e9viances au sein de la famille\u00bb qui vivait \u00e0 Brest, a ajout\u00e9 le procureur.<\/p>\n<p class=\"sc-cPiKLX AiZTS text-element\">Le p\u00e8re a \u00e9t\u00e9 mis en examen et \u00e9crou\u00e9 pour des viols sur sa fille, avec qui il a eu trois enfants. Au moins l\u2019un d\u2019entre eux a aussi subi des violences sexuelles, a confirm\u00e9 le parquet de Brest \u00e0 l\u2019AFP ce jeudi 4 d\u00e9cembre. Une enqu\u00eate pr\u00e9liminaire a \u00e9t\u00e9 ouverte pour ces faits s\u2019\u00e9tant d\u00e9roul\u00e9s sur plusieurs ann\u00e9es, pr\u00e9cise le parquet.<\/p>\n<p class=\"sc-cPiKLX AiZTS text-element\">Selon Ouest-France, le p\u00e8re, \u00e2g\u00e9 de 58 ans, a d\u00e9clar\u00e9 \u00eatre \u00aben couple\u00bb depuis plusieurs ann\u00e9es avec sa fille de 33 ans. Il lui aurait administr\u00e9 un antipsychotique pour provoquer chez elle des somnolences. Il aurait aussi contraint son fils de 11 ans \u00e0 avoir des relations sexuelles avec sa propre m\u00e8re.<\/p>\n<p class=\"sc-cPiKLX AiZTS text-element\">Les parents ont \u00e9t\u00e9 interpell\u00e9s et plac\u00e9s en garde \u00e0 vue le 26 novembre. A l\u2019issue, le p\u00e8re a notamment \u00e9t\u00e9 mis en examen pour \u00abviol incestueux aggrav\u00e9\u00bb, \u00abviol avec <a href=\"https:\/\/www.liberation.fr\/idees-et-debats\/editorial\/soumission-chimique-la-prise-de-conscience-du-monde-medical-20250901_SSOOZKA7ZNCB7M3JJLVKYFDM2Y\/\" target=\"_blank\" rel=\"noopener\" title=\"https:\/\/www.liberation.fr\/idees-et-debats\/editorial\/soumission-chimique-la-prise-de-conscience-du-monde-medical-20250901_SSOOZKA7ZNCB7M3JJLVKYFDM2Y\/\">administration d\u2019une substance \u00e0 la victime \u00e0 son insu<\/a>\u00bb ou encore \u00abcorruption de mineur\u00bb. Il a \u00e9t\u00e9 plac\u00e9 en d\u00e9tention provisoire.<\/p>\n<p class=\"sc-cPiKLX AiZTS text-element\">La m\u00e8re, \u00abpar ailleurs elle-m\u00eame victime\u00bb, comme soulign\u00e9 par le procureur, est pour sa part poursuivie pour \u00abviolences habituelles\u00bb sur un mineur et \u00abcorruption de mineur\u00bb, et laiss\u00e9e libre sous contr\u00f4le judiciaire.<\/p>\n<p class=\"sc-cPiKLX AiZTS text-element\">Le fils a\u00een\u00e9 s\u2019est vu prescrire trente jours d\u2019incapacit\u00e9 totale de travail (ITT), tandis que pour ses cadettes, jumelles \u00e2g\u00e9es de 8 ans, l\u2019ITT a \u00e9t\u00e9 estim\u00e9e \u00e0 huit jours, a pr\u00e9cis\u00e9 St\u00e9phane Kellenberger. Ils ont \u00e9t\u00e9 pris en charge par l\u2019Aide sociale \u00e0 l\u2019enfance et plac\u00e9s.<\/p>\n","protected":false},"excerpt":{"rendered":"Tout est parti d\u2019un signalement du Conseil d\u00e9partemental du Finist\u00e8re apr\u00e8s qu\u2019un gar\u00e7on de 11 ans a parl\u00e9,&hellip;\n","protected":false},"author":2,"featured_media":578249,"comment_status":"","ping_status":"","sticky":false,"template":"","format":"standard","meta":{"footnotes":""},"categories":[1586],"tags":[11,1777,674,1779,1011,27,651,12,10228,25,48398,1778,364,797],"class_list":{"0":"post-578248","1":"post","2":"type-post","3":"status-publish","4":"format-standard","5":"has-post-thumbnail","7":"category-europe","8":"tag-actualites","9":"tag-eu","10":"tag-europe","11":"tag-european-union","12":"tag-fr","13":"tag-france","14":"tag-inceste","15":"tag-news","16":"tag-protection-de-l-enfance","17":"tag-republique-francaise","18":"tag-soumission-chimique","19":"tag-ue","20":"tag-union-europeenne","21":"tag-violences-faites-aux-femmes"},"share_on_mastodon":{"url":"https:\/\/pubeurope.com\/@fr\/115663039646317337","error":""},"_links":{"self":[{"href":"https:\/\/www.europesays.com\/fr\/wp-json\/wp\/v2\/posts\/578248","targetHints":{"allow":["GET"]}}],"collection":[{"href":"https:\/\/www.europesays.com\/fr\/wp-json\/wp\/v2\/posts"}],"about":[{"href":"https:\/\/www.europesays.com\/fr\/wp-json\/wp\/v2\/types\/post"}],"author":[{"embeddable":true,"href":"https:\/\/www.europesays.com\/fr\/wp-json\/wp\/v2\/users\/2"}],"replies":[{"embeddable":true,"href":"https:\/\/www.europesays.com\/fr\/wp-json\/wp\/v2\/comments?post=578248"}],"version-history":[{"count":0,"href":"https:\/\/www.europesays.com\/fr\/wp-json\/wp\/v2\/posts\/578248\/revisions"}],"wp:featuredmedia":[{"embeddable":true,"href":"https:\/\/www.europesays.com\/fr\/wp-json\/wp\/v2\/media\/578249"}],"wp:attachment":[{"href":"https:\/\/www.europesays.com\/fr\/wp-json\/wp\/v2\/media?parent=578248"}],"wp:term":[{"taxonomy":"category","embeddable":true,"href":"https:\/\/www.europesays.com\/fr\/wp-json\/wp\/v2\/categories?post=578248"},{"taxonomy":"post_tag","embeddable":true,"href":"https:\/\/www.europesays.com\/fr\/wp-json\/wp\/v2\/tags?post=578248"}],"curies":[{"name":"wp","href":"https:\/\/api.w.org\/{rel}","templated":true}]}}