{"id":578260,"date":"2025-12-04T19:57:11","date_gmt":"2025-12-04T19:57:11","guid":{"rendered":"https:\/\/www.europesays.com\/fr\/578260\/"},"modified":"2025-12-04T19:57:11","modified_gmt":"2025-12-04T19:57:11","slug":"atp-boris-becker-lorsque-rafael-nadal-avait-14-ans-toni-ma-demande-une-chose-je-lui-ai-dit-que-ce-netait-pas-une-bonne-idee","status":"publish","type":"post","link":"https:\/\/www.europesays.com\/fr\/578260\/","title":{"rendered":"ATP > Boris Becker : \u00ab\u00a0Lorsque Rafael Nadal avait 14 ans, Toni m&rsquo;a demand\u00e9 une chose. Je lui ai dit que ce n&rsquo;\u00e9tait pas une bonne id\u00e9e\u00a0\u00bb"},"content":{"rendered":"<p>R\u00e9cemment invit\u00e9e d\u2019une \u00e9mis\u00adsion de t\u00e9l\u00e9\u00advi\u00adsion espa\u00adgnole, la <a href=\"https:\/\/www.rtve.es\/play\/videos\/la-revuelta\/programa-02-12-2025-boris-becker-edu-casanova-maria-leon\/16842396\/\" data-wpel-link=\"external\" target=\"_blank\" rel=\"nofollow external noopener\">Revuelta<\/a>, Boris Becker a \u00e9t\u00e9 inter\u00adrog\u00e9 sur de nombreux sujet et notam\u00adment sur Rafael Nadal. Et l\u2019an\u00adcien cham\u00adpion alle\u00admand en a profit\u00e9 pour raconter une petite anecdote.\u00a0<\/p>\n<p><strong>\u00ab\u202fToni m\u2019a demand\u00e9 ce que je pensais de Nadal \u00e0 14 ans, car il est droi\u00adtier, mais jouait de la main gauche. Mais \u00e0 l\u2019\u00e9poque, Rafa frap\u00adpait ses coups avec les deux mains, et j\u2019ai dit \u00e0 Toni que ce n\u2019\u00e9tait pas une bonne id\u00e9e, que le mieux \u00e9tait qu\u2019il n\u2019uti\u00adlise qu\u2019une seule main pour le coup droit. Regardez, \u00e7a a bien march\u00e9 pour eux (rires). Mais Rafa a aussi certains m\u00e9rites.\u202f\u00bb<\/strong><\/p>\n<p class=\"post-published-date\" style=\"color: silver; font-size: 75%; text-align: left;\">Publi\u00e9 le jeudi 4 d\u00e9cembre 2025 \u00e0 14:44<\/p>\n","protected":false},"excerpt":{"rendered":"R\u00e9cemment invit\u00e9e d\u2019une \u00e9mis\u00adsion de t\u00e9l\u00e9\u00advi\u00adsion espa\u00adgnole, la Revuelta, Boris Becker a \u00e9t\u00e9 inter\u00adrog\u00e9 sur de nombreux sujet&hellip;\n","protected":false},"author":2,"featured_media":578261,"comment_status":"","ping_status":"","sticky":false,"template":"","format":"standard","meta":{"footnotes":""},"categories":[1415],"tags":[1011,27,1960,60,1467],"class_list":{"0":"post-578260","1":"post","2":"type-post","3":"status-publish","4":"format-standard","5":"has-post-thumbnail","7":"category-tennis","8":"tag-fr","9":"tag-france","10":"tag-nadal","11":"tag-sports","12":"tag-tennis"},"share_on_mastodon":{"url":"https:\/\/pubeurope.com\/@fr\/115663067124642705","error":""},"_links":{"self":[{"href":"https:\/\/www.europesays.com\/fr\/wp-json\/wp\/v2\/posts\/578260","targetHints":{"allow":["GET"]}}],"collection":[{"href":"https:\/\/www.europesays.com\/fr\/wp-json\/wp\/v2\/posts"}],"about":[{"href":"https:\/\/www.europesays.com\/fr\/wp-json\/wp\/v2\/types\/post"}],"author":[{"embeddable":true,"href":"https:\/\/www.europesays.com\/fr\/wp-json\/wp\/v2\/users\/2"}],"replies":[{"embeddable":true,"href":"https:\/\/www.europesays.com\/fr\/wp-json\/wp\/v2\/comments?post=578260"}],"version-history":[{"count":0,"href":"https:\/\/www.europesays.com\/fr\/wp-json\/wp\/v2\/posts\/578260\/revisions"}],"wp:featuredmedia":[{"embeddable":true,"href":"https:\/\/www.europesays.com\/fr\/wp-json\/wp\/v2\/media\/578261"}],"wp:attachment":[{"href":"https:\/\/www.europesays.com\/fr\/wp-json\/wp\/v2\/media?parent=578260"}],"wp:term":[{"taxonomy":"category","embeddable":true,"href":"https:\/\/www.europesays.com\/fr\/wp-json\/wp\/v2\/categories?post=578260"},{"taxonomy":"post_tag","embeddable":true,"href":"https:\/\/www.europesays.com\/fr\/wp-json\/wp\/v2\/tags?post=578260"}],"curies":[{"name":"wp","href":"https:\/\/api.w.org\/{rel}","templated":true}]}}