{"id":578266,"date":"2025-12-04T20:03:12","date_gmt":"2025-12-04T20:03:12","guid":{"rendered":"https:\/\/www.europesays.com\/fr\/578266\/"},"modified":"2025-12-04T20:03:12","modified_gmt":"2025-12-04T20:03:12","slug":"fabrice-luchini-emu-aux-larmes-par-le-temoignage-dune-auditrice-de-france-inter","status":"publish","type":"post","link":"https:\/\/www.europesays.com\/fr\/578266\/","title":{"rendered":"Fabrice Luchini \u00e9mu aux larmes par le t\u00e9moignage d\u2019une auditrice de France Inter"},"content":{"rendered":"<p>                             Par No\u00e9mie Dajon<\/p>\n<p>                Le 4 d\u00e9cembre 2025 \u00e0 17h23<\/p>\n<p>    Fabrice Luchini \u00e0 \u00abFrance Inter\u00bb<br \/>\n                Capture d&rsquo;\u00e9cran\/France Inter<\/p>\n<p>\n    <strong>VID\u00c9O<\/strong> &#8211; Invit\u00e9 sur le plateau de la \u00abGrande matinale\u00bb ce jeudi 4 d\u00e9cembre, le com\u00e9dien, les larmes aux yeux, a r\u00e9agi \u00e0 la d\u00e9claration d\u2019une auditrice.<\/p>\n<p class=\"fig-paragraph\">Ce jeudi matin, au micro de\u00a0<a href=\"http:\/\/tvmag.lefigaro.fr\/programme-tv\/people\/il-y-a-une-couille-dans-le-potage-recadre-par-la-patronne-de-france-inter-bertrand-chameroy-replique-20251117\" data-fig-type=\"Article\" data-gtm-custom-categorie=\"navigation\" data-gtm-custom-action=\"crossclick\" data-gtm-custom-label=\"Contextuel\" data-gtm-event=\"customEventSPE\" data-fig-domain=\"TVMAG\" target=\"_blank\" rel=\"noopener\">France Inter<\/a>,\u00a0<a href=\"http:\/\/tvmag.lefigaro.fr\/programme-tv\/actu-tele\/l-hommage-de-fabrice-luchini-a-philippe-labro-cet-esprit-curieux-a-ete-tres-important-dans-mon-parcours-20250604\" data-fig-type=\"Article\" data-gtm-custom-categorie=\"navigation\" data-gtm-custom-action=\"crossclick\" data-gtm-custom-label=\"Contextuel\" data-gtm-event=\"customEventSPE\" data-fig-domain=\"TVMAG\" target=\"_blank\" rel=\"noopener\">Fabrice Luchini\u00a0<\/a>avait bien du mal \u00e0 cacher son \u00e9motion . En cause\u00a0: les paroles d\u2019une auditrice pr\u00e9nomm\u00e9e Agathe, jeune com\u00e9dienne, f\u00e9licitant l\u2019acteur pour sa performance au Th\u00e9\u00e2tre des Bouffes-Parisiens, sur sa lecture de Victor Hugo: \u00ab C\u2019\u00e9tait une vraie rencontre, d\u00e9bute-t-elle. Comme si on d\u00e9couvrait pour la premi\u00e8re fois le th\u00e9\u00e2tre, ce qu\u2019il peut apporter \u00e0 l\u2019individu, la personne. On retrouve une virginit\u00e9 totale. Ce n\u2019est pas un monsieur qui fait un spectacle sur une sc\u00e8ne, c\u2019est un monsieur qui joue avec les spectateurs\u00a0\u00bb, d\u00e9crit avec po\u00e9sie la femme. \u00ab C\u2019est un monsieur qui nous entra\u00eene dans son monde, dans son \u00e9motion, dans son humanit\u00e9. \u00c7a m\u2019a boulevers\u00e9!Je trouve que \u00e7a va au-del\u00e0 de ce que pourrait faire comme critique d\u2019un th\u00e9\u00e2tre sur Victor Hugo\u00bb, a-t-elle conclu.<\/p>\n<p class=\"fig-paragraph\">Face \u00e0 cette d\u00e9claration, le com\u00e9dien de 74 ans peine \u00e0 trouver ses mots, vraisemblablement \u00e9mu par tant de compliments\u00a0: \u00abMadame Agathe, je voudrais vous remercier profond\u00e9ment. \u00c0 mon \u00e2ge, je ne vais pas mentir, \u00e7a me bouleverse. Comme je suis un peu fatigu\u00e9 ce matin, j\u2019en ai un peu les larmes aux yeux. Il ne faut pas que j\u2019en fasse des kilos, mais \u00e7a me bouleverse\u00a0\u00bb souffle-t-il.<\/p>\n<p>                                                                <a class=\"fig-a11y-skip\" href=\"#fig-a11y-skip-main-inarticle\" data-module=\"a11y-skip\" data-context=\"was @visible\"><br \/>\n    Passer la publicit\u00e9<br \/>\n<\/a>            <\/p>\n<p class=\"fig-paragraph\"><strong>\u00abJ\u2019ai surtout conscience de la qualit\u00e9 des spectateurs!\u00bb<\/strong><\/p>\n<p class=\"fig-paragraph\">Si la prestation de Fabrice Luchini sur les planches, a laiss\u00e9 en \u00e9moi cette spectatrice, le principal int\u00e9ress\u00e9 se dit lui-m\u00eame ravi de ce succ\u00e8s inesp\u00e9r\u00e9. \u00ab C\u2019\u00e9tait une p\u00e9riode miraculeuse\u00a0! Vous savez, \u00e7a fait deux ans que je joue et le spectacle est \u00e9videmment d\u00e9fendu tout le temps. Mais la semaine derni\u00e8re, je vous jure que c\u2019est vrai, je vous donne la parole sur la t\u00eate de ma fille, il y a eu une dizaine de s\u00e9ances miraculeuses\u2026\u00a0\u00bb, affirme-t-il encore au micro rouge. Interrog\u00e9 sur la r\u00e9ussite de ses repr\u00e9sentations, l\u2019acteur nomm\u00e9 onze fois aux C\u00e9sar r\u00e9pond avec humilit\u00e9\u00a0: \u00abJ\u2019ai surtout conscience de la qualit\u00e9 des spectateurs\u00a0!\u00bb<\/p>\n<p class=\"fig-paragraph\">Ce spectacle, l\u2019auteur de Com\u00e9die fran\u00e7aise: \u00c7a a d\u00e9but\u00e9 comme \u00e7a&#8230; l\u2019a d\u2019abord d\u00e9fendu dans les plus petites salles parisiennes, craignant que l\u2019engouement ne soit pas tout de suite assur\u00e9. Finalement, le com\u00e9dien se produit au Th\u00e9\u00e2tre des Bouffes Parisiens jusqu\u2019au 16 d\u00e9cembre, puis au Th\u00e9\u00e2tre de l\u2019Atelier du 19 janvier au 31 mars 2026, esp\u00e9rant, peut-\u00eatre, recevoir de nouvelles d\u00e9clarations de la part de son public.<\/p>\n","protected":false},"excerpt":{"rendered":"Par No\u00e9mie Dajon Le 4 d\u00e9cembre 2025 \u00e0 17h23 Fabrice Luchini \u00e0 \u00abFrance Inter\u00bb Capture d&rsquo;\u00e9cran\/France Inter VID\u00c9O&hellip;\n","protected":false},"author":2,"featured_media":578267,"comment_status":"","ping_status":"","sticky":false,"template":"","format":"standard","meta":{"footnotes":""},"categories":[1359],"tags":[58,59,4230,1011,27,9102,973],"class_list":{"0":"post-578266","1":"post","2":"type-post","3":"status-publish","4":"format-standard","5":"has-post-thumbnail","7":"category-people","8":"tag-divertissement","9":"tag-entertainment","10":"tag-fabrice-luchini","11":"tag-fr","12":"tag-france","13":"tag-france-inter","14":"tag-people"},"share_on_mastodon":{"url":"https:\/\/pubeurope.com\/@fr\/115663090748667393","error":""},"_links":{"self":[{"href":"https:\/\/www.europesays.com\/fr\/wp-json\/wp\/v2\/posts\/578266","targetHints":{"allow":["GET"]}}],"collection":[{"href":"https:\/\/www.europesays.com\/fr\/wp-json\/wp\/v2\/posts"}],"about":[{"href":"https:\/\/www.europesays.com\/fr\/wp-json\/wp\/v2\/types\/post"}],"author":[{"embeddable":true,"href":"https:\/\/www.europesays.com\/fr\/wp-json\/wp\/v2\/users\/2"}],"replies":[{"embeddable":true,"href":"https:\/\/www.europesays.com\/fr\/wp-json\/wp\/v2\/comments?post=578266"}],"version-history":[{"count":0,"href":"https:\/\/www.europesays.com\/fr\/wp-json\/wp\/v2\/posts\/578266\/revisions"}],"wp:featuredmedia":[{"embeddable":true,"href":"https:\/\/www.europesays.com\/fr\/wp-json\/wp\/v2\/media\/578267"}],"wp:attachment":[{"href":"https:\/\/www.europesays.com\/fr\/wp-json\/wp\/v2\/media?parent=578266"}],"wp:term":[{"taxonomy":"category","embeddable":true,"href":"https:\/\/www.europesays.com\/fr\/wp-json\/wp\/v2\/categories?post=578266"},{"taxonomy":"post_tag","embeddable":true,"href":"https:\/\/www.europesays.com\/fr\/wp-json\/wp\/v2\/tags?post=578266"}],"curies":[{"name":"wp","href":"https:\/\/api.w.org\/{rel}","templated":true}]}}