{"id":578268,"date":"2025-12-04T20:04:12","date_gmt":"2025-12-04T20:04:12","guid":{"rendered":"https:\/\/www.europesays.com\/fr\/578268\/"},"modified":"2025-12-04T20:04:12","modified_gmt":"2025-12-04T20:04:12","slug":"apres-la-brocante-odile-grunberg-lance-sa-galerie-a-montbron-qui-mele-photos-et-peintures","status":"publish","type":"post","link":"https:\/\/www.europesays.com\/fr\/578268\/","title":{"rendered":"Apr\u00e8s la brocante, Odile Grunberg lance sa galerie, \u00e0 Montbron, qui m\u00eale photos et peintures"},"content":{"rendered":"<p>    La r\u00e9daction vous conseille<\/p>\n<p>\u00ab\u00a0Je suis chineuse passionn\u00e9e depuis toujours\u00a0\u00bb, confie-t-elle. La brocante \u00e9tant loin d\u2019occuper toute l\u2019\u00e9nergie de cette hyperactive, l\u2019ouverture d\u2019un espace d\u00e9di\u00e9 \u00e0 la cr\u00e9ation s\u2019est vite impos\u00e9e. Dans sa nouvelle galerie, elle met \u00e0 l\u2019honneur la photo, donc, \u00e0 la crois\u00e9e de la peinture et du dessin. Ces clich\u00e9s, retravaill\u00e9s par des artistes, deviennent des pi\u00e8ces uniques. Montbron et ses alentours servent souvent de d\u00e9cor\u00a0: l\u2019\u00e9glise, la Tardoire, le Vieux-Ch\u00e2teau, autant de sujets d\u00e9clin\u00e9s sur des papiers d\u2019art et en plusieurs formats.<\/p>\n<p>Une vie \u00e0 100 \u00e0 l\u2019heure<\/p>\n<p>Galerie16\u00a0propose aussi une gamme de services autour de l\u2019image\u00a0: photos d\u2019identit\u00e9 \u00e0 domicile, tirages num\u00e9riques haute qualit\u00e9, restauration de photos anciennes, cr\u00e9ation d\u2019affiches et m\u00eame conception de sites internet pour les professionnels.<\/p>\n<p>Arriv\u00e9e r\u00e9cemment \u00e0 Montbron pour suivre son mari, d\u00e9sireux de se rapprocher de ses parents install\u00e9s depuis plus de 25\u00a0ans dans la commune, Odile Grunberg n\u2019a pas tard\u00e9 \u00e0 trouver sa place. Parisienne d\u2019adoption, elle y a men\u00e9 une carri\u00e8re dense\u00a0: vingt ans dans la communication au sein de grands groupes de presse, de la quotidienne aux magazines f\u00e9minins, sans oublier plusieurs missions dans des ONG. Elle a aussi dirig\u00e9 des centres de loisirs, notamment aupr\u00e8s d\u2019enfants en situation de handicap. Une vie professionnelle contrast\u00e9e, men\u00e9e tambour battant, en parall\u00e8le de l\u2019\u00e9ducation de ses enfants\u00a0: l\u2019une photographe professionnelle en Nouvelle-Aquitaine, l\u2019autre organisatrice d\u2019expositions en France et \u00e0 l\u2019\u00e9tranger.<\/p>\n<blockquote><p>\u00ab\u00a0Je suis chineuse passionn\u00e9e depuis toujours.\u00a0\u00bb<\/p><\/blockquote>\n<p>Dans les prochains mois, Odile Grunberg souhaite rythmer la vie de la galerie par des expositions temporaires m\u00ealant photo et artisanat local. Une vanni\u00e8re devrait inaugurer cette programmation.<\/p>\n<p>Les activit\u00e9s de la galerie sont \u00e0 suivre sur la page Facebook\u00a0<a href=\"https:\/\/www.facebook.com\/profile.php?id=61583151732030&amp;mibextid=wwXIfr.&amp;rdid=Pc8KIR6fHwgjsda9&amp;share_url=https%3A%2F%2Fwww.facebook.com%2Fshare%2F1AT89hqehe%2F%3Fmibextid%3DwwXIfr.\" target=\"_blank\" rel=\"nofollow noopener\">Galerie16<\/a>. Contact\u00a0: 07\u00a049\u00a060\u00a063\u00a010. Ouvert le mardi, mercredi, vendredi et samedi, de 10h \u00e0 13h et de 15h \u00e0 19h.<\/p>\n","protected":false},"excerpt":{"rendered":"La r\u00e9daction vous conseille \u00ab\u00a0Je suis chineuse passionn\u00e9e depuis toujours\u00a0\u00bb, confie-t-elle. La brocante \u00e9tant loin d\u2019occuper toute l\u2019\u00e9nergie&hellip;\n","protected":false},"author":2,"featured_media":578269,"comment_status":"","ping_status":"","sticky":false,"template":"","format":"standard","meta":{"footnotes":""},"categories":[1358],"tags":[1348,1384,1385,1386,58,59,1011,27],"class_list":{"0":"post-578268","1":"post","2":"type-post","3":"status-publish","4":"format-standard","5":"has-post-thumbnail","7":"category-arts-et-design","8":"tag-arts","9":"tag-arts-and-design","10":"tag-arts-et-design","11":"tag-design","12":"tag-divertissement","13":"tag-entertainment","14":"tag-fr","15":"tag-france"},"share_on_mastodon":{"url":"https:\/\/pubeurope.com\/@fr\/115663094645364546","error":""},"_links":{"self":[{"href":"https:\/\/www.europesays.com\/fr\/wp-json\/wp\/v2\/posts\/578268","targetHints":{"allow":["GET"]}}],"collection":[{"href":"https:\/\/www.europesays.com\/fr\/wp-json\/wp\/v2\/posts"}],"about":[{"href":"https:\/\/www.europesays.com\/fr\/wp-json\/wp\/v2\/types\/post"}],"author":[{"embeddable":true,"href":"https:\/\/www.europesays.com\/fr\/wp-json\/wp\/v2\/users\/2"}],"replies":[{"embeddable":true,"href":"https:\/\/www.europesays.com\/fr\/wp-json\/wp\/v2\/comments?post=578268"}],"version-history":[{"count":0,"href":"https:\/\/www.europesays.com\/fr\/wp-json\/wp\/v2\/posts\/578268\/revisions"}],"wp:featuredmedia":[{"embeddable":true,"href":"https:\/\/www.europesays.com\/fr\/wp-json\/wp\/v2\/media\/578269"}],"wp:attachment":[{"href":"https:\/\/www.europesays.com\/fr\/wp-json\/wp\/v2\/media?parent=578268"}],"wp:term":[{"taxonomy":"category","embeddable":true,"href":"https:\/\/www.europesays.com\/fr\/wp-json\/wp\/v2\/categories?post=578268"},{"taxonomy":"post_tag","embeddable":true,"href":"https:\/\/www.europesays.com\/fr\/wp-json\/wp\/v2\/tags?post=578268"}],"curies":[{"name":"wp","href":"https:\/\/api.w.org\/{rel}","templated":true}]}}