{"id":57827,"date":"2025-04-27T22:26:16","date_gmt":"2025-04-27T22:26:16","guid":{"rendered":"https:\/\/www.europesays.com\/fr\/57827\/"},"modified":"2025-04-27T22:26:16","modified_gmt":"2025-04-27T22:26:16","slug":"camille-kouchner-neige-sinno-vanessa-springora-le-probleme-des-deuxiemes-livres","status":"publish","type":"post","link":"https:\/\/www.europesays.com\/fr\/57827\/","title":{"rendered":"\u00abCamille Kouchner, Neige Sinno, Vanessa Springora\u2026 Le probl\u00e8me des deuxi\u00e8mes livres\u00bb"},"content":{"rendered":"<p><strong>CHRONIQUE <\/strong>&#8211; Leurs premiers livres furent des d\u00e9flagrations. Trois ph\u00e9nom\u00e8nes de soci\u00e9t\u00e9. Trois r\u00e9cits \u00e0 succ\u00e8s extraordinaires. Les deuxi\u00e8mes ont re\u00e7u un accueil poli.<\/p>\n<p class=\"fig-paragraph\">Le Consentement de\u00a0<a href=\"http:\/\/madame.lefigaro.fr\/celebrites\/culture\/vanessa-springora-les-figures-masculines-qu-etaient-mon-pere-et-mon-grand-pere-expliquent-que-je-me-sois-tournee-vers-gabriel-matzneff-a-13-ans-20250111\" data-fig-type=\"Article\" data-gtm-custom-categorie=\"navigation\" data-gtm-custom-action=\"crossclick\" data-gtm-custom-label=\"Contextuel\" data-gtm-event=\"customEventSPE\" data-fig-domain=\"MADAME\" rel=\"nofollow noopener\" target=\"_blank\">Vanessa Springora\u00a0<\/a>(2020), La Familia grande de\u00a0<a href=\"http:\/\/madame.lefigaro.fr\/celebrites\/culture\/camille-kouchner-j-ai-ete-dans-un-lien-de-gemellite-avec-un-garcon-j-avais-envie-de-retranscrire-cela-20250403\" data-fig-type=\"Article\" data-gtm-custom-categorie=\"navigation\" data-gtm-custom-action=\"crossclick\" data-gtm-custom-label=\"Contextuel\" data-gtm-event=\"customEventSPE\" data-fig-domain=\"MADAME\" rel=\"nofollow noopener\" target=\"_blank\">Camille Kouchner<\/a>\u00a0(2021), Triste tigre de\u00a0<a href=\"http:\/\/madame.lefigaro.fr\/celebrites\/culture\/neige-sinno-je-souffre-toujours-des-memes-traumatismes-mais-j-ai-la-confirmation-que-je-ne-suis-pas-seule-20250304\" data-fig-type=\"Article\" data-gtm-custom-categorie=\"navigation\" data-gtm-custom-action=\"crossclick\" data-gtm-custom-label=\"Contextuel\" data-gtm-event=\"customEventSPE\" data-fig-domain=\"MADAME\" rel=\"nofollow noopener\" target=\"_blank\">Neige Sinno<\/a>\u00a0(2023)\u00a0: ce furent trois bombes atomiques. Trois ph\u00e9nom\u00e8nes de soci\u00e9t\u00e9. Trois r\u00e9cits \u00e0 succ\u00e8s extraordinaires, b\u00e2tis sur d\u2019immenses souffrances\u00a0: l\u2019histoire de trois victimes de p\u00e9dophiles, dont deux par inceste avec leurs beaux-p\u00e8res. Neige Sinno diss\u00e9quait Lolita de Nabokov pour comprendre l\u2019horreur.\u00a0<a href=\"http:\/\/www.lefigaro.fr\/actualite-france\/dossier\/affaire-duhamel-le-politologue-olivier-duhamel-accuse-d-inceste-dans-la-familia-grande-de-camille-kouchner\" data-fig-type=\"Topic\" data-gtm-custom-categorie=\"navigation\" data-gtm-custom-action=\"crossclick\" data-gtm-custom-label=\"Contextuel\" data-gtm-event=\"customEventSPE\" data-fig-domain=\"LEFIGARO\" rel=\"nofollow noopener\" target=\"_blank\">Kouchner d\u00e9non\u00e7ait Duhamel<\/a>,\u00a0<a href=\"http:\/\/www.lefigaro.fr\/livres\/dossier\/gabriel-matzneff-l-affaire-qui-bouleverse-le-monde-de-l-edition\" data-fig-type=\"Topic\" data-gtm-custom-categorie=\"navigation\" data-gtm-custom-action=\"crossclick\" data-gtm-custom-label=\"Contextuel\" data-gtm-event=\"customEventSPE\" data-fig-domain=\"LEFIGARO\" rel=\"nofollow noopener\" target=\"_blank\">Springora l\u2019emprise de Matzneff<\/a>. Le retentissement de ces publications fut mondial. Ces trois femmes ont particip\u00e9 \u00e0 changer notre regard sur les ann\u00e9es 1980 et trois pr\u00e9dateurs qui pensaient b\u00e9n\u00e9ficier d\u2019une impunit\u00e9 \u00e9ternelle.<\/p>\n<p class=\"fig-paragraph\">Puis vint le moment du deuxi\u00e8me livre. L\u2019accueil fut poli, mais moins unanime\u2026<\/p>\n<p class=\"fig-premium-paywall__infos\">\n        Cet article est r\u00e9serv\u00e9 aux abonn\u00e9s.        Il vous reste 65% \u00e0 d\u00e9couvrir.\n    <\/p>\n<p>                <img  data- alt=\"Le Figaro\" class=\"fig-img--complete fig-img\"\/><\/p>\n<p class=\"fig-premium-paywall__title\">Vous avez envie de lire la suite ?<\/p>\n<p class=\"fig-premium-paywall__subtitle\">D\u00e9bloquez tous les articles imm\u00e9diatement.<\/p>\n<p class=\"fig-premium-paywall__connect\">\n                D\u00e9j\u00e0 abonn\u00e9\u00a0?                <a class=\"fig-premium-paywall__connect-link\" href=\"https:\/\/connect.lefigaro.fr\/login?client=horizon_web&amp;type=main&amp;redirect_uri=https%3A%2F%2Fwww.lefigaro.fr%2Flivres%2Ffrederic-beigbeder-camille-kouchner-neige-sinno-vanessa-springora-le-probleme-des-deuxiemes-livres-20250427\" data-js-gtm=\"{&quot;customCategorie&quot;: &quot;conversion&quot;, &quot;customAction&quot;: &quot;before_Landing_Connexion_paywall_manuel&quot;, &quot;customLabel&quot;: &quot;bGVmaWdhcm8uZnJfXzFmMDIwNDNlLTE4OGUtNmQwMi1iYmRhLTlmMWQ0OTM1ZmRhY19fQXJ0aWNsZQ==_Fr\u00e9d\u00e9ric Beigbeder\u00a0: \u00abCamille Kouchner, Neige Sinno, Vanessa Springora\u2026 Le probl\u00e8me des deuxi\u00e8mes livres\u00bb_78&quot;, &quot;customIDSPE&quot;: &quot;bGVmaWdhcm8uZnJfXzFmMDIwNDNlLTE4OGUtNmQwMi1iYmRhLTlmMWQ0OTM1ZmRhY19fQXJ0aWNsZQ==&quot;, &quot;event&quot;: &quot;customEventSPE&quot;}\" rel=\"nofollow noopener\" target=\"_blank\"><br \/>\n                    Connectez-vous<br \/>\n                <\/a>\n            <\/p>\n","protected":false},"excerpt":{"rendered":"CHRONIQUE &#8211; Leurs premiers livres furent des d\u00e9flagrations. Trois ph\u00e9nom\u00e8nes de soci\u00e9t\u00e9. Trois r\u00e9cits \u00e0 succ\u00e8s extraordinaires. Les&hellip;\n","protected":false},"author":2,"featured_media":57828,"comment_status":"","ping_status":"","sticky":false,"template":"","format":"standard","meta":{"footnotes":""},"categories":[1357],"tags":[2008,2007,1379,58,2005,2006,59,1011,27,15382,1351,2003,1380,2009,2004,1479],"class_list":{"0":"post-57827","1":"post","2":"type-post","3":"status-publish","4":"format-standard","5":"has-post-thumbnail","7":"category-livres","8":"tag-autobiographies","9":"tag-biographies","10":"tag-books","11":"tag-divertissement","12":"tag-ecrivain","13":"tag-ecrivains","14":"tag-entertainment","15":"tag-fr","16":"tag-france","17":"tag-frederic-beigbeder","18":"tag-litterature","19":"tag-livre","20":"tag-livres","21":"tag-oeuvre","22":"tag-roman","23":"tag-romans"},"share_on_mastodon":{"url":"https:\/\/pubeurope.com\/@fr\/114412282490689851","error":""},"_links":{"self":[{"href":"https:\/\/www.europesays.com\/fr\/wp-json\/wp\/v2\/posts\/57827","targetHints":{"allow":["GET"]}}],"collection":[{"href":"https:\/\/www.europesays.com\/fr\/wp-json\/wp\/v2\/posts"}],"about":[{"href":"https:\/\/www.europesays.com\/fr\/wp-json\/wp\/v2\/types\/post"}],"author":[{"embeddable":true,"href":"https:\/\/www.europesays.com\/fr\/wp-json\/wp\/v2\/users\/2"}],"replies":[{"embeddable":true,"href":"https:\/\/www.europesays.com\/fr\/wp-json\/wp\/v2\/comments?post=57827"}],"version-history":[{"count":0,"href":"https:\/\/www.europesays.com\/fr\/wp-json\/wp\/v2\/posts\/57827\/revisions"}],"wp:featuredmedia":[{"embeddable":true,"href":"https:\/\/www.europesays.com\/fr\/wp-json\/wp\/v2\/media\/57828"}],"wp:attachment":[{"href":"https:\/\/www.europesays.com\/fr\/wp-json\/wp\/v2\/media?parent=57827"}],"wp:term":[{"taxonomy":"category","embeddable":true,"href":"https:\/\/www.europesays.com\/fr\/wp-json\/wp\/v2\/categories?post=57827"},{"taxonomy":"post_tag","embeddable":true,"href":"https:\/\/www.europesays.com\/fr\/wp-json\/wp\/v2\/tags?post=57827"}],"curies":[{"name":"wp","href":"https:\/\/api.w.org\/{rel}","templated":true}]}}