{"id":578286,"date":"2025-12-04T20:14:19","date_gmt":"2025-12-04T20:14:19","guid":{"rendered":"https:\/\/www.europesays.com\/fr\/578286\/"},"modified":"2025-12-04T20:14:19","modified_gmt":"2025-12-04T20:14:19","slug":"pourquoi-trump-a-gracie-lex-president-du-honduras-baron-de-la-drogue-condamne-a-45-ans-de-prison","status":"publish","type":"post","link":"https:\/\/www.europesays.com\/fr\/578286\/","title":{"rendered":"Pourquoi Trump a graci\u00e9 l\u2019ex-pr\u00e9sident du Honduras, baron de la drogue condamn\u00e9 \u00e0 45 ans de prison"},"content":{"rendered":"<p>\n    <strong>D\u00c9CRYPTAGE &#8211;<\/strong> La gr\u00e2ce et la lib\u00e9ration de Juan Orlando Hernandez incarc\u00e9r\u00e9 aux \u00c9tats-Unis ont stup\u00e9fi\u00e9 jusque dans les rangs r\u00e9publicains.<\/p>\n<p class=\"fig-paragraph\">Cette nouvelle\u00a0<a href=\"http:\/\/www.lefigaro.fr\/international\/pamela-la-mamie-maga-qui-refuse-la-grace-presidentielle-20250628\" data-fig-type=\"Article\" data-gtm-custom-categorie=\"navigation\" data-gtm-custom-action=\"crossclick\" data-gtm-custom-label=\"Contextuel\" data-gtm-event=\"customEventSPE\" data-fig-domain=\"LEFIGARO\" target=\"_blank\" rel=\"noopener\">gr\u00e2ce pr\u00e9sidentielle<\/a>\u00a0a stup\u00e9fi\u00e9 alors que l\u2019administration am\u00e9ricaine m\u00e8ne une guerre sans merci contre le narcotrafic en ayant d\u00e9ploy\u00e9 un groupe a\u00e9ronaval dans les Cara\u00efbes.\u00a0<a href=\"http:\/\/www.lefigaro.fr\/international\/honduras-l-ex-president-juan-orlando-hernandez-gracie-par-trump-est-sorti-de-prison-20251202\" data-fig-type=\"NewsFlash\" data-gtm-custom-categorie=\"navigation\" data-gtm-custom-action=\"crossclick\" data-gtm-custom-label=\"Contextuel\" data-gtm-event=\"customEventSPE\" data-fig-domain=\"LEFIGARO\" target=\"_blank\" rel=\"noopener\">Juan Orlando Hernandez<\/a>, ancien pr\u00e9sident du Honduras de 2014 \u00e0 2022, purgeait une peine de 45 ans de prison derri\u00e8re les barreaux d\u2019une prison de haute s\u00e9curit\u00e9 de Virginie-Occidentale avant que Donald Trump n\u2019annonce sa lib\u00e9ration.<\/p>\n<p class=\"fig-paragraph\">Hernandez, \u00e0 l\u2019issue de son deuxi\u00e8me mandat pr\u00e9sidentiel en 2022 et apr\u00e8s une s\u00e9rie de scandales impliquant des membres de sa famille, s\u2019\u00e9tait rendu \u00e0 la police hondurienne qui encerclait sa maison \u00e0 Tegucigalpa, la capitale de ce pays pauvre d\u2019Am\u00e9rique centrale. Le chef d\u2019\u00c9tat, nationaliste, \u00e9tait dans le viseur de l\u2019administration Biden qui l\u2019avait inscrit en 2021 sur sa liste des \u00abdirigeants politiques corrompus\u00bb.<\/p>\n<p class=\"fig-paragraph\">Apr\u00e8s son arrestation, il avait \u00e9t\u00e9 extrad\u00e9 vers les \u00c9tats-Unis. Les procureurs f\u00e9d\u00e9raux \u00e0 New York l\u2019accusaient d\u2019avoir b\u00e2ti un narco-\u00c9tat en percevant des pots-de-vin\u2026<\/p>\n<p class=\"fig-premium-paywall__infos\">\n        Cet article est r\u00e9serv\u00e9 aux abonn\u00e9s.        Il vous reste 85% \u00e0 d\u00e9couvrir.\n    <\/p>\n<p>                <img  data- alt=\"Le Figaro\" class=\"fig-img--complete fig-img\"\/><\/p>\n<p class=\"fig-premium-paywall__title\">Vous avez envie de lire la suite ?<\/p>\n<p class=\"fig-premium-paywall__subtitle\">D\u00e9bloquez tous les articles imm\u00e9diatement.<\/p>\n<p class=\"fig-premium-paywall__connect\">\n                D\u00e9j\u00e0 abonn\u00e9\u00a0?                <a class=\"fig-premium-paywall__connect-link\" href=\"https:\/\/connect.lefigaro.fr\/login?client=horizon_web&amp;type=main&amp;redirect_uri=https%3A%2F%2Fwww.lefigaro.fr%2Finternational%2Fpourquoi-trump-a-gracie-l-ex-president-du-honduras-baron-de-la-drogue-condamne-a-45-ans-de-prison-20251204\" data-js-gtm=\"{&quot;customCategorie&quot;: &quot;conversion&quot;, &quot;customAction&quot;: &quot;before_Landing_Connexion_paywall_auto&quot;, &quot;customLabel&quot;: &quot;bGVmaWdhcm8uZnJfXzFmMGQxMjkyLTk0NDgtNmM2ZS1hMDhjLTY3OGQ4NDdlOGZkZF9fQXJ0aWNsZQ==_Pourquoi Trump a graci\u00e9 l\u2019ex-pr\u00e9sident du Honduras, baron de la drogue condamn\u00e9 \u00e0 45 ans de prison_158&quot;, &quot;customIDSPE&quot;: &quot;bGVmaWdhcm8uZnJfXzFmMGQxMjkyLTk0NDgtNmM2ZS1hMDhjLTY3OGQ4NDdlOGZkZF9fQXJ0aWNsZQ==&quot;, &quot;event&quot;: &quot;customEventSPE&quot;}\" target=\"_blank\" rel=\"noopener\"><br \/>\n                    Connectez-vous<br \/>\n                <\/a>\n            <\/p>\n","protected":false},"excerpt":{"rendered":"D\u00c9CRYPTAGE &#8211; La gr\u00e2ce et la lib\u00e9ration de Juan Orlando Hernandez incarc\u00e9r\u00e9 aux \u00c9tats-Unis ont stup\u00e9fi\u00e9 jusque dans&hellip;\n","protected":false},"author":2,"featured_media":578287,"comment_status":"","ping_status":"","sticky":false,"template":"","format":"standard","meta":{"footnotes":""},"categories":[5],"tags":[11,75,73,1011,27,14,12,28],"class_list":{"0":"post-578286","1":"post","2":"type-post","3":"status-publish","4":"format-standard","5":"has-post-thumbnail","7":"category-international","8":"tag-actualites","9":"tag-donald-trump","10":"tag-etats-unis","11":"tag-fr","12":"tag-france","13":"tag-international","14":"tag-news","15":"tag-world"},"share_on_mastodon":{"url":"https:\/\/pubeurope.com\/@fr\/115663134189233471","error":""},"_links":{"self":[{"href":"https:\/\/www.europesays.com\/fr\/wp-json\/wp\/v2\/posts\/578286","targetHints":{"allow":["GET"]}}],"collection":[{"href":"https:\/\/www.europesays.com\/fr\/wp-json\/wp\/v2\/posts"}],"about":[{"href":"https:\/\/www.europesays.com\/fr\/wp-json\/wp\/v2\/types\/post"}],"author":[{"embeddable":true,"href":"https:\/\/www.europesays.com\/fr\/wp-json\/wp\/v2\/users\/2"}],"replies":[{"embeddable":true,"href":"https:\/\/www.europesays.com\/fr\/wp-json\/wp\/v2\/comments?post=578286"}],"version-history":[{"count":0,"href":"https:\/\/www.europesays.com\/fr\/wp-json\/wp\/v2\/posts\/578286\/revisions"}],"wp:featuredmedia":[{"embeddable":true,"href":"https:\/\/www.europesays.com\/fr\/wp-json\/wp\/v2\/media\/578287"}],"wp:attachment":[{"href":"https:\/\/www.europesays.com\/fr\/wp-json\/wp\/v2\/media?parent=578286"}],"wp:term":[{"taxonomy":"category","embeddable":true,"href":"https:\/\/www.europesays.com\/fr\/wp-json\/wp\/v2\/categories?post=578286"},{"taxonomy":"post_tag","embeddable":true,"href":"https:\/\/www.europesays.com\/fr\/wp-json\/wp\/v2\/tags?post=578286"}],"curies":[{"name":"wp","href":"https:\/\/api.w.org\/{rel}","templated":true}]}}