{"id":578288,"date":"2025-12-04T20:15:26","date_gmt":"2025-12-04T20:15:26","guid":{"rendered":"https:\/\/www.europesays.com\/fr\/578288\/"},"modified":"2025-12-04T20:15:26","modified_gmt":"2025-12-04T20:15:26","slug":"toulouse-un-incendie-se-declare-au-bar-basque-de-la-place-saint-pierre-les-pompiers-sur-place","status":"publish","type":"post","link":"https:\/\/www.europesays.com\/fr\/578288\/","title":{"rendered":"Toulouse. Un incendie se d\u00e9clare au Bar Basque de la place Saint-Pierre : les pompiers sur place"},"content":{"rendered":"<p>                    Par<br \/>\n        <strong><br \/>\n            <a href=\"https:\/\/actu.fr\/auteur\/mareva-laville-actu-fr\" title=\"Consulter tous les articles de Mar\u00e9va Laville\" target=\"_blank\" rel=\"noopener\">Mar\u00e9va Laville<\/a><br \/>\n                    <\/strong><\/p>\n<p>        Publi\u00e9 le<\/p>\n<p>            4 d\u00e9c. 2025 \u00e0 19h59        <\/p>\n<p>Les sapeurs-pompiers de <a href=\"https:\/\/actu.fr\/occitanie\/haute-garonne_31\" target=\"_blank\" rel=\"noopener\">Haute-Garonne<\/a> sont en cours d\u2019intervention dans l\u2019une des places les plus vivantes de <a href=\"http:\/\/www.actu.fr\/toulouse\" target=\"_blank\" rel=\"noopener\">Toulouse<\/a>. Ce jeudi 4\u00a0d\u00e9cembre 2025 soir, jour bien connu pour ses soir\u00e9es, un incendie s\u2019est d\u00e9clar\u00e9 dans l\u2019un des bars les plus embl\u00e9matiques de la <strong>place Saint-Pierre<\/strong>\u2009: <a href=\"https:\/\/actu.fr\/occitanie\/toulouse_31555\/nouveau-resto-cave-a-cigares-les-grands-projets-du-bar-basque-une-institution-a-toulouse_61223089.html\" target=\"_blank\" rel=\"noopener\">le <strong>Bar basque.<\/strong><\/a><\/p>\n<p>    <a href=\"https:\/\/www.google.com\/maps\/embed?pb=!1m18!1m12!1m3!1d5778.272094403567!2d1.4335100768162974!3d43.60370885562941!2m3!1f0!2f0!3f0!3m2!1i1024!2i768!4f13.1!3m3!1m2!1s0x12aebb65cea6aaef%3A0xa3dddc255ccaa52c!2sLe%20Bar%20Basque!5e0!3m2!1sfr!2sfr!4v1764874269667!5m2!1sfr!2sfr\" title=\"Ouvrie le lien\" target=\"_blank\" rel=\"noopener\">Cliquez ici pour visualiser le contenu<\/a><\/p>\n<p>25 pompiers sur place<\/p>\n<p class=\" wall-content\">Selon les premi\u00e8res informations communiqu\u00e9es par le Sdis 31, quelque <strong>25 sapeurs-pompiers<\/strong> munis de sept engins de secours, dont <strong>deux \u00e9chelles a\u00e9riennes<\/strong>, sont engag\u00e9s sur place depuis 19h45 environ.<\/p>\n<p class=\" wall-content\">Ils s\u2019occupent actuellement de circonscrire le feu au moyen de deux lances \u00e0 eau.<\/p>\n<p class=\" wall-content\">\n    <img   decoding=\"async\" loading=\"lazy\" src=\"https:\/\/www.europesays.com\/fr\/wp-content\/uploads\/2025\/12\/feu-bar-basque-960x640.jpeg\" alt=\"Un incendie s'est d\u00e9clar\u00e9 dans le Bar basque de la place Saint-Pierre \u00e0 Toulouse.\" width=\"960\" height=\"640\"\/><br \/>\n    Une vingtaine de pompiers sont engag\u00e9s. (\u00a9Mar\u00e9va Laville \/ Actu Toulouse)<br \/>\n    <img   decoding=\"async\" loading=\"lazy\" src=\"https:\/\/www.europesays.com\/fr\/wp-content\/uploads\/2025\/12\/bar-basque-960x640.jpeg\" alt=\"Deux \u00e9chelles ont \u00e9t\u00e9 d\u00e9ploy\u00e9es.\" width=\"960\" height=\"640\"\/><br \/>\n    Deux \u00e9chelles ont \u00e9t\u00e9 d\u00e9ploy\u00e9es. (\u00a9Mar\u00e9va Laville \/ Actu Toulouse)<\/p>\n<p>La toiture touch\u00e9e<\/p>\n<p class=\" wall-content\">Selon les pompiers pr\u00e9sents sur place, l\u2019incendie est<strong> parti des cuisines<\/strong>. Les flammes se sont ensuite propag\u00e9es jusqu\u2019\u00e0 <strong>la toiture.<\/strong><\/p>\n<p class=\" wall-content\">A 20h30 environ, le foyer \u00e9tait circonscrit.<\/p>\n<p>Vid\u00e9os : en ce moment sur Actu<\/p>\n<p class=\" wall-content\">\n    <img   decoding=\"async\" loading=\"lazy\" src=\"https:\/\/www.europesays.com\/fr\/wp-content\/uploads\/2025\/12\/bar-basque-toulouse-960x640.jpeg\" alt=\"Deux \u00e9chelles ont \u00e9t\u00e9 d\u00e9ploy\u00e9es. La toiture a \u00e9t\u00e9 touch\u00e9e.\" width=\"960\" height=\"640\"\/><br \/>\n    La toiture a \u00e9t\u00e9 touch\u00e9e. (\u00a9Mar\u00e9va Laville \/ Actu Toulouse)<br \/>\n    <img   decoding=\"async\" loading=\"lazy\" src=\"https:\/\/www.europesays.com\/fr\/wp-content\/uploads\/2025\/12\/bar-basque-incendie-960x640.jpeg\" alt=\"A 21h, les op\u00e9rations \u00e9taient toujours en cours mais le foyer est circonscrit.\" width=\"960\" height=\"640\"\/><br \/>\n    A 21h, les op\u00e9rations \u00e9taient toujours en cours mais le foyer est circonscrit. (\u00a9Mar\u00e9va Laville \/ Actu Toulouse)<\/p>\n<p class=\" wall-content\"><a href=\"https:\/\/www.instagram.com\/p\/DR2pH14DPF_\/embed\" title=\"Ouvrir le lien sur Instagram\" target=\"_blank\" rel=\"noopener\">Visualiser le contenu sur Instagram<\/a><\/p>\n<p class=\" wall-content\">Personnalisez votre actualit\u00e9 en ajoutant vos villes et m\u00e9dias en favori avec <a href=\"https:\/\/moncompte.actu.fr\" title=\"D\u00e9couvez Mon Actu\" rel=\"nofollow noopener\" data-trk=\"{&quot;cta&quot;:{&quot;action&quot;:&quot;https:\\\/\\\/moncompte.actu.fr&quot;,&quot;category&quot;:&quot;mon compte&quot;,&quot;from&quot;:&quot;article footer&quot;,&quot;name&quot;:&quot;Mon actu&quot;,&quot;type&quot;:&quot;cta&quot;}}\" target=\"_blank\">Mon Actu<\/a>.<\/p>\n<p>                    <script async src=\"\/\/www.instagram.com\/embed.js\"><\/script><\/p>\n","protected":false},"excerpt":{"rendered":"Par Mar\u00e9va Laville Publi\u00e9 le 4 d\u00e9c. 2025 \u00e0 19h59 Les sapeurs-pompiers de Haute-Garonne sont en cours d\u2019intervention&hellip;\n","protected":false},"author":2,"featured_media":578289,"comment_status":"","ping_status":"","sticky":false,"template":"","format":"standard","meta":{"footnotes":""},"categories":[4],"tags":[11,118,1011,27,1310,12,1311,25],"class_list":{"0":"post-578288","1":"post","2":"type-post","3":"status-publish","4":"format-standard","5":"has-post-thumbnail","7":"category-france","8":"tag-actualites","9":"tag-faits-divers","10":"tag-fr","11":"tag-france","12":"tag-incendie","13":"tag-news","14":"tag-pompiers","15":"tag-republique-francaise"},"share_on_mastodon":{"url":"https:\/\/pubeurope.com\/@fr\/115663139907414200","error":""},"_links":{"self":[{"href":"https:\/\/www.europesays.com\/fr\/wp-json\/wp\/v2\/posts\/578288","targetHints":{"allow":["GET"]}}],"collection":[{"href":"https:\/\/www.europesays.com\/fr\/wp-json\/wp\/v2\/posts"}],"about":[{"href":"https:\/\/www.europesays.com\/fr\/wp-json\/wp\/v2\/types\/post"}],"author":[{"embeddable":true,"href":"https:\/\/www.europesays.com\/fr\/wp-json\/wp\/v2\/users\/2"}],"replies":[{"embeddable":true,"href":"https:\/\/www.europesays.com\/fr\/wp-json\/wp\/v2\/comments?post=578288"}],"version-history":[{"count":0,"href":"https:\/\/www.europesays.com\/fr\/wp-json\/wp\/v2\/posts\/578288\/revisions"}],"wp:featuredmedia":[{"embeddable":true,"href":"https:\/\/www.europesays.com\/fr\/wp-json\/wp\/v2\/media\/578289"}],"wp:attachment":[{"href":"https:\/\/www.europesays.com\/fr\/wp-json\/wp\/v2\/media?parent=578288"}],"wp:term":[{"taxonomy":"category","embeddable":true,"href":"https:\/\/www.europesays.com\/fr\/wp-json\/wp\/v2\/categories?post=578288"},{"taxonomy":"post_tag","embeddable":true,"href":"https:\/\/www.europesays.com\/fr\/wp-json\/wp\/v2\/tags?post=578288"}],"curies":[{"name":"wp","href":"https:\/\/api.w.org\/{rel}","templated":true}]}}