{"id":57829,"date":"2025-04-27T22:27:08","date_gmt":"2025-04-27T22:27:08","guid":{"rendered":"https:\/\/www.europesays.com\/fr\/57829\/"},"modified":"2025-04-27T22:27:08","modified_gmt":"2025-04-27T22:27:08","slug":"coup-de-theatre-sophie-largue-guillaume-je-prefere-arreter-la","status":"publish","type":"post","link":"https:\/\/www.europesays.com\/fr\/57829\/","title":{"rendered":"coup de th\u00e9\u00e2tre ! Sophie largue Guillaume, \u00ab\u00a0Je pr\u00e9f\u00e8re arr\u00eater l\u00e0\u00a0\u00bb"},"content":{"rendered":"<p>Le mariage de Sophie et Guillaume a pris un tr\u00e8s mauvais chemin<br \/>\net les choses ne vont pas s\u00a0\u00bbarranger. \u00c0 peine mari\u00e9e \u00e0 Guillaume,<br \/>\n<a href=\"https:\/\/www.melty.fr\/tele\/sophie-maries-au-premier-regard-decue-par-guillaume-marie-tapernoux-balance-elle-pensait-bien-faire-2227886.html\" target=\"_blank\" rel=\"noopener\"><br \/>\nla jeune femme s&rsquo;est heurt\u00e9e \u00e0 un mur lorsqu&rsquo;elle lui a parl\u00e9 des<br \/>\nviolences conjugales v\u00e9cues par le pass\u00e9.<\/a> Juste apr\u00e8s leur<br \/>\nunion, le jeune homme a aussi \u00e9t\u00e9 perturb\u00e9 par un d\u00e9tail qui lui<br \/>\npose probl\u00e8me : la diff\u00e9rence d&rsquo;\u00e2ge avec sa femme. <strong>\u00ab\u00a0Je<br \/>\nn&rsquo;ai jamais \u00e9t\u00e9 avec une fille plus \u00e2g\u00e9e que moi. Je n&rsquo;ai pas envie<br \/>\nde me changer et je n&rsquo;ai pas envie de me forcer\u00a0\u00bb<\/strong>,<br \/>\na-t-il annonc\u00e9 \u00e0 Sophie.<\/p>\n<p>\u00ab\u00a0J&rsquo;ai l&rsquo;impression de ne pas \u00eatre assez bien pour<br \/>\nlui\u00a0\u00bb<\/p>\n<p>En apart\u00e9, Sophie s&rsquo;est confi\u00e9e sur les remarques de son mari et<br \/>\nelle a du mal \u00e0 le comprendre : \u00ab\u00a0Il est hyper dur. \u00c7a m&rsquo;\u00e9nerve.<br \/>\n<strong>\u00c7a va, c&rsquo;est 2 ans de moins. On n&rsquo;a pas non plus 10 ans<br \/>\nd&rsquo;\u00e9cart&#8230;<\/strong> En fait,\u00a0j&rsquo;ai l&rsquo;impression de ne pas \u00eatre<br \/>\nassez bien pour lui. De ne pas lui plaire.\u00a0\u00bb<\/p>\n<p>\u00ab\u00a0J&rsquo;ai du mal \u00e0 encaisser ce qu&rsquo;il m&rsquo;a dit. <strong>Ce qui me<br \/>\nfait le plus mal, c&rsquo;est de sentir qu&rsquo;il n&rsquo;a pas<br \/>\nl&rsquo;\u00e9tincelle.<\/strong> Aujourd&rsquo;hui, je ne maitrise rien et je me<br \/>\nsens triste. Je me dis qu&rsquo;il y a quelque chose de cass\u00e9 et je ne<br \/>\nsais pas si on va pouvoir faire fonctionner le couple. J&rsquo;ai besoin<br \/>\nde prendre du recul sur tout \u00e7a\u00a0\u00bb, a-t-elle ajout\u00e9 par la<br \/>\nsuite.<\/p>\n<p>Guillaume affirme que le physique n&rsquo;a rien \u00e0 voir<\/p>\n<p>Ne voulant pas garder les choses pour elle, Sophie a finalement<br \/>\ndit ce qu&rsquo;elle avait sur le coeur \u00e0 Guillaume. \u00ab\u00a0<strong>T&rsquo;as<br \/>\n\u00e9t\u00e9 tellement d\u00e9\u00e7u que je ne sois pas ton id\u00e9al f\u00e9minin, que tu<br \/>\nn&rsquo;as m\u00eame pas essay\u00e9.<\/strong> \u00c0 quel moment tu as \u00e9t\u00e9 clair en me<br \/>\ndisant &lsquo;j&rsquo;y arrive pas, viens, on reste amis&rsquo; ?\u00a0\u00bb Le jeune<br \/>\nhomme a donc fait savoir \u00e0 Sophie qu&rsquo;il lui en a parl\u00e9 trois jours<br \/>\nauparavant, mais cette derni\u00e8re n&rsquo;\u00e9tait pas d&rsquo;accord avec lui :<br \/>\n\u00ab\u00a0Non, hier, tu m&rsquo;as dit, &lsquo;on continue, je viens voir ta<br \/>\nfamille, je veux apprendre \u00e0 te connaitre, on va juste en bout&rsquo;. Tu<br \/>\nvois, je ne suis pas un yoyo, je ne suis pas un pantin, je ne suis<br \/>\npas tout \u00e7a en fait.\u00a0\u00bb<\/p>\n<p>Guillaume a fini par s&rsquo;expliquer : \u00ab\u00a0Mais il y a des<br \/>\npersonnes qui ne sont pas faites pour \u00eatre ensemble, c&rsquo;est tout.<br \/>\n<strong>C&rsquo;est au-del\u00e0 du physique, c&rsquo;est autre chose.<\/strong> Toi,<br \/>\ntu t&rsquo;es mis en t\u00eate que c&rsquo;est le physique. <strong>Le sentiment<br \/>\namoureux, je sais qu&rsquo;il ne peut pas na\u00eetre.<\/strong> C&rsquo;est<br \/>\ndiff\u00e9rent. Par contre, un sentiment amical, c&rsquo;est possible. Tu vois<br \/>\nce que je veux dire ?\u00a0\u00bb<\/p>\n<p>Sophie met fin \u00e0 son mariage<\/p>\n<p>Les choses sont d\u00eetes !\u00a0\u00ab\u00a0Tu vois, l\u00e0,\u00a0tu viens de<br \/>\nme dire clairement que le sentiment amoureux ne na\u00eetra<br \/>\njamais\u00a0et c&rsquo;est la premi\u00e8re fois que tu me le dis, enfin, et<br \/>\nil faut que je te sorte les verres du nez. L\u00e0, tu viens de me dire<br \/>\nclairement et je te remercie\u00a0\u00bb, lui a-t-elle dit.<br \/>\n\u00ab\u00a0<strong>Il m&rsquo;a donn\u00e9 des espoirs et en m\u00eame temps, il les<br \/>\ncassait avec des mots durs.<\/strong> J&rsquo;ai eu l&rsquo;impression de me<br \/>\nprendre des coups. C&rsquo;est pour \u00e7a que je n&rsquo;\u00e9tais pas tr\u00e8s bien ces<br \/>\nderniers jours. C&rsquo;est quand on sent quelque chose, l&rsquo;intuition le<br \/>\nsent et en m\u00eame temps, vu qu&rsquo;il me faisait y croire, j&rsquo;avais besoin<br \/>\nde m&rsquo;entendre de sa bouche. J&rsquo;avais besoin d&rsquo;entendre de la v\u00e9rit\u00e9,<br \/>\nen fait\u00a0\u00bb, a-t-elle ajout\u00e9 en interview.<\/p>\n<p><a href=\"https:\/\/www.melty.fr\/tele\/maries-au-premier-regard-2025-lunion-de-sophie-et-guillaume-deja-menacee-cest-la-fin-2229526.html\" target=\"_blank\" rel=\"noopener\"><br \/>\nSophie a ensuite \u00e9t\u00e9 tr\u00e8s claire avec son mari et pour elle,<br \/>\nl&rsquo;exp\u00e9rience est termin\u00e9e<\/a>. \u00ab\u00a0Je me suis jamais sentie ta<br \/>\nfemme. <strong>Je me suis sentie repouss\u00e9e tout le long.<\/strong><br \/>\nMoi, j&rsquo;en peux plus. <strong>Stop, en fait, c&rsquo;est<br \/>\nfini.<\/strong>\u00a0J&rsquo;en ai marre que tu joues avec moi.<br \/>\nMoi<strong>, je pr\u00e9f\u00e8re arr\u00eater l\u00e0.<\/strong> Je veux pas rester<br \/>\navec toi parce que&#8230; Parce que je veux pas \u00eatre avec quelqu&rsquo;un qui<br \/>\nne veut pas \u00eatre avec moi\u00a0\u00bb, lui a-t-elle lanc\u00e9.<\/p>\n","protected":false},"excerpt":{"rendered":"Le mariage de Sophie et Guillaume a pris un tr\u00e8s mauvais chemin et les choses ne vont pas&hellip;\n","protected":false},"author":2,"featured_media":57830,"comment_status":"","ping_status":"","sticky":false,"template":"","format":"standard","meta":{"footnotes":""},"categories":[1356],"tags":[58,59,1011,27,4057,252,1364],"class_list":{"0":"post-57829","1":"post","2":"type-post","3":"status-publish","4":"format-standard","5":"has-post-thumbnail","7":"category-television","8":"tag-divertissement","9":"tag-entertainment","10":"tag-fr","11":"tag-france","12":"tag-maries-au-premier-regard-2025","13":"tag-television","14":"tag-tv"},"share_on_mastodon":{"url":"https:\/\/pubeurope.com\/@fr\/114412286323707805","error":""},"_links":{"self":[{"href":"https:\/\/www.europesays.com\/fr\/wp-json\/wp\/v2\/posts\/57829","targetHints":{"allow":["GET"]}}],"collection":[{"href":"https:\/\/www.europesays.com\/fr\/wp-json\/wp\/v2\/posts"}],"about":[{"href":"https:\/\/www.europesays.com\/fr\/wp-json\/wp\/v2\/types\/post"}],"author":[{"embeddable":true,"href":"https:\/\/www.europesays.com\/fr\/wp-json\/wp\/v2\/users\/2"}],"replies":[{"embeddable":true,"href":"https:\/\/www.europesays.com\/fr\/wp-json\/wp\/v2\/comments?post=57829"}],"version-history":[{"count":0,"href":"https:\/\/www.europesays.com\/fr\/wp-json\/wp\/v2\/posts\/57829\/revisions"}],"wp:featuredmedia":[{"embeddable":true,"href":"https:\/\/www.europesays.com\/fr\/wp-json\/wp\/v2\/media\/57830"}],"wp:attachment":[{"href":"https:\/\/www.europesays.com\/fr\/wp-json\/wp\/v2\/media?parent=57829"}],"wp:term":[{"taxonomy":"category","embeddable":true,"href":"https:\/\/www.europesays.com\/fr\/wp-json\/wp\/v2\/categories?post=57829"},{"taxonomy":"post_tag","embeddable":true,"href":"https:\/\/www.europesays.com\/fr\/wp-json\/wp\/v2\/tags?post=57829"}],"curies":[{"name":"wp","href":"https:\/\/api.w.org\/{rel}","templated":true}]}}