{"id":578291,"date":"2025-12-04T20:18:19","date_gmt":"2025-12-04T20:18:19","guid":{"rendered":"https:\/\/www.europesays.com\/fr\/578291\/"},"modified":"2025-12-04T20:18:19","modified_gmt":"2025-12-04T20:18:19","slug":"la-talaudiere-quatre-figures-shakespeariennes-sur-la-scene-du-sou","status":"publish","type":"post","link":"https:\/\/www.europesays.com\/fr\/578291\/","title":{"rendered":"La Talaudi\u00e8re. Quatre figures shakespeariennes sur la sc\u00e8ne du Sou"},"content":{"rendered":"<p>Vendredi 12\u00a0d\u00e9cembre, \u00e0 20\u00a0h\u00a030, quatre courts textes autour de figures shakespeariennes c\u00e9l\u00e8bres, \u00e0 savoir Hamlet, Macbeth, Richard III et le roi Lear vont r\u00e9galer le public talaudi\u00e9rois sur la sc\u00e8ne du centre culturel Le Sou. Ces quatre \u00ab\u00a0figures\u00a0\u00bb d\u2019une dur\u00e9e chacune de vingt minutes, \u00e9crites sous la forme de po\u00e8mes dramatiques monologu\u00e9s, seront mises en sc\u00e8ne par Philippe Flahaut.<\/p>\n<p class=\"note\">Centre culturel Le Sou, 19 rue Romain-Rolland. R\u00e9servations au 04.77.53.03.37 ou sur billetterie-lesou@latalaudiere.fr<\/p>\n","protected":false},"excerpt":{"rendered":"Vendredi 12\u00a0d\u00e9cembre, \u00e0 20\u00a0h\u00a030, quatre courts textes autour de figures shakespeariennes c\u00e9l\u00e8bres, \u00e0 savoir Hamlet, Macbeth, Richard III&hellip;\n","protected":false},"author":2,"featured_media":30227,"comment_status":"","ping_status":"","sticky":false,"template":"","format":"standard","meta":{"footnotes":""},"categories":[9653],"tags":[1111,11,2430,1687,7539,1777,674,1011,27,12053,12,25,4001,9664,3140],"class_list":{"0":"post-578291","1":"post","2":"type-post","3":"status-publish","4":"format-standard","5":"has-post-thumbnail","7":"category-saint-etienne","8":"tag-actu","9":"tag-actualites","10":"tag-auvergne-rhone-alpes","11":"tag-culture-loisirs","12":"tag-edition-loire-sud","13":"tag-eu","14":"tag-europe","15":"tag-fr","16":"tag-france","17":"tag-la-talaudiere","18":"tag-news","19":"tag-republique-francaise","20":"tag-saint-etienne","21":"tag-saint-etienne-bassin","22":"tag-spectacle"},"share_on_mastodon":{"url":"https:\/\/pubeurope.com\/@fr\/115663149809902267","error":""},"_links":{"self":[{"href":"https:\/\/www.europesays.com\/fr\/wp-json\/wp\/v2\/posts\/578291","targetHints":{"allow":["GET"]}}],"collection":[{"href":"https:\/\/www.europesays.com\/fr\/wp-json\/wp\/v2\/posts"}],"about":[{"href":"https:\/\/www.europesays.com\/fr\/wp-json\/wp\/v2\/types\/post"}],"author":[{"embeddable":true,"href":"https:\/\/www.europesays.com\/fr\/wp-json\/wp\/v2\/users\/2"}],"replies":[{"embeddable":true,"href":"https:\/\/www.europesays.com\/fr\/wp-json\/wp\/v2\/comments?post=578291"}],"version-history":[{"count":0,"href":"https:\/\/www.europesays.com\/fr\/wp-json\/wp\/v2\/posts\/578291\/revisions"}],"wp:featuredmedia":[{"embeddable":true,"href":"https:\/\/www.europesays.com\/fr\/wp-json\/wp\/v2\/media\/30227"}],"wp:attachment":[{"href":"https:\/\/www.europesays.com\/fr\/wp-json\/wp\/v2\/media?parent=578291"}],"wp:term":[{"taxonomy":"category","embeddable":true,"href":"https:\/\/www.europesays.com\/fr\/wp-json\/wp\/v2\/categories?post=578291"},{"taxonomy":"post_tag","embeddable":true,"href":"https:\/\/www.europesays.com\/fr\/wp-json\/wp\/v2\/tags?post=578291"}],"curies":[{"name":"wp","href":"https:\/\/api.w.org\/{rel}","templated":true}]}}