{"id":578302,"date":"2025-12-04T20:25:16","date_gmt":"2025-12-04T20:25:16","guid":{"rendered":"https:\/\/www.europesays.com\/fr\/578302\/"},"modified":"2025-12-04T20:25:16","modified_gmt":"2025-12-04T20:25:16","slug":"aubenas-une-galerie-ephemere-et-22-artistes-jusquau-21-decembre","status":"publish","type":"post","link":"https:\/\/www.europesays.com\/fr\/578302\/","title":{"rendered":"Aubenas. Une galerie \u00e9ph\u00e9m\u00e8re et 22 artistes, jusqu\u2019au 21\u00a0d\u00e9cembre"},"content":{"rendered":"<p>Dans son lieu de vie transform\u00e9 temporairement en galerie \u00e9ph\u00e9m\u00e8re, au 5 rue Louis-Pargoire \u00e0 Aubenas, l\u2019artiste-peintre Gr\u00e9gory Blin propose de d\u00e9couvrir le travail de 22\u00a0artistes et artisans d\u2019art, d\u2019ici et d\u2019ailleurs, dont Amale\u00efa (artiste textile), Arthy Zoom (sculpture), Atelier Autruche (chapeli\u00e8re), B\u00e9tina Broussaud (sculptrice), Valentin Aubry (dessin) et de bien d\u2019autres. Une exposition aux talents multiples \u00e0 parcourir jusqu\u2019au dimanche 21\u00a0d\u00e9cembre.<\/p>\n<p class=\"note\">Du mercredi au vendredi de 14\u00a0h\u00a030 \u00e0 19\u00a0h. Le samedi de 10\u00a0h \u00e0 12\u00a0h\u00a030 et de 14\u00a0h\u00a030 \u00e0 19\u00a0h, et sur rendez-vous au 06\u00a060\u00a029\u00a095\u00a029.<\/p>\n","protected":false},"excerpt":{"rendered":"Dans son lieu de vie transform\u00e9 temporairement en galerie \u00e9ph\u00e9m\u00e8re, au 5 rue Louis-Pargoire \u00e0 Aubenas, l\u2019artiste-peintre Gr\u00e9gory&hellip;\n","protected":false},"author":2,"featured_media":578303,"comment_status":"","ping_status":"","sticky":false,"template":"","format":"standard","meta":{"footnotes":""},"categories":[9599],"tags":[1111,11,4646,17018,33845,1687,4645,1777,674,2271,1011,27,2208,12,2680,25],"class_list":{"0":"post-578302","1":"post","2":"type-post","3":"status-publish","4":"format-standard","5":"has-post-thumbnail","7":"category-montpellier","8":"tag-actu","9":"tag-actualites","10":"tag-ardeche","11":"tag-aubenas","12":"tag-aubenas-bassin","13":"tag-culture-loisirs","14":"tag-edition-aubenas-privas-vallee-du-rhone","15":"tag-eu","16":"tag-europe","17":"tag-exposition-arts-plastiques","18":"tag-fr","19":"tag-france","20":"tag-montpellier","21":"tag-news","22":"tag-occitanie","23":"tag-republique-francaise"},"share_on_mastodon":{"url":"https:\/\/pubeurope.com\/@fr\/115663177124433069","error":""},"_links":{"self":[{"href":"https:\/\/www.europesays.com\/fr\/wp-json\/wp\/v2\/posts\/578302","targetHints":{"allow":["GET"]}}],"collection":[{"href":"https:\/\/www.europesays.com\/fr\/wp-json\/wp\/v2\/posts"}],"about":[{"href":"https:\/\/www.europesays.com\/fr\/wp-json\/wp\/v2\/types\/post"}],"author":[{"embeddable":true,"href":"https:\/\/www.europesays.com\/fr\/wp-json\/wp\/v2\/users\/2"}],"replies":[{"embeddable":true,"href":"https:\/\/www.europesays.com\/fr\/wp-json\/wp\/v2\/comments?post=578302"}],"version-history":[{"count":0,"href":"https:\/\/www.europesays.com\/fr\/wp-json\/wp\/v2\/posts\/578302\/revisions"}],"wp:featuredmedia":[{"embeddable":true,"href":"https:\/\/www.europesays.com\/fr\/wp-json\/wp\/v2\/media\/578303"}],"wp:attachment":[{"href":"https:\/\/www.europesays.com\/fr\/wp-json\/wp\/v2\/media?parent=578302"}],"wp:term":[{"taxonomy":"category","embeddable":true,"href":"https:\/\/www.europesays.com\/fr\/wp-json\/wp\/v2\/categories?post=578302"},{"taxonomy":"post_tag","embeddable":true,"href":"https:\/\/www.europesays.com\/fr\/wp-json\/wp\/v2\/tags?post=578302"}],"curies":[{"name":"wp","href":"https:\/\/api.w.org\/{rel}","templated":true}]}}