{"id":578314,"date":"2025-12-04T20:35:17","date_gmt":"2025-12-04T20:35:17","guid":{"rendered":"https:\/\/www.europesays.com\/fr\/578314\/"},"modified":"2025-12-04T20:35:17","modified_gmt":"2025-12-04T20:35:17","slug":"le-parquet-de-rennes-classe-plusieurs-violences-2","status":"publish","type":"post","link":"https:\/\/www.europesays.com\/fr\/578314\/","title":{"rendered":"le parquet de Rennes classe plusieurs violences"},"content":{"rendered":"<p>AA \/ Istanbul \/ Serap Dogansoy<\/p>\n<p>Le parquet de Rennes a annonc\u00e9 ce jeudi avoir class\u00e9 sans suite les investigations visant des gendarmes mis en cause pour les blessures graves de quatre manifestants lors du rassemblement interdit contre les m\u00e9gabassines \u00e0 Sainte-Soline (Deux-S\u00e8vres), le 25 mars 2023, tout en ouvrant une information judiciaire sur des \u00ab tirs tendus \u00bb de grenades r\u00e9v\u00e9l\u00e9s par la presse.<\/p>\n<p>Dans un communiqu\u00e9, le procureur de la R\u00e9publique, Fr\u00e9d\u00e9ric Teillet, indique avoir estim\u00e9 que certaines blessures r\u00e9sultaient de tirs jug\u00e9s \u00ab conformes \u00bb, et que d\u2019autres, bien que \u00ab non conformes \u00bb, pouvaient \u00eatre justifi\u00e9s par \u00ab le contexte ultraviolent \u00bb de la manifestation ou n\u2019avaient pas pu \u00eatre rattach\u00e9s \u00e0 des auteurs identifi\u00e9s. Les investigations pr\u00e9liminaires, men\u00e9es par l\u2019Inspection g\u00e9n\u00e9rale de la police nationale (IGPN), portaient notamment sur des soup\u00e7ons de violences aggrav\u00e9es et de non-assistance \u00e0 personne en danger.<\/p>\n<p>Le parquet juge \u00e9galement que l\u2019usage des armes par les forces de l\u2019ordre \u00e9tait \u00ab absolument n\u00e9cessaire et proportionn\u00e9 \u00bb pour faire respecter l\u2019arr\u00eat\u00e9 pr\u00e9fectoral interdisant la mobilisation. Concernant la prise en charge des bless\u00e9s, il estime qu\u2019\u00ab aucune entrave \u00e0 l\u2019action des secours \u00bb n\u2019a \u00e9t\u00e9 d\u00e9montr\u00e9e et que les modalit\u00e9s d\u2019intervention m\u00e9dicale n\u2019ont entra\u00een\u00e9 \u00ab aucune perte de chance \u00bb.<\/p>\n<p>En revanche, au vu de vid\u00e9os mises au jour d\u00e9but novembre par Mediapart montrant de multiples \u00ab tirs tendus \u00bb de grenades lacrymog\u00e8nes et explosives, une pratique interdite, le procureur a d\u00e9cid\u00e9 de \u00ab poursuivre les investigations \u00bb et d\u2019ouvrir une information judiciaire confi\u00e9e \u00e0 un juge d\u2019instruction. Ces tirs, difficiles \u00e0 qualifier juridiquement, pourraient, selon le parquet, relever de \u00ab violences volontaires \u00bb s\u2019ils ne r\u00e9pondaient pas aux crit\u00e8res de la l\u00e9gitime d\u00e9fense.<\/p>\n<p>Les quatre manifestants gri\u00e8vement bless\u00e9s envisagent de d\u00e9poser une plainte avec constitution de partie civile, ce qui entra\u00eenera automatiquement la d\u00e9signation d\u2019un magistrat instructeur pour les faits les concernant. Leur avocate, Me Chlo\u00e9 Chalot, d\u00e9plore que l\u2019ensemble des faits n\u2019ait pas \u00e9t\u00e9 confi\u00e9 \u00e0 un juge d\u2019instruction d\u00e8s ce stade.<\/p>\n<p>                            &#13;<br \/>\n                                <a href=\"https:\/\/www.aa.com.tr\/fr\/p\/abonnement\/1001\" target=\"_blank\" style=\"font-size:12px; color:#444; text-decoration:none;\" rel=\"noopener\">&#13;<br \/>\n                                    Seulement une partie des d\u00e9p\u00eaches, que l&rsquo;Agence Anadolu diffuse \u00e0 ses abonn\u00e9s via le Syst\u00e8me de Diffusion interne (HAS), est diffus\u00e9e sur le site de l&rsquo;AA, de mani\u00e8re r\u00e9sum\u00e9e. <b style=\"color:#1897F7\">Contactez-nous s&rsquo;il vous pla\u00eet pour vous abonner.<\/b>&#13;<br \/>\n                                <\/a>&#13;<\/p>\n","protected":false},"excerpt":{"rendered":"AA \/ Istanbul \/ Serap Dogansoy Le parquet de Rennes a annonc\u00e9 ce jeudi avoir class\u00e9 sans suite&hellip;\n","protected":false},"author":2,"featured_media":578196,"comment_status":"","ping_status":"","sticky":false,"template":"","format":"standard","meta":{"footnotes":""},"categories":[2821],"tags":[1111,11,1785,829,1777,674,1011,27,13369,18798,12,69246,584,25,63429],"class_list":{"0":"post-578314","1":"post","2":"type-post","3":"status-publish","4":"format-standard","5":"has-post-thumbnail","7":"category-rennes","8":"tag-actu","9":"tag-actualites","10":"tag-anadolu-ajansi","11":"tag-bretagne","12":"tag-eu","13":"tag-europe","14":"tag-fr","15":"tag-france","16":"tag-gendarmes","17":"tag-information-judiciaire","18":"tag-news","19":"tag-parquet-de-rennes","20":"tag-rennes","21":"tag-republique-francaise","22":"tag-sainte-soline"},"share_on_mastodon":{"url":"https:\/\/pubeurope.com\/@fr\/115663216660009816","error":""},"_links":{"self":[{"href":"https:\/\/www.europesays.com\/fr\/wp-json\/wp\/v2\/posts\/578314","targetHints":{"allow":["GET"]}}],"collection":[{"href":"https:\/\/www.europesays.com\/fr\/wp-json\/wp\/v2\/posts"}],"about":[{"href":"https:\/\/www.europesays.com\/fr\/wp-json\/wp\/v2\/types\/post"}],"author":[{"embeddable":true,"href":"https:\/\/www.europesays.com\/fr\/wp-json\/wp\/v2\/users\/2"}],"replies":[{"embeddable":true,"href":"https:\/\/www.europesays.com\/fr\/wp-json\/wp\/v2\/comments?post=578314"}],"version-history":[{"count":0,"href":"https:\/\/www.europesays.com\/fr\/wp-json\/wp\/v2\/posts\/578314\/revisions"}],"wp:featuredmedia":[{"embeddable":true,"href":"https:\/\/www.europesays.com\/fr\/wp-json\/wp\/v2\/media\/578196"}],"wp:attachment":[{"href":"https:\/\/www.europesays.com\/fr\/wp-json\/wp\/v2\/media?parent=578314"}],"wp:term":[{"taxonomy":"category","embeddable":true,"href":"https:\/\/www.europesays.com\/fr\/wp-json\/wp\/v2\/categories?post=578314"},{"taxonomy":"post_tag","embeddable":true,"href":"https:\/\/www.europesays.com\/fr\/wp-json\/wp\/v2\/tags?post=578314"}],"curies":[{"name":"wp","href":"https:\/\/api.w.org\/{rel}","templated":true}]}}