{"id":578315,"date":"2025-12-04T20:36:21","date_gmt":"2025-12-04T20:36:21","guid":{"rendered":"https:\/\/www.europesays.com\/fr\/578315\/"},"modified":"2025-12-04T20:36:21","modified_gmt":"2025-12-04T20:36:21","slug":"devant-les-lycees-cette-nouvelle-drogue-prospere-et-inquiete-les-autorites","status":"publish","type":"post","link":"https:\/\/www.europesays.com\/fr\/578315\/","title":{"rendered":"devant les lyc\u00e9es, cette nouvelle drogue prosp\u00e8re et inqui\u00e8te les autorit\u00e9s"},"content":{"rendered":"<p>On pensait peiner \u00e0 trouver des t\u00e9moignages de consommateurs devant les bahuts de Strasbourg. C\u2019est tout le contraire. Le\u00a0PTC, \u00ab\u00a0\u00e7a se vapote\u00a0\u00bb, explique un lyc\u00e9en \u00e2g\u00e9 de 14 ans, nonchalamment pos\u00e9 sur sa trottinette, \u00e0 la sortie d\u2019un \u00e9tablissement. \u00ab\u00a0Vous mettez \u00e7a dans une CE\u00a0\u00bb \u2013 comprenez \u00ab\u00a0une cigarette \u00e9lectronique\u00a0\u00bb.<\/p>\n<p>Des \u00ab\u00a0cocktails\u00a0\u00bb dangereux<\/p>\n<p>Incolore et inodore, cet e-liquide \u2013 encore appel\u00e9 \u201cbuddha blue\u201d \u2013 s\u2019est r\u00e9pandu incognito parmi les adolescents et les jeunes adultes. \u00ab\u00a0\u00c7a fait plusieurs ann\u00e9es que c\u2019est sur le march\u00e9, confirme Laurence Lalanne, professeure d\u2019addictologie et de psychiatrie et cheffe du service d\u2019addictologie aux H\u00f4pitaux universitaires de Strasbourg. Depuis 2022, on a r\u00e9f\u00e9renc\u00e9 une trentaine de mol\u00e9cules comme des d\u00e9riv\u00e9s des cannabino\u00efdes de synth\u00e8se.\u00a0\u00bb<\/p>\n<p>Le conditionnement, sous forme de vape, autorise les\u00a0\u201ccocktails\u201d les plus dangereux. \u00ab\u00a0Tu peux couper\u00a0\u00bb le PTC \u00ab\u00a0avec du liquide de cigarette \u00e9lectronique pour que ce soit un peu moins fort\u00a0\u00bb, sugg\u00e8re un&#8230;<\/p>\n","protected":false},"excerpt":{"rendered":"On pensait peiner \u00e0 trouver des t\u00e9moignages de consommateurs devant les bahuts de Strasbourg. C\u2019est tout le contraire.&hellip;\n","protected":false},"author":2,"featured_media":578316,"comment_status":"","ping_status":"","sticky":false,"template":"","format":"standard","meta":{"footnotes":""},"categories":[2820],"tags":[1111,11,2880,1777,674,274,107,1011,27,775,12,25,71,4604,104,640,2879],"class_list":{"0":"post-578315","1":"post","2":"type-post","3":"status-publish","4":"format-standard","5":"has-post-thumbnail","7":"category-strasbourg","8":"tag-actu","9":"tag-actualites","10":"tag-edition-strasbourg","11":"tag-eu","12":"tag-europe","13":"tag-faits-divers-justice","14":"tag-fil-info","15":"tag-fr","16":"tag-france","17":"tag-grand-est","18":"tag-news","19":"tag-republique-francaise","20":"tag-sante","21":"tag-selection-abonne","22":"tag-societe","23":"tag-strasbourg","24":"tag-strasbourg-ville"},"share_on_mastodon":{"url":"https:\/\/pubeurope.com\/@fr\/115663221174246198","error":""},"_links":{"self":[{"href":"https:\/\/www.europesays.com\/fr\/wp-json\/wp\/v2\/posts\/578315","targetHints":{"allow":["GET"]}}],"collection":[{"href":"https:\/\/www.europesays.com\/fr\/wp-json\/wp\/v2\/posts"}],"about":[{"href":"https:\/\/www.europesays.com\/fr\/wp-json\/wp\/v2\/types\/post"}],"author":[{"embeddable":true,"href":"https:\/\/www.europesays.com\/fr\/wp-json\/wp\/v2\/users\/2"}],"replies":[{"embeddable":true,"href":"https:\/\/www.europesays.com\/fr\/wp-json\/wp\/v2\/comments?post=578315"}],"version-history":[{"count":0,"href":"https:\/\/www.europesays.com\/fr\/wp-json\/wp\/v2\/posts\/578315\/revisions"}],"wp:featuredmedia":[{"embeddable":true,"href":"https:\/\/www.europesays.com\/fr\/wp-json\/wp\/v2\/media\/578316"}],"wp:attachment":[{"href":"https:\/\/www.europesays.com\/fr\/wp-json\/wp\/v2\/media?parent=578315"}],"wp:term":[{"taxonomy":"category","embeddable":true,"href":"https:\/\/www.europesays.com\/fr\/wp-json\/wp\/v2\/categories?post=578315"},{"taxonomy":"post_tag","embeddable":true,"href":"https:\/\/www.europesays.com\/fr\/wp-json\/wp\/v2\/tags?post=578315"}],"curies":[{"name":"wp","href":"https:\/\/api.w.org\/{rel}","templated":true}]}}