{"id":578325,"date":"2025-12-04T20:43:31","date_gmt":"2025-12-04T20:43:31","guid":{"rendered":"https:\/\/www.europesays.com\/fr\/578325\/"},"modified":"2025-12-04T20:43:31","modified_gmt":"2025-12-04T20:43:31","slug":"ce-week-end-la-litterature-irlandaise-se-devoile-a-nantes-lors-des-rencontres-litteraires","status":"publish","type":"post","link":"https:\/\/www.europesays.com\/fr\/578325\/","title":{"rendered":"Ce week-end, la litt\u00e9rature irlandaise se d\u00e9voile \u00e0 Nantes, lors des Rencontres litt\u00e9raires"},"content":{"rendered":"<p>\u00a0La vingti\u00e8me rencontre d\u00e9butera avec un grand d\u00e9bat d\u2019ouverture sur le portrait d\u2019Oscar Wilde, \u00e0 l\u2019occasion du 125e anniversaire de sa mort, annonce Yves Douet, directeur de l\u2019association Impressions d\u2019Europe, en pr\u00e9sence de Merlin Holland, petit-fils de l\u2019\u00e9crivain.\u00a0Ce sera le point de d\u00e9part des trois jours, du vendredi\u00a05 au dimanche 7\u00a0d\u00e9cembre, des Rencontres litt\u00e9raires europ\u00e9ennes, \u00e0 Nantes (Loire-Atlantique).<\/p>\n<p>D\u00e8s vendredi, on pourra se plonger dans cette riche litt\u00e9rature, au sein de la grande librairie irlandaise. \u00c0 c\u00f4t\u00e9, un concert de musiques traditionnelles celtiques et irlandaises, avec Irish Time, est pr\u00e9vu. Des conf\u00e9rences et lectures feront, ensuite, l\u2019esquisse du portrait d\u2019Oscar Wilde, \u00e0 19\u00a0h, suivis de la projection de l\u2019adaptation hollywoodienne de 1945 d\u2019un de ses romans, \u00ab\u00a0Le portrait de Dorian Gray\u00a0\u00bb.<\/p>\n<p>Focus sur quatre \u00e9crivaines<\/p>\n<p>Samedi\u00a0et dimanche, parmi les auteurs, quatre jeunes talents f\u00e9minins sont mis \u00e0 l\u2019honneur\u00a0: Naoise Dolan, Louise Kennedy, Elmear Mc Bride et Katriona O\u2019Sullivan. Des interventions et lectures, samedi, seront suivies par une d\u00e9gustation de whiskey irlandais, par Thierry Guichard. Le grand d\u00e9bat de cl\u00f4ture, qui s\u2019int\u00e9ressera aux nouvelles \u00e9critures irlandaises, aura lieu dimanche, \u00e0 17\u00a0h\u00a030.<\/p>\n<p>Les Rencontres litt\u00e9raires seront l\u2019occasion d\u2019une exposition \u00e0 Cosmopolis sur \u00ab\u00a0Joyce\u00a0: A global odissey\u00a0\u00bb. Elle a \u00e9t\u00e9 con\u00e7ue par le Mus\u00e9e de la litt\u00e9rature irlandaise, \u00e0 Dublin, qui retrace le parcours de l\u2019\u00e9crivain, de sa jeunesse \u00e0 la publication de ses chefs-d\u2019\u0153uvre, et \u00a0souligne le r\u00f4le essentiel de ses soutiens, souvent f\u00e9minins, dans la reconnaissance de son \u0153uvre\u00a0.<\/p>\n<p><strong>Du vendredi\u00a05 au dimanche 7\u00a0d\u00e9cembre,<\/strong> espace Cosmopolis, passage Graslin, 18, rue Scribe, \u00e0 Nantes. Programme sur <a href=\"http:\/\/www.impressionsdeurope.fr\/\" target=\"_blank\" rel=\"noopener\">www.impressionsdeurope.fr<\/a>. Contact. T\u00e9l. 02\u00a052\u00a010\u00a082\u00a000<\/p>\n<p>\u00a0<\/p>\n","protected":false},"excerpt":{"rendered":"\u00a0La vingti\u00e8me rencontre d\u00e9butera avec un grand d\u00e9bat d\u2019ouverture sur le portrait d\u2019Oscar Wilde, \u00e0 l\u2019occasion du 125e&hellip;\n","protected":false},"author":2,"featured_media":578326,"comment_status":"","ping_status":"","sticky":false,"template":"","format":"standard","meta":{"footnotes":""},"categories":[2818],"tags":[1111,11,851,1777,674,5739,1011,27,17450,26123,1351,7826,766,12,2636,10270,25,4064],"class_list":{"0":"post-578325","1":"post","2":"type-post","3":"status-publish","4":"format-standard","5":"has-post-thumbnail","7":"category-nantes","8":"tag-actu","9":"tag-actualites","10":"tag-devoile","11":"tag-eu","12":"tag-europe","13":"tag-europeennes","14":"tag-fr","15":"tag-france","16":"tag-irlandaise","17":"tag-litteraires","18":"tag-litterature","19":"tag-lors","20":"tag-nantes","21":"tag-news","22":"tag-pays-de-la-loire","23":"tag-rencontres","24":"tag-republique-francaise","25":"tag-week-end"},"share_on_mastodon":{"url":"https:\/\/pubeurope.com\/@fr\/115663248128286276","error":""},"_links":{"self":[{"href":"https:\/\/www.europesays.com\/fr\/wp-json\/wp\/v2\/posts\/578325","targetHints":{"allow":["GET"]}}],"collection":[{"href":"https:\/\/www.europesays.com\/fr\/wp-json\/wp\/v2\/posts"}],"about":[{"href":"https:\/\/www.europesays.com\/fr\/wp-json\/wp\/v2\/types\/post"}],"author":[{"embeddable":true,"href":"https:\/\/www.europesays.com\/fr\/wp-json\/wp\/v2\/users\/2"}],"replies":[{"embeddable":true,"href":"https:\/\/www.europesays.com\/fr\/wp-json\/wp\/v2\/comments?post=578325"}],"version-history":[{"count":0,"href":"https:\/\/www.europesays.com\/fr\/wp-json\/wp\/v2\/posts\/578325\/revisions"}],"wp:featuredmedia":[{"embeddable":true,"href":"https:\/\/www.europesays.com\/fr\/wp-json\/wp\/v2\/media\/578326"}],"wp:attachment":[{"href":"https:\/\/www.europesays.com\/fr\/wp-json\/wp\/v2\/media?parent=578325"}],"wp:term":[{"taxonomy":"category","embeddable":true,"href":"https:\/\/www.europesays.com\/fr\/wp-json\/wp\/v2\/categories?post=578325"},{"taxonomy":"post_tag","embeddable":true,"href":"https:\/\/www.europesays.com\/fr\/wp-json\/wp\/v2\/tags?post=578325"}],"curies":[{"name":"wp","href":"https:\/\/api.w.org\/{rel}","templated":true}]}}