{"id":578333,"date":"2025-12-04T20:47:13","date_gmt":"2025-12-04T20:47:13","guid":{"rendered":"https:\/\/www.europesays.com\/fr\/578333\/"},"modified":"2025-12-04T20:47:13","modified_gmt":"2025-12-04T20:47:13","slug":"une-large-coalition-de-gauche-autour-dun-candidat-ps-a-toulouse","status":"publish","type":"post","link":"https:\/\/www.europesays.com\/fr\/578333\/","title":{"rendered":"une large coalition de gauche autour d&rsquo;un candidat PS \u00e0 Toulouse"},"content":{"rendered":"<p>\n    Toute la gauche soutiendra la candidature de Fran\u00e7ois Brian\u00e7on (PS), tandis que son alli\u00e9 \u00e9cologiste R\u00e9gis Godec tentera d\u2019\u00eatre \u00e9lu \u00e0 la pr\u00e9sidence de la m\u00e9tropole.<\/p>\n<p class=\"fig-paragraph\">L&rsquo;ensemble de la gauche toulousaine, LFI except\u00e9e, soutiendra en mars la candidature de Fran\u00e7ois Brian\u00e7on (<a href=\"http:\/\/www.lefigaro.fr\/elections\/municipales\/municipales-2026-entre-socialistes-et-ecologistes-la-delicate-question-des-alliances-20251130\" data-fig-type=\"Article\" data-gtm-custom-categorie=\"navigation\" data-gtm-custom-action=\"crossclick\" data-gtm-custom-label=\"Contextuel\" data-gtm-event=\"customEventSPE\" data-fig-domain=\"LEFIGARO\" target=\"_blank\" rel=\"noopener\">PS<\/a>) \u00e0 la mairie de Toulouse, tandis que son alli\u00e9 \u00e9cologiste R\u00e9gis Godec tentera d&rsquo;\u00eatre \u00e9lu \u00e0 la pr\u00e9sidence de la m\u00e9tropole, ont-ils indiqu\u00e9 jeudi. \u00abC&rsquo;est la premi\u00e8re fois depuis 2008 que la gauche est rassembl\u00e9e dans sa globalit\u00e9, autour de neuf formations politiques\u00bb, allant du PCF au PRG, en passant notamment par le PS ou les \u00c9cologistes, s&rsquo;est f\u00e9licit\u00e9 Fran\u00e7ois Brian\u00e7on, faisant allusion \u00e0 l&rsquo;\u00e9lection \u00e0 la mairie de Pierre Cohen (PS, 2008-2014).<\/p>\n<p class=\"fig-paragraph\">\u00abFran\u00e7ois Brian\u00e7on sera t\u00eate de liste pour la ville de Toulouse, et moi je serai le candidat pour la pr\u00e9sidence de la m\u00e9tropole. C&rsquo;est un ticket \u00e9cologiste-socialiste dans un format in\u00e9dit\u00bb, a pr\u00e9cis\u00e9 de son c\u00f4t\u00e9 R\u00e9gis Godec (Les \u00c9cologistes). Le maire divers-droite de Toulouse,\u00a0<a href=\"http:\/\/www.lefigaro.fr\/politique\/municipales-a-toulouse-jean-luc-moudenc-se-represente-pour-eviter-le-danger-du-melenchonisme-20251106\" data-fig-type=\"Article\" data-gtm-custom-categorie=\"navigation\" data-gtm-custom-action=\"crossclick\" data-gtm-custom-label=\"Contextuel\" data-gtm-event=\"customEventSPE\" data-fig-domain=\"LEFIGARO\" target=\"_blank\" rel=\"noopener\">Jean-Luc Moudenc<\/a>, en fonction depuis 11 ans, a annonc\u00e9 officiellement d\u00e9but novembre qu&rsquo;il briguait un nouveau mandat aux municipales de mars 2026 \u00e0 la t\u00eate de la quatri\u00e8me ville de France, stigmatisant son opposant LFI, le d\u00e9put\u00e9 Fran\u00e7ois Piquemal, \u00e9galement candidat.<\/p>\n<p>                                            <a class=\"fig-a11y-skip\" href=\"#fig-a11y-skip-main-inarticle\" data-module=\"a11y-skip\" data-context=\"was @visible\"><br \/>\n    Passer la publicit\u00e9<br \/>\n<\/a>            <\/p>\n<p>                                            \u00abOn ne va pas avancer avec \u00e7a\u00bb<\/p>\n<p class=\"fig-paragraph\">Pour Fran\u00e7ois Brian\u00e7on, \u00abd&rsquo;un c\u00f4t\u00e9, on a Moudenc qui nous dit que tous les gens qui ne sont pas avec lui, c&rsquo;est l&rsquo;extr\u00eame gauche (&#8230;) Et de l&rsquo;autre, vous avez la France insoumise qui dit que tous les gens qui ne sont pas d&rsquo;accord avec eux, c&rsquo;est des tra\u00eetres \u00e0 la grande cause\u00bb. \u00abOn ne va pas avancer avec \u00e7a. Ce qu&rsquo;il faut, c&rsquo;est parler des sujets qui touchent les gens. Moi, c&rsquo;est ce que j&rsquo;essaie de faire dans cette campagne\u00bb, a-t-il poursuivi, citant le logement, \u00able manque de d\u00e9mocratie\u00bb, le pouvoir d&rsquo;achat, les transports ou la s\u00e9curit\u00e9. Fran\u00e7ois Piquemal, 40 ans, ancien responsable de l&rsquo;association Droit au logement et d\u00e9put\u00e9 LFI depuis 2022, figurait en 2020 sur la liste Archipel citoyen (LFI, Verts, soci\u00e9t\u00e9 civile) qui avait fusionn\u00e9 au second tour avec la liste PS, mettant en difficult\u00e9 Jean-Luc Moudenc, finalement r\u00e9\u00e9lu avec pr\u00e8s de 52% des voix.<\/p>\n","protected":false},"excerpt":{"rendered":"Toute la gauche soutiendra la candidature de Fran\u00e7ois Brian\u00e7on (PS), tandis que son alli\u00e9 \u00e9cologiste R\u00e9gis Godec tentera&hellip;\n","protected":false},"author":2,"featured_media":578334,"comment_status":"","ping_status":"","sticky":false,"template":"","format":"standard","meta":{"footnotes":""},"categories":[2816],"tags":[1111,11,1777,674,1011,27,3554,12,2680,3541,25,2312],"class_list":{"0":"post-578333","1":"post","2":"type-post","3":"status-publish","4":"format-standard","5":"has-post-thumbnail","7":"category-toulouse","8":"tag-actu","9":"tag-actualites","10":"tag-eu","11":"tag-europe","12":"tag-fr","13":"tag-france","14":"tag-municipales","15":"tag-news","16":"tag-occitanie","17":"tag-parti-socialiste","18":"tag-republique-francaise","19":"tag-toulouse"},"share_on_mastodon":{"url":"https:\/\/pubeurope.com\/@fr\/115663264185577982","error":""},"_links":{"self":[{"href":"https:\/\/www.europesays.com\/fr\/wp-json\/wp\/v2\/posts\/578333","targetHints":{"allow":["GET"]}}],"collection":[{"href":"https:\/\/www.europesays.com\/fr\/wp-json\/wp\/v2\/posts"}],"about":[{"href":"https:\/\/www.europesays.com\/fr\/wp-json\/wp\/v2\/types\/post"}],"author":[{"embeddable":true,"href":"https:\/\/www.europesays.com\/fr\/wp-json\/wp\/v2\/users\/2"}],"replies":[{"embeddable":true,"href":"https:\/\/www.europesays.com\/fr\/wp-json\/wp\/v2\/comments?post=578333"}],"version-history":[{"count":0,"href":"https:\/\/www.europesays.com\/fr\/wp-json\/wp\/v2\/posts\/578333\/revisions"}],"wp:featuredmedia":[{"embeddable":true,"href":"https:\/\/www.europesays.com\/fr\/wp-json\/wp\/v2\/media\/578334"}],"wp:attachment":[{"href":"https:\/\/www.europesays.com\/fr\/wp-json\/wp\/v2\/media?parent=578333"}],"wp:term":[{"taxonomy":"category","embeddable":true,"href":"https:\/\/www.europesays.com\/fr\/wp-json\/wp\/v2\/categories?post=578333"},{"taxonomy":"post_tag","embeddable":true,"href":"https:\/\/www.europesays.com\/fr\/wp-json\/wp\/v2\/tags?post=578333"}],"curies":[{"name":"wp","href":"https:\/\/api.w.org\/{rel}","templated":true}]}}