{"id":578339,"date":"2025-12-04T20:50:17","date_gmt":"2025-12-04T20:50:17","guid":{"rendered":"https:\/\/www.europesays.com\/fr\/578339\/"},"modified":"2025-12-04T20:50:17","modified_gmt":"2025-12-04T20:50:17","slug":"le-credit-mutuel-mediterraneen-accompagne-des-projets-de-proximite","status":"publish","type":"post","link":"https:\/\/www.europesays.com\/fr\/578339\/","title":{"rendered":"Le Cr\u00e9dit Mutuel M\u00e9diterran\u00e9en accompagne des projets de proximit\u00e9"},"content":{"rendered":"<p>                    <img loading=\"lazy\" decoding=\"async\" src=\"https:\/\/www.europesays.com\/fr\/wp-content\/uploads\/2025\/12\/8d6727d4102079850e09276872eae6.png\" class=\"img-responsive post-image\" width=\"680\" height=\"510\" alt=\"Le Cr\u00e9dit Mutuel M\u00e9diterr\" title=\"Le Cr\u00e9dit Mutuel M\u00e9diterran\u00e9en accompagne des projets de proximit\u00e9\"\/><\/p>\n<p class=\"chapo\">Pour la 4\u00e8me ann\u00e9e cons\u00e9cutive, plus de 40 salari\u00e9s et \u00e9lus de 15 Caisses du Cr\u00e9dit Mutuel M\u00e9diterran\u00e9en ont particip\u00e9 \u00e0 la 41\u00e8me course Algernon.<\/p>\n<p>C\u2019est le plus grand \u00e9v\u00e8nement en France accueillant des personnes valides ou en situation de handicap.<br class=\"texte\"\/><br \/>\n\u00ab\u00a0 J\u2019avais entendu parler de la course Algernon depuis des ann\u00e9es. Mais, il y a cinq ans, quand <strong>Christian Gil<\/strong>, responsable des partenariats, que je connaissais par ailleurs, m\u2019a contact\u00e9, j\u2019ai tout de suite \u00e9t\u00e9 s\u00e9duit par le projet, l\u2019ambiance si particuli\u00e8re et porteuse de sens\u00a0\u00bb, a expliqu\u00e9 <strong>Anne-Sophie Moine<\/strong>, pr\u00e9sident et directrice de la caisse de Marseille Vieux-Port.<br class=\"autobr\"\/><br \/>\nDe son c\u00f4t\u00e9, <strong>Robert Peiron<\/strong>, pr\u00e9sident du conseil d\u2019administration de la Caisse de Marseille R\u00e9publique, ajoutait\u00a0: \u00ab\u00a0Je savais que cette rencontre serait une \u00e9vidence. Nous en avons parl\u00e9 \u00e0 notre conseil d\u2019administration et \u00e0 la F\u00e9d\u00e9ration du Cr\u00e9dit Mutuel M\u00e9diterran\u00e9en, qui ont valid\u00e9 ce partenariat\u00a0\u00bb.<br class=\"autobr\"\/><br \/>\nAnne-Sophie Moine, directrice de la Caisse du Cr\u00e9dit Mutuel Marseille R\u00e9publique, a pris ensuite le relais pour b\u00e2tir une coop\u00e9ration durable\u00a0: \u00ab\u00a0La rencontre avec Serge Dahan et Carole Salucci, fondateur et pr\u00e9sidente de l\u2019association Algernon m\u2019a confirm\u00e9 que le slogan de la Course Algernon &#8211; Handicap\u00e9s et valides franchissons nos diff\u00e9rences &#8211; illustre des valeurs en harmonie avec celles de notre banque qui porte, de son c\u00f4t\u00e9, de v\u00e9ritables valeurs soci\u00e9tales\u00a0\u00bb.<br class=\"autobr\"\/><br \/>\nD\u2019une mani\u00e8re g\u00e9n\u00e9rale, les salari\u00e9s et les \u00e9lus du Cr\u00e9dit Mutuel s\u2019engagent pour accompagner des projets de proximit\u00e9. Comme dans l\u2019association Algernon, les administrateurs et les surveillants sont des \u00e9lus b\u00e9n\u00e9voles.<br class=\"autobr\"\/><br \/>\nDepuis le 5 janvier 2023 et la cr\u00e9ation du dividende soci\u00e9tal par le Cr\u00e9dit Mutuel Alliance F\u00e9d\u00e9rale, cette r\u00e9alit\u00e9 historique s\u2019est encore renforc\u00e9e dans l\u2019int\u00e9r\u00eat commun. Chaque ann\u00e9e, 15% du r\u00e9sultat net consolid\u00e9 du groupe (soit 525 M\u20ac en 2024) sont consacr\u00e9s au financement de projets de transformation environnementale et solidaire.<\/p>\n","protected":false},"excerpt":{"rendered":"Pour la 4\u00e8me ann\u00e9e cons\u00e9cutive, plus de 40 salari\u00e9s et \u00e9lus de 15 Caisses du Cr\u00e9dit Mutuel M\u00e9diterran\u00e9en&hellip;\n","protected":false},"author":2,"featured_media":578340,"comment_status":"","ping_status":"","sticky":false,"template":"","format":"standard","meta":{"footnotes":""},"categories":[2814],"tags":[1111,11,2408,1777,674,1011,27,884,12,882,25],"class_list":{"0":"post-578339","1":"post","2":"type-post","3":"status-publish","4":"format-standard","5":"has-post-thumbnail","7":"category-marseille","8":"tag-actu","9":"tag-actualites","10":"tag-appels-d","11":"tag-eu","12":"tag-europe","13":"tag-fr","14":"tag-france","15":"tag-marseille","16":"tag-news","17":"tag-provence-alpes-cote-dazur","18":"tag-republique-francaise"},"share_on_mastodon":{"url":"https:\/\/pubeurope.com\/@fr\/115663276557340425","error":""},"_links":{"self":[{"href":"https:\/\/www.europesays.com\/fr\/wp-json\/wp\/v2\/posts\/578339","targetHints":{"allow":["GET"]}}],"collection":[{"href":"https:\/\/www.europesays.com\/fr\/wp-json\/wp\/v2\/posts"}],"about":[{"href":"https:\/\/www.europesays.com\/fr\/wp-json\/wp\/v2\/types\/post"}],"author":[{"embeddable":true,"href":"https:\/\/www.europesays.com\/fr\/wp-json\/wp\/v2\/users\/2"}],"replies":[{"embeddable":true,"href":"https:\/\/www.europesays.com\/fr\/wp-json\/wp\/v2\/comments?post=578339"}],"version-history":[{"count":0,"href":"https:\/\/www.europesays.com\/fr\/wp-json\/wp\/v2\/posts\/578339\/revisions"}],"wp:featuredmedia":[{"embeddable":true,"href":"https:\/\/www.europesays.com\/fr\/wp-json\/wp\/v2\/media\/578340"}],"wp:attachment":[{"href":"https:\/\/www.europesays.com\/fr\/wp-json\/wp\/v2\/media?parent=578339"}],"wp:term":[{"taxonomy":"category","embeddable":true,"href":"https:\/\/www.europesays.com\/fr\/wp-json\/wp\/v2\/categories?post=578339"},{"taxonomy":"post_tag","embeddable":true,"href":"https:\/\/www.europesays.com\/fr\/wp-json\/wp\/v2\/tags?post=578339"}],"curies":[{"name":"wp","href":"https:\/\/api.w.org\/{rel}","templated":true}]}}