{"id":578341,"date":"2025-12-04T20:51:12","date_gmt":"2025-12-04T20:51:12","guid":{"rendered":"https:\/\/www.europesays.com\/fr\/578341\/"},"modified":"2025-12-04T20:51:12","modified_gmt":"2025-12-04T20:51:12","slug":"le-collectif-mad-mars-approuve-a-son-tour-le-soutien-a-benoit-payan-et-au-printemps-marseillais","status":"publish","type":"post","link":"https:\/\/www.europesays.com\/fr\/578341\/","title":{"rendered":"le collectif Mad Mars approuve \u00e0 son tour le soutien \u00e0 Beno\u00eet Payan et au Printemps marseillais"},"content":{"rendered":"<p>Mad Mars, collectif citoyen qui avait \u00e9t\u00e9 \u00e0 la man\u0153uvre en\u00a02020 pour l\u2019union de la gauche &#8211; <a href=\"https:\/\/www.laprovence.com\/article\/politique\/88617215976395\/marseille-le-collectif-citoyen-mad-mars-est-appele-a-etre-present-aux-municipales-2026\" target=\"_blank\" rel=\"noopener\">avec Olivia Fortin en figure de proue<\/a> &#8211; rempile. R\u00e9unis ce jeudi 4\u00a0d\u00e9cembre au soir en assembl\u00e9e g\u00e9n\u00e9rale \u00e0 la Belle-de-Mai (3e), il a act\u00e9 son soutien au Printemps marseillais pour les <a href=\"https:\/\/www.laprovence.com\/elections\/municipales\" target=\"_blank\" rel=\"noopener\">municipales de mars\u00a02026<\/a>. Avec \u00ab\u00a0l\u2019envie de continuer sur la m\u00eame ligne\u00a0\u00bb, affirme son pr\u00e9sident, l\u2019adjoint au maire \u00c9ric M\u00e9ry.<\/p>\n<p><strong>Repartir avec le Printemps marseillais \u00e9tait-il une \u00e9vidence\u00a0?<\/strong>&#13;\n<\/p>\n<p>Oui. C\u2019est dans la continuit\u00e9 de\u00a02020, <a href=\"https:\/\/www.laprovence.com\/article\/politique\/5537281\/de-lfi-a-lrem-le-collectif-mad-mars-a-ratisse-large.html\" target=\"_blank\" rel=\"noopener\">quand on a contribu\u00e9 \u00e0 cr\u00e9er cette union de la gauche<\/a>, ce qui \u00e9tait novateur en France. On a envie de continuer sur la m\u00eame ligne avec notre maire des 6e-8e Olivia Fortin et nos \u00e9lus municipaux Pierre-Marie Ganozzi, Isabelle Laussine et \u00c9ric Semerdjian.<\/p>\n<p>En\u00a02020, on avait \u00e9t\u00e9 port\u00e9s par l\u2019id\u00e9e de recoudre la ville. Avec la <a href=\"https:\/\/www.laprovence.com\/article\/elections\/2740490880044514\/municipales-2026-liste-paritaire-reforme-de-la-loi-plm-quels-sont-les-changements-pour-les-prochaines-elections\" target=\"_blank\" rel=\"noopener\">r\u00e9forme de la loi PLM<\/a>, toutes les voix comptent. C\u2019est fini, le temps o\u00f9 la droite ne s\u2019occupait pas des secteurs qui ne votaient pas pour elle. Nous voulons nous occuper de tout le monde.<\/p>\n<p><strong>Ne craignez-vous pas d\u2019\u00eatre phagocyt\u00e9s par l\u2019alliance des partis derri\u00e8re Beno\u00eet Payan\u00a0?<\/strong>&#13;\n<\/p>\n<p>Je n\u2019ai pas l\u2019impression que le ralliement du PS, du PC ou des Verts \u00e0 la possible candidatur&#8230;<\/p>\n","protected":false},"excerpt":{"rendered":"Mad Mars, collectif citoyen qui avait \u00e9t\u00e9 \u00e0 la man\u0153uvre en\u00a02020 pour l\u2019union de la gauche &#8211; avec&hellip;\n","protected":false},"author":2,"featured_media":578342,"comment_status":"","ping_status":"","sticky":false,"template":"","format":"standard","meta":{"footnotes":""},"categories":[2814],"tags":[17,5734,1111,11,48361,7819,5949,1777,674,1011,27,37777,918,884,3554,12,882,25],"class_list":{"0":"post-578341","1":"post","2":"type-post","3":"status-publish","4":"format-standard","5":"has-post-thumbnail","7":"category-marseille","8":"tag-17","9":"tag-5734","10":"tag-actu","11":"tag-actualites","12":"tag-approuve","13":"tag-collectif","14":"tag-elections","15":"tag-eu","16":"tag-europe","17":"tag-fr","18":"tag-france","19":"tag-mad","20":"tag-mars","21":"tag-marseille","22":"tag-municipales","23":"tag-news","24":"tag-provence-alpes-cote-dazur","25":"tag-republique-francaise"},"share_on_mastodon":{"url":"https:\/\/pubeurope.com\/@fr\/115663279662275917","error":""},"_links":{"self":[{"href":"https:\/\/www.europesays.com\/fr\/wp-json\/wp\/v2\/posts\/578341","targetHints":{"allow":["GET"]}}],"collection":[{"href":"https:\/\/www.europesays.com\/fr\/wp-json\/wp\/v2\/posts"}],"about":[{"href":"https:\/\/www.europesays.com\/fr\/wp-json\/wp\/v2\/types\/post"}],"author":[{"embeddable":true,"href":"https:\/\/www.europesays.com\/fr\/wp-json\/wp\/v2\/users\/2"}],"replies":[{"embeddable":true,"href":"https:\/\/www.europesays.com\/fr\/wp-json\/wp\/v2\/comments?post=578341"}],"version-history":[{"count":0,"href":"https:\/\/www.europesays.com\/fr\/wp-json\/wp\/v2\/posts\/578341\/revisions"}],"wp:featuredmedia":[{"embeddable":true,"href":"https:\/\/www.europesays.com\/fr\/wp-json\/wp\/v2\/media\/578342"}],"wp:attachment":[{"href":"https:\/\/www.europesays.com\/fr\/wp-json\/wp\/v2\/media?parent=578341"}],"wp:term":[{"taxonomy":"category","embeddable":true,"href":"https:\/\/www.europesays.com\/fr\/wp-json\/wp\/v2\/categories?post=578341"},{"taxonomy":"post_tag","embeddable":true,"href":"https:\/\/www.europesays.com\/fr\/wp-json\/wp\/v2\/tags?post=578341"}],"curies":[{"name":"wp","href":"https:\/\/api.w.org\/{rel}","templated":true}]}}