{"id":578343,"date":"2025-12-04T20:52:19","date_gmt":"2025-12-04T20:52:19","guid":{"rendered":"https:\/\/www.europesays.com\/fr\/578343\/"},"modified":"2025-12-04T20:52:19","modified_gmt":"2025-12-04T20:52:19","slug":"les-methodes-de-la-metropole-recompensees-pour-ces-projets","status":"publish","type":"post","link":"https:\/\/www.europesays.com\/fr\/578343\/","title":{"rendered":"les m\u00e9thodes de la M\u00e9tropole r\u00e9compens\u00e9es pour ces projets"},"content":{"rendered":"<p>                    Par<br \/>\n        <strong><br \/>\n            <a href=\"https:\/\/actu.fr\/auteur\/ludivine-caporal\" title=\"Consulter tous les articles de Ludivine Caporal\" target=\"_blank\" rel=\"noopener\">Ludivine Caporal<\/a><br \/>\n                    <\/strong><\/p>\n<p>        Publi\u00e9 le<\/p>\n<p>            4 d\u00e9c. 2025 \u00e0 18h07        <\/p>\n<p>C\u2019est pourtant l\u2019un des axes les plus critiqu\u00e9s par les opposants de \u00ab\u00a0Presqu\u2019\u00eele \u00e0 vivre\u00a0\u00bb, <a href=\"https:\/\/actu.fr\/auvergne-rhone-alpes\/lyon_69123\/lyon-un-desastre-pour-la-presqu-ile-le-coup-de-sang-d-un-commercant-face-aux-travaux_62219508.html\" target=\"_blank\" rel=\"noopener\">qu\u2019il s\u2019agisse de commer\u00e7ants<\/a>, <a href=\"https:\/\/actu.fr\/auvergne-rhone-alpes\/lyon_69123\/lyon-proteger-les-pietons-une-folie-attractive-la-nouvelle-ztl-en-presqu-ile-fait-reagir_62806604.html\" target=\"_blank\" rel=\"noopener\">d\u2019habitants ou d\u2019\u00e9lus<\/a>.<br \/>Le grand projet de la M\u00e9tropole de <a href=\"https:\/\/actu.fr\/auvergne-rhone-alpes\/lyon_69123\" target=\"_blank\" rel=\"noopener\">Lyon<\/a> a \u00e9t\u00e9 <strong>r\u00e9compens\u00e9 vendredi 21 novembre au S\u00e9nat<\/strong> pour sa \u00ab\u00a0participation citoyenne\u00a0\u00bb et ses \u00ab\u00a0initiatives innovantes\u00a0\u00bb en la mati\u00e8re. Quatre \u00e9toiles ont ainsi \u00e9t\u00e9 d\u00e9cern\u00e9es \u00e0 la collectivit\u00e9 lors des \u00ab\u00a0Prix de la participation\u00a0\u00bb, organis\u00e9s pour la dixi\u00e8me ann\u00e9e cons\u00e9cutive par l\u2019association \u00ab\u00a0D\u00e9cider ensemble\u00a0\u00bb.\u00a0<\/p>\n<p>\u00ab\u00a0Un dialogue en continu\u00a0\u00bb<\/p>\n<p class=\" wall-content\">La M\u00e9tropole de Lyon s\u2019est en effet d\u00e9marqu\u00e9e \u00ab\u00a0dans la cat\u00e9gorie \u2018Collectivit\u00e9s de plus de 100 000 habitants, M\u00e9tropoles ou EPCI\u2019 pour le dispositif de <strong>participation citoyenne <\/strong>organis\u00e9 sur l\u2019adaptation de la Presqu\u2019\u00eele, d\u00e9ploy\u00e9 en collaboration avec la Ville de Lyon et Sytral Mobilit\u00e9s\u00a0\u00bb, est-il pr\u00e9cis\u00e9 dans un communiqu\u00e9 officiel.<\/p>\n<blockquote class=\"ac-article-quote wall-content\">\n<p>Le jury (&#8230;) a soulign\u00e9 la qualit\u00e9 du dispositif de participation, dont la sp\u00e9cificit\u00e9 a \u00e9t\u00e9 d\u2019assurer un dialogue en continu pendant cinq ann\u00e9es et de multiplier les outils d\u2019expression pour toucher toutes les cat\u00e9gories de publics, pour penser l\u2019avenir de ce c\u0153ur de m\u00e9tropole fr\u00e9quent\u00e9 par tous les publics et se situant \u00e0 la crois\u00e9e de nombreux usages.<\/p>\n<p>    <strong>M\u00e9tropole de Lyon<\/strong>\n            <\/p><\/blockquote>\n<p>15 000 participants, selon la M\u00e9tropole de Lyon<\/p>\n<p class=\" wall-content\">La collectivit\u00e9 en profite \u00e9galement pour rappeler les op\u00e9rations qu\u2019elle d\u00e9clare avoir mises en place afin de recueillir les voix de chacun au sujet de \u00ab\u00a0Presqu\u2019\u00eele \u00e0 Vivre\u00a0\u00bb : rencontres dans l\u2019espace public, r\u00e9unions de proximit\u00e9, ateliers de co-construction, instances de dialogue sur mesure, plateforme de participation en ligne\u2026<\/p>\n<p class=\" wall-content\">Au total, 15 000 participants auraient ainsi compt\u00e9 dans ce dispositif global.<\/p>\n<p class=\" wall-content\">\u00ab\u00a0La transformation de la Presqu\u2019\u00eele s\u2019inscrivant dans le temps long, <strong>la concertation continue <\/strong>de prendre en compte les attentes et besoins d\u2019ajustements dans la conduite des travaux et la mise en \u0153uvre de la zone \u00e0 trafic limit\u00e9 (ZTL)\u00a0\u00bb, est-il ajout\u00e9.<\/p>\n<p class=\" wall-content\">En effet, pas plus tard que fin novembre, <a href=\"https:\/\/actu.fr\/auvergne-rhone-alpes\/lyon_69123\/lyon-la-ztl-s-assouplit-face-aux-critiques-plusieurs-changements-a-venir-en-presqu-ile_63459754.html\" target=\"_blank\" rel=\"noopener\">plusieurs changements ont \u00e9t\u00e9 apport\u00e9s \u00e0 la ZTL<\/a> suite \u00e0 des demandes r\u00e9p\u00e9t\u00e9es d\u2019habitants.<\/p>\n<p class=\" wall-content\">Personnalisez votre actualit\u00e9 en ajoutant vos villes et m\u00e9dias en favori avec <a href=\"https:\/\/moncompte.actu.fr\" title=\"D\u00e9couvez Mon Actu\" rel=\"nofollow noopener\" data-trk=\"{&quot;cta&quot;:{&quot;action&quot;:&quot;https:\\\/\\\/moncompte.actu.fr&quot;,&quot;category&quot;:&quot;mon compte&quot;,&quot;from&quot;:&quot;article footer&quot;,&quot;name&quot;:&quot;Mon actu&quot;,&quot;type&quot;:&quot;cta&quot;}}\" target=\"_blank\">Mon Actu<\/a>.<\/p>\n","protected":false},"excerpt":{"rendered":"Par Ludivine Caporal Publi\u00e9 le 4 d\u00e9c. 2025 \u00e0 18h07 C\u2019est pourtant l\u2019un des axes les plus critiqu\u00e9s&hellip;\n","protected":false},"author":2,"featured_media":578344,"comment_status":"","ping_status":"","sticky":false,"template":"","format":"standard","meta":{"footnotes":""},"categories":[1889],"tags":[1111,11,2430,1777,674,1011,27,2808,2428,12,2809,25,104],"class_list":{"0":"post-578343","1":"post","2":"type-post","3":"status-publish","4":"format-standard","5":"has-post-thumbnail","7":"category-lyon","8":"tag-actu","9":"tag-actualites","10":"tag-auvergne-rhone-alpes","11":"tag-eu","12":"tag-europe","13":"tag-fr","14":"tag-france","15":"tag-grand-lyon","16":"tag-lyon","17":"tag-news","18":"tag-presquile","19":"tag-republique-francaise","20":"tag-societe"},"share_on_mastodon":{"url":"https:\/\/pubeurope.com\/@fr\/115663283588935040","error":""},"_links":{"self":[{"href":"https:\/\/www.europesays.com\/fr\/wp-json\/wp\/v2\/posts\/578343","targetHints":{"allow":["GET"]}}],"collection":[{"href":"https:\/\/www.europesays.com\/fr\/wp-json\/wp\/v2\/posts"}],"about":[{"href":"https:\/\/www.europesays.com\/fr\/wp-json\/wp\/v2\/types\/post"}],"author":[{"embeddable":true,"href":"https:\/\/www.europesays.com\/fr\/wp-json\/wp\/v2\/users\/2"}],"replies":[{"embeddable":true,"href":"https:\/\/www.europesays.com\/fr\/wp-json\/wp\/v2\/comments?post=578343"}],"version-history":[{"count":0,"href":"https:\/\/www.europesays.com\/fr\/wp-json\/wp\/v2\/posts\/578343\/revisions"}],"wp:featuredmedia":[{"embeddable":true,"href":"https:\/\/www.europesays.com\/fr\/wp-json\/wp\/v2\/media\/578344"}],"wp:attachment":[{"href":"https:\/\/www.europesays.com\/fr\/wp-json\/wp\/v2\/media?parent=578343"}],"wp:term":[{"taxonomy":"category","embeddable":true,"href":"https:\/\/www.europesays.com\/fr\/wp-json\/wp\/v2\/categories?post=578343"},{"taxonomy":"post_tag","embeddable":true,"href":"https:\/\/www.europesays.com\/fr\/wp-json\/wp\/v2\/tags?post=578343"}],"curies":[{"name":"wp","href":"https:\/\/api.w.org\/{rel}","templated":true}]}}