{"id":578348,"date":"2025-12-04T20:56:15","date_gmt":"2025-12-04T20:56:15","guid":{"rendered":"https:\/\/www.europesays.com\/fr\/578348\/"},"modified":"2025-12-04T20:56:15","modified_gmt":"2025-12-04T20:56:15","slug":"cyberharcelee-alice-tubello-joueuse-de-tennis-raconte-sa-descente-aux-enfers","status":"publish","type":"post","link":"https:\/\/www.europesays.com\/fr\/578348\/","title":{"rendered":"cyberharcel\u00e9e, Alice Tubello, joueuse de tennis, raconte sa \u00ab\u00a0descente aux enfers\u00a0\u00bb"},"content":{"rendered":"<p>      Publi\u00e9 le04\/12\/2025 \u00e0 18h11<\/p>\n<p>    Temps de lecture : 9 mins\n  <\/p>\n<ul class=\"article-share--alt__lst\">\n<li class=\"article-share--alt__lst__itm\">\n<p>      France3 R\u00e9gions sur Facebook (Nouvelle fen\u00eatre)<\/p>\n<\/li>\n<li class=\"article-share--alt__lst__itm\">\n<p>      France3 R\u00e9gions sur WhatsApp (Nouvelle fen\u00eatre)<\/p>\n<\/li>\n<li class=\"article-share--alt__lst__itm\">\n<p>              copier le lien<\/p>\n<\/li>\n<\/ul>\n<p class=\"article__intro\">Joueuse de tennis professionnelle n\u00e9e \u00e0 Clermont-Ferrand, Alice Tubello m\u00e8ne, en parall\u00e8le de sa carri\u00e8re sportive, un combat face aux violences en ligne dont elle a \u00e9t\u00e9 victime. <\/p>\n<p>\n      La Quotidienne Soci\u00e9t\u00e9\n    <\/p>\n<p>\n      De la vie quotidienne aux grands enjeux, recevez tous les jours les sujets qui font la soci\u00e9t\u00e9 locale, comme la justice, l\u2019\u00e9ducation, la sant\u00e9 et la famille.\n    <\/p>\n<p>    France T\u00e9l\u00e9visions utilise votre adresse e-mail afin de vous envoyer la newsletter \u00ab\u00a0La Quotidienne Soci\u00e9t\u00e9\u00a0\u00bb. Vous pouvez vous d\u00e9sinscrire \u00e0 tout moment via le lien en bas de cette newsletter. <a target=\"_blank\" href=\"https:\/\/www.francetelevisions.fr\/groupe\/confidentialite\/politique-de-confidentialite\/politique-de-confidentialite-de-france-televisions-6503\" rel=\"noopener\">Notre politique de confidentialit\u00e9<\/a><\/p>\n<p>Elle s&rsquo;envole dans un mois pour l&rsquo;Open d&rsquo;Australie. Pour l&rsquo;instant, Alice Tubello est \u00e0 Clermont-Ferrand, en famille. La joueuse de tennis, 420e au classement WTA (circuit f\u00e9minin professionnel) a v\u00e9cu une \u00ab\u00a0descente aux enfers\u00a0\u00bb en ao\u00fbt 2024. La raison semble anodine : elle a perdu un match lors d&rsquo;un tournoi au P\u00e9rou. Seulement voil\u00e0, les bookmakers la donnaient favorite. S&rsquo;ensuivent alors des centaines de messages de haine, provenant majoritairement de parieurs sportifs. Et surtout, des d\u00e9nonciations calomnieuses impliquant sa famille enti\u00e8re. <a href=\"https:\/\/france3-regions.franceinfo.fr\/auvergne-rhone-alpes\/puy-de-dome\/clermont-ferrand\/temoignage-on-me-promet-la-mort-a-la-fin-de-chaque-match-victime-de-cyberharcelement-la-joueuse-de-tennis-alice-tubello-denonce-ce-fleau-3022595.html\" target=\"_blank\" rel=\"noopener noreferrer nofollow\" data-tooltip-url=\"https:\/\/france3-regions.franceinfo.fr\/auvergne-rhone-alpes\/puy-de-dome\/clermont-ferrand\/temoignage-on-me-promet-la-mort-a-la-fin-de-chaque-match-victime-de-cyberharcelement-la-joueuse-de-tennis-alice-tubello-denonce-ce-fleau-3022595.html\">La joueuse avait alors imm\u00e9diatement pris la parole pour participer \u00e0 mettre la lumi\u00e8re sur ce fl\u00e9au<\/a>. Elle a accept\u00e9 de revenir sur ces moments difficiles.<\/p>\n<p><strong>Q : Vous avez pris la parole \u00e0 l\u2019\u00e9t\u00e9 2024 sur les commentaires haineux et insultants que vous aviez pu recevoir sur les r\u00e9seaux sociaux. Pouvez-vous nous raconter le moment o\u00f9 vous vous \u00eates dit \u201cl\u00e0, c\u2019est trop\u201d ?\u00a0<\/strong><\/p>\n<p>Alice Tubello : \u00ab\u00a0Effectivement, tout a commenc\u00e9 en ao\u00fbt 2024. Je suis au P\u00e9rou, en quarts de finale, t\u00eate de s\u00e9rie num\u00e9ro 1 et 219e \u00e0 la WTA. Au niveau des classements j\u2019\u00e9tais la meilleure du tournoi, on est \u00e0 3200 m\u00e8tres d\u2019altitude, le tennis est diff\u00e9rent, j\u2019ai du mal \u00e0 jouer. J\u2019affronte une joueuse locale qui a l\u2019habitude du terrain. Finalement je perds le match 7-6 au troisi\u00e8me set au bout de trois heures de jeu. Je r\u00e9cup\u00e8re le r\u00e9seau Wi-Fi, j\u2019allume mon t\u00e9l\u00e9phone et l\u00e0 je re\u00e7ois des centaines et des centaines de messages, dont des menaces de mort. Je d\u00e9couvre ensuite deux heures apr\u00e8s que quelqu\u2019un a cr\u00e9\u00e9 une page Facebook, usurp\u00e9 mon identit\u00e9, et la descente aux enfers commence\u00a0\u00bb.\u00a0<\/p>\n<p><strong>Q : Une page Facebook sur laquelle on retrouve des d\u00e9nonciations calomnieuses envers votre papa ?\u00a0<\/strong><\/p>\n<p>A.T : \u00ab\u00a0L\u2019enti\u00e8ret\u00e9 de ma famille a \u00e9t\u00e9 touch\u00e9e. Mes cousins ont \u00e9t\u00e9 expos\u00e9s, on a r\u00e9cup\u00e9r\u00e9 des vraies photos de ma famille proche, mais aussi plus \u00e9loign\u00e9e. \u00c9videmment \u00e7a fait du mal, les accusations [qui avaient pour but de lui nuire] sont graves. Il a fallu g\u00e9rer \u00e7a, je pense qu\u2019on n\u2019est jamais pr\u00eat \u00e0 vivre quelque chose de de la sorte. Mais nous avons r\u00e9ussi \u00e0 rester soud\u00e9s et c\u2019est ce qui a fonctionn\u00e9\u00a0\u00bb.\u00a0<\/p>\n<p><strong>Q : De quoi s\u2019agissait-il pr\u00e9cis\u00e9ment ?\u00a0<\/strong><\/p>\n<p>A.T : \u00ab\u00a0Quand j\u2019ai d\u00e9couvert la page, il y avait seulement le \u201cmur\u201d Facebook avec ma photo personnelle que j\u2019utilisais sur mon profil priv\u00e9. Le message affich\u00e9, c\u2019\u00e9tait : \u201cJe suis Alice Tubello, je suis victime de mon p\u00e8re p\u00e9dophile\u201d. Apr\u00e8s avoir d\u00e9couvert cela, je l\u2019ai imm\u00e9diatement signal\u00e9. Deux heures apr\u00e8s, des premi\u00e8res publications sont apparues. Dont une sur laquelle on voit l\u2019un de mes petits cousins \u00e9loign\u00e9s, alors qu\u2019il \u00e9tait b\u00e9b\u00e9, de couleur de peau diff\u00e9rente, accompagn\u00e9 de messages \u00e0 caract\u00e8re raciste du type : \u201con a des petits singes dans la famille\u201d. L\u2019auteur a aussi fait passer mon fr\u00e8re pour un monstre puis mentionn\u00e9 une petite cousine que mon p\u00e8re aurait soi-disant viol\u00e9e. La personne derri\u00e8re le compte s\u2019est bien \u201camus\u00e9e\u201d \u00e0 impliquer le plus de personnes possibles dans ma famille\u00a0\u00bb.\u00a0<\/p>\n<p><strong>Q : Y a-t-il eu des suites judiciaires \u00e0 cette affaire ? Ainsi qu\u2019aux autres faits de cyberharc\u00e8lement auxquels vous avez \u00e9t\u00e9 confront\u00e9e ?\u00a0<\/strong><\/p>\n<p>A.T : \u00ab\u00a0En ce qui concerne les centaines de messages de menaces de mort re\u00e7us, malheureusement, je ne peux pas poursuivre 400 personnes en justice, c\u2019est impossible. Et cela fait malheureusement partie int\u00e9grante de notre sport : \u00e0 chaque victoire ou d\u00e9faite, cela nous arrive.\u00a0<\/p>\n<p>Pour l\u2019histoire de la page Facebook, j\u2019ai traduit l\u2019affaire en justice. Il y a une plainte contre X qui est d\u00e9pos\u00e9e et dont on attend encore le r\u00e9sultat. J\u2019esp\u00e8re que cela sera la premi\u00e8re action en justice men\u00e9e en la mati\u00e8re qui conna\u00eetra un aboutissement positif. Cela montrerait aux gens que c\u2019est inadmissible de faire des choses pareilles\u00a0\u00bb.\u00a0<\/p>\n<p><strong>Q : \u00c0 quel point ces messages peuvent-ils avoir un impact sur votre sant\u00e9 mentale, et, par ricochet, sur votre carri\u00e8re sportive ?\u00a0<\/strong><\/p>\n<p>A.T : \u00ab\u00a0On essaie de g\u00e9rer du mieux qu\u2019on peut. Jusqu\u2019\u00e0 cette histoire-l\u00e0, je m\u2019en sortais plut\u00f4t bien, je faisais moins attention, je supprimais les messages ou je ne les ouvrais pas tous. Mais \u00e0 l\u2019\u00e9t\u00e9 2024, \u00e7a a pris une ampleur juste d\u00e9mesur\u00e9e et \u00e7a nous a fortement touch\u00e9s avec mon papa. Pas mal de nuits blanches ont suivi. D\u2019autant plus que j\u2019\u00e9tais encore au P\u00e9rou, avec un d\u00e9calage horaire. J\u2019ai v\u00e9cu beaucoup de stress, des jours et des semaines compliqu\u00e9s. Mais je suis plut\u00f4t fi\u00e8re de la fa\u00e7on dont je l\u2019ai g\u00e9r\u00e9, et finalement j\u2019ai r\u00e9ussi \u00e0 tourner la page assez rapidement\u00a0\u00bb.\u00a0<\/p>\n<p><strong>Q : Parmi les autres r\u00e9percussions des paris sportifs sur les athl\u00e8tes, il existe des cas de tentative de corruption, souvent dans le but de faire expr\u00e8s de perdre un match pour le joueur concern\u00e9. Vous a-t-on d\u00e9j\u00e0 approch\u00e9e avec ce genre de proposition ?\u00a0<\/strong><\/p>\n<p>A.T : \u00ab\u00a0Moi personnellement, non. Cela a d\u00e9j\u00e0 pu arriver \u00e0 d\u2019autres joueuses et joueurs, en effet. Certains ont m\u00eame pu tomber dedans. C\u2019est un sport hyper compliqu\u00e9, avec peu d\u2019\u00e9lus qui peuvent r\u00e9ussir \u00e0 gagner leur vie avec. Des joueuses et des joueurs que j\u2019ai c\u00f4toy\u00e9s ont pu \u00eatre pris \u00e0 ce pi\u00e8ge. En tout cas, c&rsquo;est un v\u00e9ritable fl\u00e9au. Cela soul\u00e8ve aussi un sujet : la difficult\u00e9 pour les joueuses et les joueurs de tennis de financer les saisons. On se retrouve alors parfois pris au pi\u00e8ge. Il faut trouver une solution tous ensemble\u00a0\u00bb.\u00a0<\/p>\n<p><strong>Q : Justement, la F\u00e9d\u00e9ration fran\u00e7aise de tennis (FFT) a-t-elle bien pris la mesure de l\u2019ampleur du sujet du cyberharc\u00e8lement des sportifs, et si oui, des actions sont-elles mises en place pour vous en pr\u00e9munir ?\u00a0<\/strong><\/p>\n<p>A.T : \u00ab\u00a0\u00c0 la suite de mon histoire, j\u2019ai vu \u00e9norm\u00e9ment de soutien. C\u2019est ce qui m\u2019a aid\u00e9, fortement, \u00e0 traverser la p\u00e9riode. La FFT \u00e9tait derri\u00e8re moi, m\u2019a soutenue. Des mesures en la mati\u00e8re avaient d\u00e9j\u00e0 \u00e9t\u00e9 prises, mais du c\u00f4t\u00e9 des joueurs, on n\u2019\u00e9tait pas forc\u00e9ment au courant. Cela a permis de centraliser les aides qui sont \u00e0 notre disposition. Aussi, gr\u00e2ce \u00e0 l\u2019intelligence artificielle, il existe des plateformes qui arrivent \u00e0 monitorer nos r\u00e9seaux sociaux et filtrer certains messages. La f\u00e9d\u00e9ration fran\u00e7aise poss\u00e8de un syst\u00e8me comme celui-ci, la f\u00e9d\u00e9ration internationale a \u00e9galement le sien. Pour l\u2019instant, c\u2019est une premi\u00e8re solution. On essaie d\u2019avancer et d\u2019\u00eatre davantage prot\u00e9g\u00e9s encore\u00a0\u00bb.\u00a0<\/p>\n<p><strong>Q : Pour finir sur une note positive, vous avez r\u00e9alis\u00e9 une tr\u00e8s belle saison l\u2019ann\u00e9e derni\u00e8re. Comment \u00e7a va pour vous, sportivement, en ce moment ? Quels sont vos prochains d\u00e9fis ?\u00a0<\/strong><\/p>\n<p>A.T : \u00ab\u00a0C\u2019\u00e9tait une saison incroyable pour moi l\u2019ann\u00e9e derni\u00e8re. Je suis pass\u00e9e de la 700e place aux qualifications des Grands Chelems. Malheureusement, apr\u00e8s l\u2019Open d\u2019Australie, j\u2019ai d\u00fb \u00eatre op\u00e9r\u00e9e des deux hanches. Je reprends tout juste, depuis ao\u00fbt. Aujourd\u2019hui, je suis de retour, \u00e0 la 400e place. Je suis plut\u00f4t satisfaite des premiers mois de retour \u00e0 la comp\u00e9tition. L\u00e0, je m\u2019envole pour l\u2019Open d\u2019Australie avec mon classement prot\u00e9g\u00e9 [dispositif lanc\u00e9 par le circuit f\u00e9minin qui permet de conserver son ancien classement au retour d\u2019une absence] et j\u2019esp\u00e8re pouvoir faire une saison aux quatre Grands Chelems\u00a0\u00bb.<\/p>\n","protected":false},"excerpt":{"rendered":"Publi\u00e9 le04\/12\/2025 \u00e0 18h11 Temps de lecture : 9 mins France3 R\u00e9gions sur Facebook (Nouvelle fen\u00eatre) France3 R\u00e9gions&hellip;\n","protected":false},"author":2,"featured_media":578349,"comment_status":"","ping_status":"","sticky":false,"template":"","format":"standard","meta":{"footnotes":""},"categories":[1888],"tags":[1111,1928,11,1927,1777,674,1011,27,12,1926,626,1925,25],"class_list":{"0":"post-578348","1":"post","2":"type-post","3":"status-publish","4":"format-standard","5":"has-post-thumbnail","7":"category-paris","8":"tag-actu","9":"tag-actu-paris","10":"tag-actualites","11":"tag-actualites-paris","12":"tag-eu","13":"tag-europe","14":"tag-fr","15":"tag-france","16":"tag-news","17":"tag-news-paris","18":"tag-paris","19":"tag-paris-news","20":"tag-republique-francaise"},"share_on_mastodon":{"url":"https:\/\/pubeurope.com\/@fr\/115663299219475034","error":""},"_links":{"self":[{"href":"https:\/\/www.europesays.com\/fr\/wp-json\/wp\/v2\/posts\/578348","targetHints":{"allow":["GET"]}}],"collection":[{"href":"https:\/\/www.europesays.com\/fr\/wp-json\/wp\/v2\/posts"}],"about":[{"href":"https:\/\/www.europesays.com\/fr\/wp-json\/wp\/v2\/types\/post"}],"author":[{"embeddable":true,"href":"https:\/\/www.europesays.com\/fr\/wp-json\/wp\/v2\/users\/2"}],"replies":[{"embeddable":true,"href":"https:\/\/www.europesays.com\/fr\/wp-json\/wp\/v2\/comments?post=578348"}],"version-history":[{"count":0,"href":"https:\/\/www.europesays.com\/fr\/wp-json\/wp\/v2\/posts\/578348\/revisions"}],"wp:featuredmedia":[{"embeddable":true,"href":"https:\/\/www.europesays.com\/fr\/wp-json\/wp\/v2\/media\/578349"}],"wp:attachment":[{"href":"https:\/\/www.europesays.com\/fr\/wp-json\/wp\/v2\/media?parent=578348"}],"wp:term":[{"taxonomy":"category","embeddable":true,"href":"https:\/\/www.europesays.com\/fr\/wp-json\/wp\/v2\/categories?post=578348"},{"taxonomy":"post_tag","embeddable":true,"href":"https:\/\/www.europesays.com\/fr\/wp-json\/wp\/v2\/tags?post=578348"}],"curies":[{"name":"wp","href":"https:\/\/api.w.org\/{rel}","templated":true}]}}