{"id":57835,"date":"2025-04-27T22:31:09","date_gmt":"2025-04-27T22:31:09","guid":{"rendered":"https:\/\/www.europesays.com\/fr\/57835\/"},"modified":"2025-04-27T22:31:09","modified_gmt":"2025-04-27T22:31:09","slug":"en-video-lextraordinaire-atmosphere-apres-le-nouveau-titre-de-liverpool","status":"publish","type":"post","link":"https:\/\/www.europesays.com\/fr\/57835\/","title":{"rendered":"en vid\u00e9o, l\u2019extraordinaire atmosph\u00e8re apr\u00e8s le nouveau titre de Liverpool"},"content":{"rendered":"<p>Fra\u00eechement champions d\u2019Angleterre pour la 20e fois de leur histoire, les Reds de Liverpool ont communi\u00e9 avec le public en chantant notamment le fameux \u00abYou\u2019ll never walk alone\u00bb.<\/p>\n<p class=\"fig-paragraph\">Des frissons, rien que des frissons. Ce dimanche,\u00a0<a href=\"http:\/\/www.lefigaro.fr\/sports\/football\/angleterre\/premier-league-liverpool-sacre-champion-d-angleterre-pour-la-20e-fois-record-egale-20250427\" data-fig-type=\"NewsFlash\" data-gtm-custom-categorie=\"navigation\" data-gtm-custom-action=\"crossclick\" data-gtm-custom-label=\"Contextuel\" data-gtm-event=\"customEventSPE\" data-fig-domain=\"LEFIGARO\" target=\"_blank\" rel=\"noopener\">Liverpool<\/a>\u00a0a d\u00e9croch\u00e9 son 20e titre de champion d\u2019Angleterre &#8211; le record de Manchester United est donc \u00e9gal\u00e9 &#8211; en \u00e9crasant Tottenham (5-1). \u00c0 l\u2019issue de la rencontre, joueurs, dirigeants, entra\u00eeneurs et supporters ont tous communi\u00e9 ensemble, dans le th\u00e9\u00e2tre de r\u00eave d\u2019Anfield. L\u2019occasion, aussi, de chanter tous ensemble le c\u00e9l\u00e8bre \u00abYou\u2019ll never walk alone\u00bb. \u00c0 d\u00e9guster, sans mod\u00e9ration.<\/p>\n","protected":false},"excerpt":{"rendered":"Fra\u00eechement champions d\u2019Angleterre pour la 20e fois de leur histoire, les Reds de Liverpool ont communi\u00e9 avec le&hellip;\n","protected":false},"author":2,"featured_media":57836,"comment_status":"","ping_status":"","sticky":false,"template":"","format":"standard","meta":{"footnotes":""},"categories":[9],"tags":[1011,27,15383,7369,70,60],"class_list":{"0":"post-57835","1":"post","2":"type-post","3":"status-publish","4":"format-standard","5":"has-post-thumbnail","7":"category-sports","8":"tag-fr","9":"tag-france","10":"tag-liverpool-fc","11":"tag-mohamed-salah","12":"tag-premier-league","13":"tag-sports"},"share_on_mastodon":{"url":"https:\/\/pubeurope.com\/@fr\/114412302180758962","error":""},"_links":{"self":[{"href":"https:\/\/www.europesays.com\/fr\/wp-json\/wp\/v2\/posts\/57835","targetHints":{"allow":["GET"]}}],"collection":[{"href":"https:\/\/www.europesays.com\/fr\/wp-json\/wp\/v2\/posts"}],"about":[{"href":"https:\/\/www.europesays.com\/fr\/wp-json\/wp\/v2\/types\/post"}],"author":[{"embeddable":true,"href":"https:\/\/www.europesays.com\/fr\/wp-json\/wp\/v2\/users\/2"}],"replies":[{"embeddable":true,"href":"https:\/\/www.europesays.com\/fr\/wp-json\/wp\/v2\/comments?post=57835"}],"version-history":[{"count":0,"href":"https:\/\/www.europesays.com\/fr\/wp-json\/wp\/v2\/posts\/57835\/revisions"}],"wp:featuredmedia":[{"embeddable":true,"href":"https:\/\/www.europesays.com\/fr\/wp-json\/wp\/v2\/media\/57836"}],"wp:attachment":[{"href":"https:\/\/www.europesays.com\/fr\/wp-json\/wp\/v2\/media?parent=57835"}],"wp:term":[{"taxonomy":"category","embeddable":true,"href":"https:\/\/www.europesays.com\/fr\/wp-json\/wp\/v2\/categories?post=57835"},{"taxonomy":"post_tag","embeddable":true,"href":"https:\/\/www.europesays.com\/fr\/wp-json\/wp\/v2\/tags?post=57835"}],"curies":[{"name":"wp","href":"https:\/\/api.w.org\/{rel}","templated":true}]}}