{"id":578364,"date":"2025-12-04T21:06:15","date_gmt":"2025-12-04T21:06:15","guid":{"rendered":"https:\/\/www.europesays.com\/fr\/578364\/"},"modified":"2025-12-04T21:06:15","modified_gmt":"2025-12-04T21:06:15","slug":"friedrich-merz-promet-plus-de-200-mesures-de-simplification-administrative","status":"publish","type":"post","link":"https:\/\/www.europesays.com\/fr\/578364\/","title":{"rendered":"Friedrich Merz promet plus de 200 mesures de simplification administrative"},"content":{"rendered":"<p>\n    Baptis\u00e9 \u00ab\u202fagenda f\u00e9d\u00e9ral de modernisation\u00a0\u00bb, ce plan entend all\u00e9ger la bureaucratie jug\u00e9e frein au dynamisme \u00e9conomique, en touchant des domaines vari\u00e9s comme la construction, l\u2019\u00e9tat civil, les imp\u00f4ts ou encore la reconnaissance des dipl\u00f4mes \u00e9trangers.<\/p>\n<p class=\"fig-paragraph\">Construction, \u00e9tat civil, imp\u00f4ts, dipl\u00f4mes \u00e9trangers: le\u00a0<a href=\"http:\/\/www.lefigaro.fr\/international\/comment-le-triangle-entre-friedrich-merz-ursula-von-der-leyen-et-manfred-weber-rebat-les-cartes-en-europe-20251203\" target=\"_blank\" data-fig-type=\"Article\" rel=\"noopener nofollow\" data-gtm-custom-categorie=\"navigation\" data-gtm-custom-action=\"crossclick\" data-gtm-custom-label=\"Contextuel\" data-gtm-event=\"customEventSPE\" data-fig-domain=\"LEFIGARO\">chancelier allemand Friedrich Merz<\/a>\u00a0a annonc\u00e9 jeudi plus de 200 mesures de simplification administrative pour r\u00e9duire la bureaucratie, jug\u00e9e en partie responsable du marasme \u00e9conomique du pays. Cet \u00abagenda f\u00e9d\u00e9ral de modernisation\u00bb adopt\u00e9 apr\u00e8s une r\u00e9union avec les pr\u00e9sidents de r\u00e9gion apportera \u00abdes simplifications et des all\u00e8gements consid\u00e9rables pour les citoyens, les entreprises et l&rsquo;administration\u00bb, a assur\u00e9 le dirigeant allemand lors d&rsquo;une conf\u00e9rence de presse.<\/p>\n<p class=\"fig-paragraph\">Un mois plus t\u00f4t, d\u00e9but novembre, son gouvernement avait d\u00e9j\u00e0 adopt\u00e9 des mesures destin\u00e9es selon lui \u00e0 all\u00e9ger le fardeau bureaucratique. Les mesures suppl\u00e9mentaires d\u00e9cid\u00e9es jeudi doivent permettre de \u00abdiminuer les co\u00fbts de la bureaucratie de 25 %\u00bb, affirme le minist\u00e8re du Travail et des Affaires sociales dans un communiqu\u00e9. Certaines d\u00e9cisions administratives \u00abseront consid\u00e9r\u00e9es comme accord\u00e9es si elles ne sont pas rendues dans un d\u00e9lai de trois mois\u00bb et les demandes de justificatifs \u00abseront r\u00e9duites\u00bb, indique le minist\u00e8re.<\/p>\n<p>                                            <a class=\"fig-a11y-skip\" href=\"#fig-a11y-skip-main-inarticle\" data-module=\"a11y-skip\" data-context=\"was @visible\"><br \/>\n    Passer la publicit\u00e9<br \/>\n<\/a>            <\/p>\n<p class=\"fig-paragraph\">Dans un pays \u00e0 la d\u00e9mographie vieillissante, les cartes d&rsquo;identit\u00e9 des plus de 70 ans \u00abauront d\u00e9sormais une validit\u00e9 illimit\u00e9e\u00bb, a aussi indiqu\u00e9 Friedrich Merz. Dans le secteur du BTP, dans certains cas, \u00abil ne sera plus n\u00e9cessaire de d\u00e9poser une demande d&rsquo;autorisation, mais seulement une d\u00e9claration\u00bb, a-t-il annonc\u00e9. Pour moderniser des infrastructures mises \u00e0 mal par des ann\u00e9es de sous-investissement, l&rsquo;\u00c9tat s&rsquo;engage \u00e0 raccourcir les d\u00e9lais d&rsquo;appel d\u2019offres, avec l&rsquo;aide de l&rsquo;intelligence artificielle, ainsi que les proc\u00e9dures d&rsquo;autorisation.<\/p>\n<p>                                            Besoin de main-d\u2019\u0153uvre immigr\u00e9e \u00e0 au moins 1,6 million d\u2019ici 2029<\/p>\n<p class=\"fig-paragraph\">L&rsquo;IA interviendra aussi dans le traitement des demandes d&rsquo;\u00e9tat civil, et tous les documents seront disponibles sur smartphone avec la mise en place d&rsquo;un syst\u00e8me d&rsquo;exploitation num\u00e9rique national. La d\u00e9claration fiscale doit aussi \u00eatre simplifi\u00e9e. Dans un pays o\u00f9 l&rsquo;industrie, la logistique ou la construction manquent aussi de bras, et o\u00f9 l&rsquo;Institut allemand d&rsquo;\u00e9tudes \u00e9conomiques (DIW) a chiffr\u00e9 le besoin de main-d\u2019\u0153uvre immigr\u00e9e \u00e0 au moins 1,6 million d&rsquo;ici 2029, Friedrich Merz a promis de faciliter \u00abla reconnaissance des qualifications professionnelles acquises \u00e0 l&rsquo;\u00e9tranger\u00bb.<\/p>\n<p class=\"fig-paragraph\">Ces annonces interviennent dans un contexte politique et \u00e9conomique tr\u00e8s d\u00e9licat pour la coalition de Friedrich Merz, alliant son camp conservateur aux sociaux-d\u00e9mocrates, au pouvoir depuis mai. Mardi, la premi\u00e8re f\u00e9d\u00e9ration industrielle du pays a affirm\u00e9 que l&rsquo;\u00e9conomie allemande traversait \u00absa crise la plus profonde\u00bb de l&rsquo;apr\u00e8s-guerre, reprochant au gouvernement son inaction malgr\u00e9 une quatri\u00e8me ann\u00e9e cons\u00e9cutive de production industrielle en chute. Et le parti d&rsquo;extr\u00eame droite Alternative pour l&rsquo;Allemagne (AfD), premi\u00e8re force d&rsquo;opposition depuis les derni\u00e8res l\u00e9gislatives, pointe d\u00e9sormais en t\u00eate dans certains sondages.<\/p>\n","protected":false},"excerpt":{"rendered":"Baptis\u00e9 \u00ab\u202fagenda f\u00e9d\u00e9ral de modernisation\u00a0\u00bb, ce plan entend all\u00e9ger la bureaucratie jug\u00e9e frein au dynamisme \u00e9conomique, en touchant&hellip;\n","protected":false},"author":2,"featured_media":578365,"comment_status":"","ping_status":"","sticky":false,"template":"","format":"standard","meta":{"footnotes":""},"categories":[1587],"tags":[11,672,1804,1805,1803,1777,674,4710,1801,12,1802],"class_list":{"0":"post-578364","1":"post","2":"type-post","3":"status-publish","4":"format-standard","5":"has-post-thumbnail","7":"category-allemagne","8":"tag-actualites","9":"tag-allemagne","10":"tag-bundesrepublik-deutschland","11":"tag-de","12":"tag-deutschland","13":"tag-eu","14":"tag-europe","15":"tag-friedrich-merz","16":"tag-germany","17":"tag-news","18":"tag-republique-federale-dallemagne"},"share_on_mastodon":{"url":"https:\/\/pubeurope.com\/@fr\/115663338596182856","error":""},"_links":{"self":[{"href":"https:\/\/www.europesays.com\/fr\/wp-json\/wp\/v2\/posts\/578364","targetHints":{"allow":["GET"]}}],"collection":[{"href":"https:\/\/www.europesays.com\/fr\/wp-json\/wp\/v2\/posts"}],"about":[{"href":"https:\/\/www.europesays.com\/fr\/wp-json\/wp\/v2\/types\/post"}],"author":[{"embeddable":true,"href":"https:\/\/www.europesays.com\/fr\/wp-json\/wp\/v2\/users\/2"}],"replies":[{"embeddable":true,"href":"https:\/\/www.europesays.com\/fr\/wp-json\/wp\/v2\/comments?post=578364"}],"version-history":[{"count":0,"href":"https:\/\/www.europesays.com\/fr\/wp-json\/wp\/v2\/posts\/578364\/revisions"}],"wp:featuredmedia":[{"embeddable":true,"href":"https:\/\/www.europesays.com\/fr\/wp-json\/wp\/v2\/media\/578365"}],"wp:attachment":[{"href":"https:\/\/www.europesays.com\/fr\/wp-json\/wp\/v2\/media?parent=578364"}],"wp:term":[{"taxonomy":"category","embeddable":true,"href":"https:\/\/www.europesays.com\/fr\/wp-json\/wp\/v2\/categories?post=578364"},{"taxonomy":"post_tag","embeddable":true,"href":"https:\/\/www.europesays.com\/fr\/wp-json\/wp\/v2\/tags?post=578364"}],"curies":[{"name":"wp","href":"https:\/\/api.w.org\/{rel}","templated":true}]}}