{"id":578372,"date":"2025-12-04T21:10:23","date_gmt":"2025-12-04T21:10:23","guid":{"rendered":"https:\/\/www.europesays.com\/fr\/578372\/"},"modified":"2025-12-04T21:10:23","modified_gmt":"2025-12-04T21:10:23","slug":"ce-que-reproche-le-gendarme-de-laudiovisuel-a-lheure-des-pros-2","status":"publish","type":"post","link":"https:\/\/www.europesays.com\/fr\/578372\/","title":{"rendered":"ce que reproche le gendarme de l&rsquo;audiovisuel \u00e0 \u00ab\u00a0L&rsquo;Heure des pros 2\u00a0\u00bb"},"content":{"rendered":"<p>                    Par<br \/>\n        <strong><br \/>\n            <a href=\"https:\/\/actu.fr\/auteur\/redaction-actu\" title=\"Consulter tous les articles de R\u00e9daction Actu\" target=\"_blank\" rel=\"noopener\">R\u00e9daction Actu<\/a><br \/>\n                    <\/strong><\/p>\n<p>        Publi\u00e9 le<\/p>\n<p>            4 d\u00e9c. 2025 \u00e0 18h54        <\/p>\n<p>Le r\u00e9gulateur de l\u2019audiovisuel (Arcom) a publi\u00e9 jeudi 4 d\u00e9cembre 2025 <strong>une mise en garde<\/strong> \u00e0 la cha\u00eene d\u2019info de la galaxie Bollor\u00e9, CNews, pour des \u00ab\u00a0pr\u00e9jug\u00e9s sexistes\u00a0\u00bb lors d\u2019un d\u00e9bat anim\u00e9 par Pascal Praud sur l\u2019introduction de la notion de consentement dans la d\u00e9finition p\u00e9nale du viol.<\/p>\n<p>Une s\u00e9quence misogyne<\/p>\n<p class=\" wall-content\">Lors de cette \u00e9dition de \u00ab\u00a0L\u2019Heure des pros 2\u00a0\u00bb, diffus\u00e9e le 3 avril 2025, la majorit\u00e9 des intervenants avaient critiqu\u00e9 cette introduction, soulevant l\u2019hypoth\u00e8se qu\u2019une femme puisse revenir sur son consentement apr\u00e8s une relation. \u00a0<\/p>\n<p class=\" wall-content\">Ils avaient aussi \u00ab\u00a0discut\u00e9 de l\u2019existence de plaintes d\u00e9pos\u00e9es par des femmes motiv\u00e9es par un +regret+, une +haine des hommes+ et un +sentiment de revanche+\u00a0\u00bb, \u00e9crit l\u2019Arcom sur cette mise en garde, d\u00e9cid\u00e9e en Assembl\u00e9e pl\u00e9ni\u00e8re le 8 octobre.<\/p>\n<p class=\" wall-content\"><a href=\"https:\/\/actu.fr\/societe\/extreme-droite-cible-dans-le-dos-on-vous-resume-la-passe-d-armes-entre-delphine-ernotte-et-pascal-praud_63182007.html\" target=\"_blank\" rel=\"noopener\">CNews<\/a> est responsable d&rsquo;\u00a0\u00bbun manquement caract\u00e9ris\u00e9\u00a0\u00bb \u00e0 la loi de 1986 qui pr\u00e9voit que l\u2019Arcom prot\u00e8ge \u00ab\u00a0l\u2019image des femmes\u00a0\u00bb en luttant notamment contre \u00ab\u00a0les pr\u00e9jug\u00e9s sexistes\u00a0\u00bb.<\/p>\n<p class=\" wall-content\">Certains des propos de Pascal Praud avaient \u00e9t\u00e9 d\u00e9nonc\u00e9s sur les r\u00e9seaux sociaux. \u00ab\u00a0Il y a beaucoup de femmes qui n\u2019ont pas eu la chance d\u2019\u00eatre regard\u00e9es par les hommes et qui de ce fait, nourrissent parfois contre eux un sentiment de revanche\u00a0\u00bb, avait-il dit, ajoutant: \u00ab\u00a0c\u2019est vrai aussi \u00e0 l\u2019inverse, il y a beaucoup d\u2019hommes qui sont tr\u00e8s misogynes parce que les femmes ne les ont jamais regard\u00e9s de leur vie\u00a0\u00bb.<\/p>\n<p class=\" wall-content\">L\u2019Arcom a consid\u00e9r\u00e9 que ces propos, \u00ab\u00a0bien qu\u2019ils aient fait l\u2019objet d\u2019une certaine contradiction, tendaient \u00e0 entretenir <strong>des pr\u00e9jug\u00e9s sexistes<\/strong>\u00ab\u00a0.<\/p>\n<p>Votre r\u00e9gion, votre actu !<\/p>\n<p>Recevez chaque jour les infos qui comptent pour vous.<\/p>\n<p>\t<a href=\"https:\/\/actu.fr\/newsletter\" class=\"ac-btn ac-btn--corner ac-btn--medium ac-btn--blue800\" target=\"_blank\" rel=\"noopener\">S&rsquo;incrire<\/a><br \/>\nPas la sanction la plus \u00e9lev\u00e9e<\/p>\n<p class=\" wall-content\">Le r\u00e9gulateur de l\u2019audiovisuel a le pouvoir d\u2019intervenir aupr\u00e8s des cha\u00eenes auxquelles elle donne l\u2019autorisation d\u2019\u00e9mettre, pour leur rappeler leurs obligations. Dans l\u2019\u00e9chelle des interventions de l\u2019Arcom, <strong>la mise en garde pr\u00e9c\u00e8de la mise en demeure<\/strong>, qui peut d\u00e9boucher sur une sanction financi\u00e8re.<\/p>\n<p class=\" wall-content\">Jeudi dernier, l\u2019Arcom avait adress\u00e9 une mise en garde \u00e0 France 2 \u00e0 propos d\u2019un reportage de l\u2019\u00e9mission d\u2019investigation \u00ab\u00a0Compl\u00e9ment d\u2019enqu\u00eate\u00a0\u00bb sur le S\u00e9nat, le 19 juin dernier.\u00a0<\/p>\n<p class=\" wall-content\">Elle avait notamment regrett\u00e9 \u00ab\u00a0l\u2019absence de mise en perspective\u00a0\u00bb sur les propos d\u2019un collaborateur parlementaire qui d\u00e9non\u00e7ait des faits de harc\u00e8lement, et un manque de \u00ab\u00a0mesure\u00a0\u00bb et de \u00ab\u00a0rigueur\u00a0\u00bb dans certaines formulations, comme celle de \u00ab\u00a0s\u00e9nateurs dealers\u00a0\u00bb.<\/p>\n<p class=\" wall-content\">En cons\u00e9quence, l\u2019Arcom a adress\u00e9 une mise en garde \u00ab\u00a0quant \u00e0 la n\u00e9cessit\u00e9 de faire preuve de rigueur et d\u2019honn\u00eatet\u00e9 dans la pr\u00e9sentation et le traitement de l\u2019information\u00a0\u00bb.<\/p>\n<p class=\" wall-content\"><strong>Avec AFP<\/strong><\/p>\n<p class=\" wall-content\">Personnalisez votre actualit\u00e9 en ajoutant vos villes et m\u00e9dias en favori avec <a href=\"https:\/\/moncompte.actu.fr\" title=\"D\u00e9couvez Mon Actu\" rel=\"nofollow noopener\" data-trk=\"{&quot;cta&quot;:{&quot;action&quot;:&quot;https:\\\/\\\/moncompte.actu.fr&quot;,&quot;category&quot;:&quot;mon compte&quot;,&quot;from&quot;:&quot;article footer&quot;,&quot;name&quot;:&quot;Mon actu&quot;,&quot;type&quot;:&quot;cta&quot;}}\" target=\"_blank\">Mon Actu<\/a>.<\/p>\n","protected":false},"excerpt":{"rendered":"Par R\u00e9daction Actu Publi\u00e9 le 4 d\u00e9c. 2025 \u00e0 18h54 Le r\u00e9gulateur de l\u2019audiovisuel (Arcom) a publi\u00e9 jeudi&hellip;\n","protected":false},"author":2,"featured_media":578373,"comment_status":"","ping_status":"","sticky":false,"template":"","format":"standard","meta":{"footnotes":""},"categories":[2],"tags":[11,1011,27,12,25,104,252],"class_list":{"0":"post-578372","1":"post","2":"type-post","3":"status-publish","4":"format-standard","5":"has-post-thumbnail","7":"category-actualites","8":"tag-actualites","9":"tag-fr","10":"tag-france","11":"tag-news","12":"tag-republique-francaise","13":"tag-societe","14":"tag-television"},"share_on_mastodon":{"url":"https:\/\/pubeurope.com\/@fr\/115663354253849998","error":""},"_links":{"self":[{"href":"https:\/\/www.europesays.com\/fr\/wp-json\/wp\/v2\/posts\/578372","targetHints":{"allow":["GET"]}}],"collection":[{"href":"https:\/\/www.europesays.com\/fr\/wp-json\/wp\/v2\/posts"}],"about":[{"href":"https:\/\/www.europesays.com\/fr\/wp-json\/wp\/v2\/types\/post"}],"author":[{"embeddable":true,"href":"https:\/\/www.europesays.com\/fr\/wp-json\/wp\/v2\/users\/2"}],"replies":[{"embeddable":true,"href":"https:\/\/www.europesays.com\/fr\/wp-json\/wp\/v2\/comments?post=578372"}],"version-history":[{"count":0,"href":"https:\/\/www.europesays.com\/fr\/wp-json\/wp\/v2\/posts\/578372\/revisions"}],"wp:featuredmedia":[{"embeddable":true,"href":"https:\/\/www.europesays.com\/fr\/wp-json\/wp\/v2\/media\/578373"}],"wp:attachment":[{"href":"https:\/\/www.europesays.com\/fr\/wp-json\/wp\/v2\/media?parent=578372"}],"wp:term":[{"taxonomy":"category","embeddable":true,"href":"https:\/\/www.europesays.com\/fr\/wp-json\/wp\/v2\/categories?post=578372"},{"taxonomy":"post_tag","embeddable":true,"href":"https:\/\/www.europesays.com\/fr\/wp-json\/wp\/v2\/tags?post=578372"}],"curies":[{"name":"wp","href":"https:\/\/api.w.org\/{rel}","templated":true}]}}