{"id":578374,"date":"2025-12-04T21:11:23","date_gmt":"2025-12-04T21:11:23","guid":{"rendered":"https:\/\/www.europesays.com\/fr\/578374\/"},"modified":"2025-12-04T21:11:23","modified_gmt":"2025-12-04T21:11:23","slug":"le-championnat-de-france-ne-viendra-pas-a-mazan-en-2026","status":"publish","type":"post","link":"https:\/\/www.europesays.com\/fr\/578374\/","title":{"rendered":"le championnat de France ne viendra pas \u00e0 Mazan en 2026"},"content":{"rendered":"<p>C&rsquo;est un coup dur pour pour le <a href=\"https:\/\/www.laprovence.com\/article\/sports\/34392319521773\/moto-le-comite-de-vaucluse-a-honore-ses-benevoles-et-sportifs\" target=\"_blank\" rel=\"noopener\">sport automobile<\/a> vauclusien. La traditionnelle derni\u00e8re \u00e9preuve du championnat de France d&rsquo;<a href=\"https:\/\/www.laprovence.com\/article\/region\/9216671405240714\/vaucluse-lauto-cross-un-sport-ou-lon-en-prend-plein-les-yeux\" target=\"_blank\" rel=\"noopener\">auto-cross<\/a>, organis\u00e9e sur le <a href=\"https:\/\/www.laprovence.com\/article\/sports\/5460655030060514\/auto-cross-mazan-a-couronne-ses-champions-et-championnes-de-france\" target=\"_blank\" rel=\"noopener\">circuit de Canteperdrix<\/a> \u00e0 Mazan, ne viendra pas en octobre 2026. Sur les r\u00e9seaux sociaux, le Ventoux auto-cross a indiqu\u00e9 que \u00ab\u00a0cette d\u00e9cision est la r\u00e9sultante de plusieurs probl\u00e9matiques.\u00a0\u00bb<\/p>\n<p>\u00ab\u00a0Contraintes logistiques, pression, fatigue et manque de b\u00e9n\u00e9voles\u00a0\u00bb<\/p>\n<p>L&rsquo;organisation pointe \u00ab\u00a0les nombreuses contraintes logistiques (cahier des charges et budgets cons\u00e9quents), la pression engendr\u00e9e, mais aussi la fatigue et le manque de b\u00e9n\u00e9voles.\u00a0\u00bb<\/p>\n<p>Le 5 octobre 2025, plus de 200 pilotes s&rsquo;\u00e9taient rassembl\u00e9s sur le trac\u00e9 mazanais pour ce qui est la derni\u00e8re sortie. Les super buggy ou encore les sprint car, entre autres, devront patienter avant de retrouver le sol vauclusien.<\/p>\n","protected":false},"excerpt":{"rendered":"C&rsquo;est un coup dur pour pour le sport automobile vauclusien. La traditionnelle derni\u00e8re \u00e9preuve du championnat de France&hellip;\n","protected":false},"author":2,"featured_media":578375,"comment_status":"","ping_status":"","sticky":false,"template":"","format":"standard","meta":{"footnotes":""},"categories":[4],"tags":[17,5734,11,69257,3233,1011,27,69259,12,5261,25,60,69258],"class_list":{"0":"post-578374","1":"post","2":"type-post","3":"status-publish","4":"format-standard","5":"has-post-thumbnail","7":"category-france","8":"tag-17","9":"tag-5734","10":"tag-actualites","11":"tag-auto-cross","12":"tag-championnat","13":"tag-fr","14":"tag-france","15":"tag-mazan","16":"tag-news","17":"tag-pas","18":"tag-republique-francaise","19":"tag-sports","20":"tag-viendra"},"share_on_mastodon":{"url":"https:\/\/pubeurope.com\/@fr\/115663358201451906","error":""},"_links":{"self":[{"href":"https:\/\/www.europesays.com\/fr\/wp-json\/wp\/v2\/posts\/578374","targetHints":{"allow":["GET"]}}],"collection":[{"href":"https:\/\/www.europesays.com\/fr\/wp-json\/wp\/v2\/posts"}],"about":[{"href":"https:\/\/www.europesays.com\/fr\/wp-json\/wp\/v2\/types\/post"}],"author":[{"embeddable":true,"href":"https:\/\/www.europesays.com\/fr\/wp-json\/wp\/v2\/users\/2"}],"replies":[{"embeddable":true,"href":"https:\/\/www.europesays.com\/fr\/wp-json\/wp\/v2\/comments?post=578374"}],"version-history":[{"count":0,"href":"https:\/\/www.europesays.com\/fr\/wp-json\/wp\/v2\/posts\/578374\/revisions"}],"wp:featuredmedia":[{"embeddable":true,"href":"https:\/\/www.europesays.com\/fr\/wp-json\/wp\/v2\/media\/578375"}],"wp:attachment":[{"href":"https:\/\/www.europesays.com\/fr\/wp-json\/wp\/v2\/media?parent=578374"}],"wp:term":[{"taxonomy":"category","embeddable":true,"href":"https:\/\/www.europesays.com\/fr\/wp-json\/wp\/v2\/categories?post=578374"},{"taxonomy":"post_tag","embeddable":true,"href":"https:\/\/www.europesays.com\/fr\/wp-json\/wp\/v2\/tags?post=578374"}],"curies":[{"name":"wp","href":"https:\/\/api.w.org\/{rel}","templated":true}]}}