{"id":578377,"date":"2025-12-04T21:14:12","date_gmt":"2025-12-04T21:14:12","guid":{"rendered":"https:\/\/www.europesays.com\/fr\/578377\/"},"modified":"2025-12-04T21:14:12","modified_gmt":"2025-12-04T21:14:12","slug":"bagarre-apres-une-soiree-alcoolisee-a-mont-de-marsan-un-3eme-ligne-du-groupe-espoirs-du-stade-montois-en-garde-a-vue","status":"publish","type":"post","link":"https:\/\/www.europesays.com\/fr\/578377\/","title":{"rendered":"Bagarre apr\u00e8s une soir\u00e9e alcoolis\u00e9e \u00e0 Mont-de-Marsan\u00a0: un 3\u00e8me ligne du groupe Espoirs du Stade Montois en garde \u00e0 vue"},"content":{"rendered":"<p>Un jeune Montois de 25 ans affirme avoir \u00e9t\u00e9 frapp\u00e9, sans raison, par un 3\u00e8me ligne de l&rsquo;\u00e9quipe Espoirs du Stade Montois Rugby, dans la nuit de samedi 29 \u00e0 dimanche 30 novembre, apr\u00e8s une soir\u00e9e alcoolis\u00e9e dans un bar du centre-ville. Le rugbyman a pass\u00e9 une nuit en garde \u00e0 vue. <\/p>\n<p>Un 3\u00e8me ligne n\u00e9o-cal\u00e9donien de l&rsquo;\u00e9quipe Espoirs du Stade Montois Rugby a pass\u00e9 la nuit en garde \u00e0 vue, entre ce mercredi 3 et ce jeudi 2 d\u00e9cembre, soup\u00e7onn\u00e9 d&rsquo;avoir rou\u00e9 de coups un jeune Montois de 25 ans qu&rsquo;il ne connaissait pas dans la nuit de samedi 29 \u00e0 dimanche 30 novembre devant l&rsquo;\u00e9tablissement Le Tono, sur les all\u00e9es Brouchet \u00e0 Mont-de-Marsan. \u00ab\u00a0Il y a pas mal de choses \u00e0 \u00e9claircir, confie l&rsquo;avocat de la victime, ma\u00eetre Roman Atalaya, mais la version de mon client c&rsquo;est qu&rsquo;il \u00e9tait, aux alentours de 5 heures du matin, <strong>en train de dormir sur un trottoir [\u00e0 proximit\u00e9], de d\u00e9cuver, et qu&rsquo;il a \u00e9t\u00e9 r\u00e9veill\u00e9 par des coups de poing au niveau de la t\u00eate<\/strong>\u00ab\u00a0.<\/p>\n<p>Plusieurs fractures au visage<\/p>\n<p>Le jeune homme, issu \u00ab\u00a0d&rsquo;une famille qui ne pose aucun probl\u00e8me, qui n&rsquo;a jamais \u00e9t\u00e9 impliqu\u00e9e dans aucune affaire de violences\u00a0\u00bb, souffre de nombreuses blessures au visage. \u00ab\u00a0Il a une fracture de la paroi m\u00e9diale et du plancher orbital gauche, ainsi que du nez\u00a0\u00bb, indique son avocat. Ma\u00eetre Roman Atalaya affirme que la famille de la victime a re\u00e7u un message de joueurs de l&rsquo;\u00e9quipe Espoirs du Stade Montois Rugby se \u00ab\u00a0d\u00e9solidarisant totalement de cet acte regrettable\u00a0\u00bb. <strong>L&rsquo;association Stade Montois Rugby a \u00e9galement indiqu\u00e9 aux proches du jeune Montois avoir convoqu\u00e9 le joueur et diligent\u00e9 une enqu\u00eate interne.<\/strong><\/p>\n<p>Convocation devant la justice<\/p>\n<p>Selon nos informations, le 3eme ligne en question a bien pass\u00e9 la nuit en garde \u00e0 vue pour des coups lors d&rsquo;une soir\u00e9e alcoolis\u00e9e, et en est <strong>sorti ce jeudi soir avec une convocation devant la justice<\/strong>. \u00ab\u00a0Les images de vid\u00e9osurveillance nous aideront \u00e0 y voir plus clair, et \u00e0 savoir si [l&rsquo;agresseur pr\u00e9sum\u00e9] a agi seul, notamment\u00a0\u00bb, conclut ma\u00eetre Roman Atalaya.<\/p>\n","protected":false},"excerpt":{"rendered":"Un jeune Montois de 25 ans affirme avoir \u00e9t\u00e9 frapp\u00e9, sans raison, par un 3\u00e8me ligne de l&rsquo;\u00e9quipe&hellip;\n","protected":false},"author":2,"featured_media":578378,"comment_status":"","ping_status":"","sticky":false,"template":"","format":"standard","meta":{"footnotes":""},"categories":[1416],"tags":[1011,27,479,1468,60],"class_list":{"0":"post-578377","1":"post","2":"type-post","3":"status-publish","4":"format-standard","5":"has-post-thumbnail","7":"category-rugby","8":"tag-fr","9":"tag-france","10":"tag-rugby","11":"tag-rugby-football","12":"tag-sports"},"share_on_mastodon":{"url":"https:\/\/pubeurope.com\/@fr\/115663370086112488","error":""},"_links":{"self":[{"href":"https:\/\/www.europesays.com\/fr\/wp-json\/wp\/v2\/posts\/578377","targetHints":{"allow":["GET"]}}],"collection":[{"href":"https:\/\/www.europesays.com\/fr\/wp-json\/wp\/v2\/posts"}],"about":[{"href":"https:\/\/www.europesays.com\/fr\/wp-json\/wp\/v2\/types\/post"}],"author":[{"embeddable":true,"href":"https:\/\/www.europesays.com\/fr\/wp-json\/wp\/v2\/users\/2"}],"replies":[{"embeddable":true,"href":"https:\/\/www.europesays.com\/fr\/wp-json\/wp\/v2\/comments?post=578377"}],"version-history":[{"count":0,"href":"https:\/\/www.europesays.com\/fr\/wp-json\/wp\/v2\/posts\/578377\/revisions"}],"wp:featuredmedia":[{"embeddable":true,"href":"https:\/\/www.europesays.com\/fr\/wp-json\/wp\/v2\/media\/578378"}],"wp:attachment":[{"href":"https:\/\/www.europesays.com\/fr\/wp-json\/wp\/v2\/media?parent=578377"}],"wp:term":[{"taxonomy":"category","embeddable":true,"href":"https:\/\/www.europesays.com\/fr\/wp-json\/wp\/v2\/categories?post=578377"},{"taxonomy":"post_tag","embeddable":true,"href":"https:\/\/www.europesays.com\/fr\/wp-json\/wp\/v2\/tags?post=578377"}],"curies":[{"name":"wp","href":"https:\/\/api.w.org\/{rel}","templated":true}]}}