{"id":578383,"date":"2025-12-04T21:20:19","date_gmt":"2025-12-04T21:20:19","guid":{"rendered":"https:\/\/www.europesays.com\/fr\/578383\/"},"modified":"2025-12-04T21:20:19","modified_gmt":"2025-12-04T21:20:19","slug":"psg-mercato-luis-enrique-pousse-fort-pour-un-enorme-coup-a-80-me-au-fc-barcelone","status":"publish","type":"post","link":"https:\/\/www.europesays.com\/fr\/578383\/","title":{"rendered":"PSG Mercato : Luis Enrique pousse fort pour un \u00e9norme coup \u00e0 80 M\u20ac au FC Barcelone !"},"content":{"rendered":"<p><strong>Le PSG et Luis Enrique en pincent pour Gavi, et une tr\u00e8s grosse offre serait en pr\u00e9paration pour tenter de faire plier le FC Barcelone l\u2019\u00e9t\u00e9 prochain.<\/strong><\/p>\n<p>Le Paris Saint-Germain intensifie ses efforts <a href=\"https:\/\/www.butfootballclub.fr\/1629674-psg-mercato-ruiz-reve-dailleurs-luis-enrique-fonce-sur-son-remplacant-au-fc-barcelone\/\" rel=\"noreferrer noopener\" target=\"_blank\">pour s\u2019attacher les services de Gavi<\/a>, le jeune milieu de terrain du FC Barcelone. Consid\u00e9r\u00e9 comme l\u2019un des talents les plus prometteurs du football europ\u00e9en, le joueur espagnol attire l\u2019attention de plusieurs clubs, mais c\u2019est bien le PSG qui semble pr\u00eat \u00e0 passer \u00e0 l\u2019action.<\/p>\n<p><a href=\"https:\/\/www.butfootballclub.fr\/ligue-1\/psg\/psg-luis-enrique-a-ruine-la-carriere-dun-titulaire-du-fc-barcelone\/\" rel=\"noreferrer noopener\" target=\"_blank\">Luis Enrique, qui a lanc\u00e9 Gavi en \u00e9quipe nationale<\/a> espagnole \u00e0 seulement 17 ans, soutient pleinement le projet parisien et voit dans le milieu barcelonais un joueur capable de s\u2019imposer sur le long terme. Selon les informations du m\u00e9dia catalan <a href=\"https:\/\/e-noticies.cat\/futbol\/ni-atletic-ni-barca-millor-amic-pedri-sacosta-al-psg\" rel=\"noreferrer noopener\" target=\"_blank\">E-Not\u00edcies<\/a>, le PSG envisagerait m\u00eame une offre autour de 80 millions d\u2019euros cet \u00e9t\u00e9, profitant d\u2019un moment o\u00f9 la valeur du joueur pourrait \u00eatre plus accessible.<\/p>\n<p>Quel choix pour le Bar\u00e7a avec Gavi ?<\/p>\n<p>Le club parisien mise sur le potentiel de Gavi pour renforcer un milieu de terrain d\u00e9j\u00e0 \u00e9toff\u00e9 et pour construire un projet ambitieux capable de rivaliser sur la sc\u00e8ne europ\u00e9enne. Le Bar\u00e7a, de son c\u00f4t\u00e9, est confront\u00e9 \u00e0 un choix d\u00e9licat : conserver un talent prometteur mais fragile physiquement ou vendre pour financer de nouveaux renforts strat\u00e9giques.<\/p>\n<p>Dans ce contexte, le mercato s\u2019annonce anim\u00e9, et l\u2019avenir de Gavi, qui n\u2019a jou\u00e9 que 2 matchs cette saison avant une arthroscopie avec suture du m\u00e9nisque, pourrait bien devenir l\u2019un des feuilletons majeurs de l\u2019\u00e9t\u00e9.<\/p>\n","protected":false},"excerpt":{"rendered":"Le PSG et Luis Enrique en pincent pour Gavi, et une tr\u00e8s grosse offre serait en pr\u00e9paration pour&hellip;\n","protected":false},"author":2,"featured_media":578384,"comment_status":"","ping_status":"","sticky":false,"template":"","format":"standard","meta":{"footnotes":""},"categories":[1410],"tags":[11,448,63,1011,27,66,3388,12,60,10662],"class_list":{"0":"post-578383","1":"post","2":"type-post","3":"status-publish","4":"format-standard","5":"has-post-thumbnail","7":"category-football","8":"tag-actualites","9":"tag-champions-league","10":"tag-football","11":"tag-fr","12":"tag-france","13":"tag-ligue-1","14":"tag-matchs","15":"tag-news","16":"tag-sports","17":"tag-transferts"},"share_on_mastodon":{"url":"https:\/\/pubeurope.com\/@fr\/115663393636487391","error":""},"_links":{"self":[{"href":"https:\/\/www.europesays.com\/fr\/wp-json\/wp\/v2\/posts\/578383","targetHints":{"allow":["GET"]}}],"collection":[{"href":"https:\/\/www.europesays.com\/fr\/wp-json\/wp\/v2\/posts"}],"about":[{"href":"https:\/\/www.europesays.com\/fr\/wp-json\/wp\/v2\/types\/post"}],"author":[{"embeddable":true,"href":"https:\/\/www.europesays.com\/fr\/wp-json\/wp\/v2\/users\/2"}],"replies":[{"embeddable":true,"href":"https:\/\/www.europesays.com\/fr\/wp-json\/wp\/v2\/comments?post=578383"}],"version-history":[{"count":0,"href":"https:\/\/www.europesays.com\/fr\/wp-json\/wp\/v2\/posts\/578383\/revisions"}],"wp:featuredmedia":[{"embeddable":true,"href":"https:\/\/www.europesays.com\/fr\/wp-json\/wp\/v2\/media\/578384"}],"wp:attachment":[{"href":"https:\/\/www.europesays.com\/fr\/wp-json\/wp\/v2\/media?parent=578383"}],"wp:term":[{"taxonomy":"category","embeddable":true,"href":"https:\/\/www.europesays.com\/fr\/wp-json\/wp\/v2\/categories?post=578383"},{"taxonomy":"post_tag","embeddable":true,"href":"https:\/\/www.europesays.com\/fr\/wp-json\/wp\/v2\/tags?post=578383"}],"curies":[{"name":"wp","href":"https:\/\/api.w.org\/{rel}","templated":true}]}}