{"id":578387,"date":"2025-12-04T21:22:16","date_gmt":"2025-12-04T21:22:16","guid":{"rendered":"https:\/\/www.europesays.com\/fr\/578387\/"},"modified":"2025-12-04T21:22:16","modified_gmt":"2025-12-04T21:22:16","slug":"deux-pastels-pour-le-van-gogh-museum","status":"publish","type":"post","link":"https:\/\/www.europesays.com\/fr\/578387\/","title":{"rendered":"Deux pastels pour le Van Gogh Museum"},"content":{"rendered":"<p>4\/12\/25 &#8211; <strong> Acquisitions &#8211; Amsterdam, Van Gogh Museum <\/strong> &#8211; Voil\u00e0 une image qui para\u00eet aussit\u00f4t famili\u00e8re et qui deviendra ais\u00e9ment l\u2019un des chefs-d\u2019\u0153uvre du mus\u00e9e, dont les visiteurs savent bien qu\u2019il expose aussi les contemporains du ma\u00eetre des lieux\u00a0[<a href=\"#nb1\" class=\"spip_note\" rel=\"appendix\" title=\"Les mauvais esprits noteront m\u00eame que les salles non exclusivement d\u00e9di\u00e9es \u00e0\u00a0(\u2026)\" id=\"nh1\">1<\/a>]. Une magnifique vue parisienne de Louis Anquetin (ill. 1) vient d\u2019\u00e9toffer la petite collection constitu\u00e9e depuis 1987 avec <a href=\"https:\/\/www.vangoghmuseum.nl\/en\/collection\/s0384M1988\" class=\"spip_out\" rel=\"external noopener\" target=\"_blank\">un premier portrait<\/a> suivi d\u2019<a href=\"https:\/\/www.vangoghmuseum.nl\/en\/collection\/d1035V1992\" class=\"spip_out\" rel=\"external noopener\" target=\"_blank\">une marine<\/a> entr\u00e9e en 1992 et d\u00e9j\u00e0 confort\u00e9e dans les ann\u00e9es 2000, avec deux autres sc\u00e8nes parisiennes (voir la <a href=\"https:\/\/www.latribunedelart.com\/un-tableau-de-louis-anquetin-entre-au-van-gogh-museum\" class=\"spip_in\" target=\"_blank\" rel=\"noopener\">br\u00e8ve du 31\/5\/10<\/a>). L\u2019institution amstellodamoise poursuit donc vaillamment sa lanc\u00e9e, appuy\u00e9e certes par de confortables moyens financiers qui lui ont permis &#8211; avec l\u2019aide de la VriendenLoterij &#8211; d\u2019acqu\u00e9rir ce pastel aupr\u00e8s d\u2019une collection priv\u00e9e.<\/p>\n<dl class=\"spip_document_77083 spip_documents spip_documents_center\" itemprop=\"image\" itemscope=\"\" itemtype=\"http:\/\/schema.org\/ImageObject\">\n<dt>\n\t\t<a href=\"https:\/\/www.latribunedelart.com\/IMG\/jpg\/pastel_anquetin_van_gogh_museum.jpg?77083\/d9434787900fbf7344e51c4a65aa9a78d01eddc66887cb3e963faeee545682ff\" title=\"\" type=\"image\/jpeg\" target=\"_blank\" rel=\"noopener\"><br \/>\n\t\t\t<img loading=\"lazy\" decoding=\"async\" src=\"https:\/\/www.europesays.com\/fr\/wp-content\/uploads\/2025\/12\/pastel_anquetin_van_gogh_museum-1f4e8.jpg\" width=\"420\" height=\"500\" alt=\"\" itemprop=\"contentUrl\"\/><br \/>\n\t\t<\/a>\n\t<\/dt>\n<dd class=\"crayon document-descriptif-77083 spip_doc_descriptif\" style=\"width:350px;\" itemprop=\"description\">1. Louis Anquetin\u2026<\/dd>\n<\/dl>\n<p>Pour avoir acc\u00e8s \u00e0 ce contenu, vous devez vous abonner \u00e0 La Tribune de l\u2019Art. Les avantages et les conditions de cet abonnement, qui vous permettra par ailleurs de soutenir La Tribune de l\u2019Art, sont d\u00e9crits sur <a href=\"https:\/\/www.latribunedelart.com\/s-abonner\" target=\"_blank\" rel=\"noopener\">la page d\u2019abonnement<\/a>.<\/p>\n","protected":false},"excerpt":{"rendered":"4\/12\/25 &#8211; Acquisitions &#8211; Amsterdam, Van Gogh Museum &#8211; Voil\u00e0 une image qui para\u00eet aussit\u00f4t famili\u00e8re et qui&hellip;\n","protected":false},"author":2,"featured_media":578388,"comment_status":"","ping_status":"","sticky":false,"template":"","format":"standard","meta":{"footnotes":""},"categories":[1358],"tags":[1348,1384,1385,1386,58,59,1011,27],"class_list":{"0":"post-578387","1":"post","2":"type-post","3":"status-publish","4":"format-standard","5":"has-post-thumbnail","7":"category-arts-et-design","8":"tag-arts","9":"tag-arts-and-design","10":"tag-arts-et-design","11":"tag-design","12":"tag-divertissement","13":"tag-entertainment","14":"tag-fr","15":"tag-france"},"share_on_mastodon":{"url":"https:\/\/pubeurope.com\/@fr\/115663402250607109","error":""},"_links":{"self":[{"href":"https:\/\/www.europesays.com\/fr\/wp-json\/wp\/v2\/posts\/578387","targetHints":{"allow":["GET"]}}],"collection":[{"href":"https:\/\/www.europesays.com\/fr\/wp-json\/wp\/v2\/posts"}],"about":[{"href":"https:\/\/www.europesays.com\/fr\/wp-json\/wp\/v2\/types\/post"}],"author":[{"embeddable":true,"href":"https:\/\/www.europesays.com\/fr\/wp-json\/wp\/v2\/users\/2"}],"replies":[{"embeddable":true,"href":"https:\/\/www.europesays.com\/fr\/wp-json\/wp\/v2\/comments?post=578387"}],"version-history":[{"count":0,"href":"https:\/\/www.europesays.com\/fr\/wp-json\/wp\/v2\/posts\/578387\/revisions"}],"wp:featuredmedia":[{"embeddable":true,"href":"https:\/\/www.europesays.com\/fr\/wp-json\/wp\/v2\/media\/578388"}],"wp:attachment":[{"href":"https:\/\/www.europesays.com\/fr\/wp-json\/wp\/v2\/media?parent=578387"}],"wp:term":[{"taxonomy":"category","embeddable":true,"href":"https:\/\/www.europesays.com\/fr\/wp-json\/wp\/v2\/categories?post=578387"},{"taxonomy":"post_tag","embeddable":true,"href":"https:\/\/www.europesays.com\/fr\/wp-json\/wp\/v2\/tags?post=578387"}],"curies":[{"name":"wp","href":"https:\/\/api.w.org\/{rel}","templated":true}]}}