{"id":578389,"date":"2025-12-04T21:24:14","date_gmt":"2025-12-04T21:24:14","guid":{"rendered":"https:\/\/www.europesays.com\/fr\/578389\/"},"modified":"2025-12-04T21:24:14","modified_gmt":"2025-12-04T21:24:14","slug":"apres-le-maintien-disrael-lespagne-lirlande-et-les-pays-bas-se-retirent-du-concours","status":"publish","type":"post","link":"https:\/\/www.europesays.com\/fr\/578389\/","title":{"rendered":"apr\u00e8s le maintien d&rsquo;Isra\u00ebl, l&rsquo;Espagne, l&rsquo;Irlande et les Pays-Bas se retirent du concours"},"content":{"rendered":"<p>      Pour l&rsquo;Allemagne, \u00ab\u00a0Il ne peut pas y avoir d&rsquo;Eurovision sans Isra\u00ebl\u00a0\u00bb<\/p>\n<p>La cha\u00eene r\u00e9gionale allemande SWR, charg\u00e9e \u00e0 compter de 2026 de la retransmission de l&rsquo;\u00e9v\u00e9nement en Allemagne, a estim\u00e9 dans un communiqu\u00e9 publi\u00e9 plus t\u00f4t dans la journ\u00e9e que \u00ab\u00a0la cha\u00eene isra\u00e9lienne KAN r\u00e9pond \u00e0 toutes les exigences pour participer\u00a0\u00bb au concours<\/p>\n<p>Le chancelier allemand Friedrich Merz a d\u00e9clar\u00e9 d\u00e9but octobre que l&rsquo;Allemagne devrait se retirer de l&rsquo;Eurovision 2026 si Isra\u00ebl \u00e9tait exclu de la comp\u00e9tition.\u00a0\u00ab\u00a0Il ne peut pas y avoir d&rsquo;Eurovision sans Isra\u00ebl\u00a0\u00bb, a estim\u00e9 mercredi le ministre allemand de la Culture Wolfram Weimer dans une r\u00e9action transmise jeudi par le gouvernement.<\/p>\n<p>Il juge \u00ab\u00a0consternant de voir que des artistes en Europe sont exclus simplement parce qu&rsquo;ils sont Isra\u00e9liens\u00a0\u00bb ou \u00ab\u00a0juifs\u00a0\u00bb et estime que \u00ab\u00a0cela va profond\u00e9ment \u00e0 l&rsquo;encontre des valeurs fondamentales europ\u00e9ennes\u00a0\u00bb.&#13;&#13;&#13;&#13;<\/p>\n<p>Partager<\/p>\n","protected":false},"excerpt":{"rendered":"Pour l&rsquo;Allemagne, \u00ab\u00a0Il ne peut pas y avoir d&rsquo;Eurovision sans Isra\u00ebl\u00a0\u00bb La cha\u00eene r\u00e9gionale allemande SWR, charg\u00e9e \u00e0&hellip;\n","protected":false},"author":2,"featured_media":578390,"comment_status":"","ping_status":"","sticky":false,"template":"","format":"standard","meta":{"footnotes":""},"categories":[1356],"tags":[3259,58,59,2399,107,1011,27,665,664,252,1364],"class_list":{"0":"post-578389","1":"post","2":"type-post","3":"status-publish","4":"format-standard","5":"has-post-thumbnail","7":"category-television","8":"tag-conflit-israelo-palestinien","9":"tag-divertissement","10":"tag-entertainment","11":"tag-eurovision","12":"tag-fil-info","13":"tag-fr","14":"tag-france","15":"tag-gaza","16":"tag-israel","17":"tag-television","18":"tag-tv"},"share_on_mastodon":{"url":"","error":""},"_links":{"self":[{"href":"https:\/\/www.europesays.com\/fr\/wp-json\/wp\/v2\/posts\/578389","targetHints":{"allow":["GET"]}}],"collection":[{"href":"https:\/\/www.europesays.com\/fr\/wp-json\/wp\/v2\/posts"}],"about":[{"href":"https:\/\/www.europesays.com\/fr\/wp-json\/wp\/v2\/types\/post"}],"author":[{"embeddable":true,"href":"https:\/\/www.europesays.com\/fr\/wp-json\/wp\/v2\/users\/2"}],"replies":[{"embeddable":true,"href":"https:\/\/www.europesays.com\/fr\/wp-json\/wp\/v2\/comments?post=578389"}],"version-history":[{"count":0,"href":"https:\/\/www.europesays.com\/fr\/wp-json\/wp\/v2\/posts\/578389\/revisions"}],"wp:featuredmedia":[{"embeddable":true,"href":"https:\/\/www.europesays.com\/fr\/wp-json\/wp\/v2\/media\/578390"}],"wp:attachment":[{"href":"https:\/\/www.europesays.com\/fr\/wp-json\/wp\/v2\/media?parent=578389"}],"wp:term":[{"taxonomy":"category","embeddable":true,"href":"https:\/\/www.europesays.com\/fr\/wp-json\/wp\/v2\/categories?post=578389"},{"taxonomy":"post_tag","embeddable":true,"href":"https:\/\/www.europesays.com\/fr\/wp-json\/wp\/v2\/tags?post=578389"}],"curies":[{"name":"wp","href":"https:\/\/api.w.org\/{rel}","templated":true}]}}