{"id":578391,"date":"2025-12-04T21:25:18","date_gmt":"2025-12-04T21:25:18","guid":{"rendered":"https:\/\/www.europesays.com\/fr\/578391\/"},"modified":"2025-12-04T21:25:18","modified_gmt":"2025-12-04T21:25:18","slug":"k-pop-demon-hunters-les-fans-ont-enfin-la-reponse-a-lune-de-leurs-plus-grandes-questions","status":"publish","type":"post","link":"https:\/\/www.europesays.com\/fr\/578391\/","title":{"rendered":"K-Pop Demon Hunters : Les fans ont enfin la r\u00e9ponse \u00e0 l&rsquo;une de leurs plus grandes questions"},"content":{"rendered":"<p>Il a beau avoir quitt\u00e9 le podium du top Netflix, le film d\u2019animation le plus aim\u00e9 cette ann\u00e9e par les abonn\u00e9s n\u2019est jamais bien loin puisqu&rsquo;il est toujours class\u00e9 num\u00e9ro 5 en France, 24 semaines apr\u00e8s sa sortie. Avec <a href=\"https:\/\/www.programme-tv.net\/news\/cinema\/391202-k-pop-demon-hunters-j-attends-leur-appel-l-une-des-stars-du-film-se-confie-sur-la-suite\/\" data-api-deeplink=\"teleloisirs:\/\/news\/391202\" target=\"_blank\" rel=\"noopener\">K-Pop Demon Hunters<\/a>, petits et grands ont pass\u00e9 des moments fabuleux. Ils ont pu d\u00e9couvrir des chansons qui restent en t\u00eate, dont <a href=\"https:\/\/www.programme-tv.net\/news\/cinema\/392507-k-pop-demon-hunters-comment-est-nee-briller-la-chanson-aux-104-milliards-de-streams\/\" data-api-deeplink=\"teleloisirs:\/\/news\/392507\" target=\"_blank\" rel=\"noopener\">Briller, la chanson culte du film<\/a>, mais surtout se laisser entra\u00eener dans un univers in\u00e9dit. Dans le film d\u2019animation am\u00e9ricain, on suit un groupe de K-Pop f\u00e9minin, Huntr\/x. Ses membres, Rumi, Mira et Zoey, m\u00e8nent une double vie. Elles sont aussi chasseuses de d\u00e9mons. C\u2019est leur voix qui leur permet d&#8217;emp\u00eacher les cr\u00e9atures de prendre possession de la Terre. Mais voil\u00e0 qu\u2019une r\u00e9v\u00e9lation de taille arrive : Rumi est elle-m\u00eame \u00e0 moiti\u00e9 d\u00e9mon. Elle doit \u00e0 tout prix le cacher.<\/p>\n<p>K-Pop Demon Hunters a tellement bien fonctionn\u00e9 que <a href=\"https:\/\/www.programme-tv.net\/news\/cinema\/391813-k-pop-demon-hunters-apres-20-semaines-dans-le-top-netflix-le-studio-touche-le-jackpot\/\" data-api-deeplink=\"teleloisirs:\/\/news\/391813\" target=\"_blank\" rel=\"noopener\">Netflix a d\u00e9cid\u00e9 de verser une prime de 15 millions de dollars \u00e0 ses r\u00e9alisateurs<\/a>. Une mani\u00e8re, aussi, de les pousser \u00e0 faire une suite, qui ferait, c\u2019est s\u00fbr, le bonheur des abonn\u00e9s. Face au succ\u00e8s du film, la plateforme a d\u00e9j\u00e0 sorti des programmes d\u00e9riv\u00e9s. On a eu droit \u00e0 <a href=\"https:\/\/www.programme-tv.net\/news\/cinema\/390042-k-pop-demon-hunters-le-film-version-karaoke-va-t-il-sortir-au-cinema-en-france\/\" data-api-deeplink=\"teleloisirs:\/\/news\/390042\" target=\"_blank\" rel=\"noopener\">une version karaok\u00e9<\/a>, et <a href=\"https:\/\/www.programme-tv.net\/news\/cinema\/389359-k-pop-demon-hunters-une-serie-est-arrivee-sur-netflix-mais\/\" data-api-deeplink=\"teleloisirs:\/\/news\/389359\" target=\"_blank\" rel=\"noopener\">une s\u00e9rie K-Pop Demon Hunters, qui est en fait une compilation des meilleures chansons du film<\/a>. Mais avec tous ces programmes, une question majeure reste en suspens.<\/p>\n<p>            Cette th\u00e9orie des fans de K-Pop Demon Hunters  est valid\u00e9e<\/p>\n<p>Dans K-Pop Demon Hunters, les spectateurs apprennent vite que Rumi, la membre de Huntr\/x qui s\u2019av\u00e8re \u00eatre \u00e0 moiti\u00e9 d\u00e9mon, a perdu sa m\u00e8re tr\u00e8s jeune. C\u2019est C\u00e9line, ancienne chasseuse de d\u00e9mons, qui prend Rumi sous son bras et l\u2019\u00e9l\u00e8ve. Plus tard, c\u2019est elle aussi qui devient la manager de Huntr\/x. Mais, dans le film, aucun \u00e9l\u00e9ment ne permet de comprendre comment la m\u00e8re de Rumi est morte, alors que cela a, sans aucun doute, des effets sur sa personnalit\u00e9 et son manque de connaissance sur ses origines hybrides. Dans un artbook sorti d\u00e9but d\u00e9cembre 2025, The Artbook of K-Pop Demon Hunters, la r\u00e9ponse est enfin donn\u00e9e. Si elle valide les th\u00e9ories de certains fans, elle est particuli\u00e8rement choquante.<\/p>\n<p>Dans une illustration explicite du livre, on comprend que la m\u00e8re de Rumi a \u00e9t\u00e9 tu\u00e9e et que c\u2019est C\u00e9line elle-m\u00eame qui est l\u2019auteure du meurtre. \u00ab\u00a0Pourquoi as-tu tu\u00e9 ma m\u00e8re\u00a0\u00bb, lui demande frontalement Rumi dans cette illustration. C\u00e9line lui oppose le silence\u2026 pour l\u2019instant. Mais si un deuxi\u00e8me film se fait \u2013 il ne sortira de toute fa\u00e7on <a href=\"https:\/\/www.programme-tv.net\/news\/cinema\/391513-k-pop-demon-hunters-2-pas-avant-2029-les-fans-face-a-une-sombre-nouvelle-pour-la-suite-du-film-netflix\/\" data-api-deeplink=\"teleloisirs:\/\/news\/391513\" target=\"_blank\" rel=\"noopener\">pas avant 2029<\/a> \u2013 ce serait un excellent fil \u00e0 tirer.<\/p>\n<p>Article \u00e9crit en collaboration avec 6Medias<\/p>\n","protected":false},"excerpt":{"rendered":"Il a beau avoir quitt\u00e9 le podium du top Netflix, le film d\u2019animation le plus aim\u00e9 cette ann\u00e9e&hellip;\n","protected":false},"author":2,"featured_media":578392,"comment_status":"","ping_status":"","sticky":false,"template":"","format":"standard","meta":{"footnotes":""},"categories":[1355],"tags":[244,58,59,6214,1011,27,37213,1361,873,127,1722,129],"class_list":{"0":"post-578391","1":"post","2":"type-post","3":"status-publish","4":"format-standard","5":"has-post-thumbnail","7":"category-musique","8":"tag-commentaire","9":"tag-divertissement","10":"tag-entertainment","11":"tag-film-netflix","12":"tag-fr","13":"tag-france","14":"tag-kpop-demon-hunters","15":"tag-music","16":"tag-musique","17":"tag-netflix","18":"tag-pub-streaming-netflix","19":"tag-svod"},"share_on_mastodon":{"url":"https:\/\/pubeurope.com\/@fr\/115663413336682404","error":""},"_links":{"self":[{"href":"https:\/\/www.europesays.com\/fr\/wp-json\/wp\/v2\/posts\/578391","targetHints":{"allow":["GET"]}}],"collection":[{"href":"https:\/\/www.europesays.com\/fr\/wp-json\/wp\/v2\/posts"}],"about":[{"href":"https:\/\/www.europesays.com\/fr\/wp-json\/wp\/v2\/types\/post"}],"author":[{"embeddable":true,"href":"https:\/\/www.europesays.com\/fr\/wp-json\/wp\/v2\/users\/2"}],"replies":[{"embeddable":true,"href":"https:\/\/www.europesays.com\/fr\/wp-json\/wp\/v2\/comments?post=578391"}],"version-history":[{"count":0,"href":"https:\/\/www.europesays.com\/fr\/wp-json\/wp\/v2\/posts\/578391\/revisions"}],"wp:featuredmedia":[{"embeddable":true,"href":"https:\/\/www.europesays.com\/fr\/wp-json\/wp\/v2\/media\/578392"}],"wp:attachment":[{"href":"https:\/\/www.europesays.com\/fr\/wp-json\/wp\/v2\/media?parent=578391"}],"wp:term":[{"taxonomy":"category","embeddable":true,"href":"https:\/\/www.europesays.com\/fr\/wp-json\/wp\/v2\/categories?post=578391"},{"taxonomy":"post_tag","embeddable":true,"href":"https:\/\/www.europesays.com\/fr\/wp-json\/wp\/v2\/tags?post=578391"}],"curies":[{"name":"wp","href":"https:\/\/api.w.org\/{rel}","templated":true}]}}