{"id":578399,"date":"2025-12-04T21:29:12","date_gmt":"2025-12-04T21:29:12","guid":{"rendered":"https:\/\/www.europesays.com\/fr\/578399\/"},"modified":"2025-12-04T21:29:12","modified_gmt":"2025-12-04T21:29:12","slug":"johnny-hallyday-huit-ans-apres-sa-mort-une-chanson-inedite-devoilee","status":"publish","type":"post","link":"https:\/\/www.europesays.com\/fr\/578399\/","title":{"rendered":"Johnny Hallyday : huit ans apr\u00e8s sa mort, une chanson in\u00e9dite d\u00e9voil\u00e9e !"},"content":{"rendered":"<p>Universal Music a cr\u00e9\u00e9 l\u2019\u00e9v\u00e9nement <a href=\"https:\/\/www.youtube.com\/watch?v=ColJZhIv65U\" target=\"_blank\" rel=\"noopener\">en r\u00e9v\u00e9lant une<br \/>\nchanson jamais sortie<\/a> de Johnny Hallyday. Le titre, retrouv\u00e9<br \/>\nparmi des milliers de bandes, a \u00e9t\u00e9 enregistr\u00e9 en 1985 au moment de<br \/>\nl\u2019album Rock\u2019n\u2019roll attitude. Cette d\u00e9couverte a offert un<br \/>\nretour inattendu \u00e0 une p\u00e9riode marqu\u00e9e par la collaboration forte<br \/>\nentre Johnny et Michel Berger.<\/p>\n<p>Dans cette ballade, Johnny ouvre avec \u201cOn a tous des r\u00eaves<br \/>\ncach\u00e9s\u201d, avant que Michel Berger ne le rejoigne. Le morceau<br \/>\ns\u2019appelle C\u2019est l\u2019amour que j\u2019attendais et dure un peu<br \/>\nplus de trois minutes. Pr\u00e9vu pour l\u2019album, il avait \u00e9t\u00e9 \u00e9cart\u00e9<br \/>\n\u201cpour ne pas d\u00e9roger \u00e0 l\u2019ADN de l\u2019album\u201d, centr\u00e9 sur<br \/>\nJohnny seul. La chanson figure maintenant dans la r\u00e9\u00e9dition du<br \/>\ndisque pour ses quarante ans, qui sera disponible ce vendredi 5<br \/>\nd\u00e9cembre.<\/p>\n<p>Un tr\u00e9sor retrouv\u00e9 par hasard<\/p>\n<p>Cette p\u00e9pite a \u00e9t\u00e9 retrouv\u00e9e par surprise. \u201cOn l\u2019a retrouv\u00e9e<br \/>\ntotalement par hasard\u201d, a expliqu\u00e9 \u00e0 TF1 Xavier Perrot,<br \/>\nresponsable du catalogue Johnny chez Universal. Il a pr\u00e9cis\u00e9 que la<br \/>\nbande \u00e9tait apparue alors qu\u2019il travaillait sur un autre artiste.<br \/>\nM\u00eame Rapha\u00ebl Hamburger, le fils de Michel Berger, n\u2019avait jamais<br \/>\nentendu parler de ce duo cach\u00e9.<\/p>\n<p>Enregistr\u00e9 en juin 1985 au studio Tempo de Montr\u00e9al, le titre<br \/>\navait disparu dans un ensemble de 150 000 bandes. Le duo a<br \/>\nlongtemps dormi dans les archives, alors que Michel Berger avait<br \/>\n\u00e9crit et r\u00e9alis\u00e9 tout l\u2019album. Sa red\u00e9couverte a offert une<br \/>\nnouvelle pi\u00e8ce rare aux fans du chanteur, rest\u00e9s fid\u00e8les depuis sa<br \/>\ndisparition.<\/p>\n<p>Johnny dans les m\u00e9moires\u00a0<\/p>\n<p>Le vendredi 5 d\u00e9cembre sera l\u2019anniversaire de la mort de Johnny<br \/>\nHallyday. L\u2019occasion pour certains de confier leurs souvenirs sur<br \/>\nle chanteur. <a href=\"https:\/\/www.closermag.fr\/people\/johnny-hallyday-haissait-ces-deux-stars-pourtant-adorees-il-voulait-leur-casser-la-figure-3602483\" target=\"_blank\" rel=\"noopener\"><br \/>\nSacha Rhoul, son ancien secr\u00e9taire,<\/a> a racont\u00e9 au<br \/>\nParisien qu\u2019il donnait souvent de l\u2019argent \u00e0 des familles<br \/>\ndans le besoin et qu\u2019il n\u2019aimait pas que cela se sache.\u00a0<\/p>\n<p>Selon Sacha Rhoul, Johnny avait cependant ses ennemis. Il a<br \/>\nconfi\u00e9 : \u201cLes deux mecs que Johnny n\u2019aimait pas, c\u2019est Claude<br \/>\nFran\u00e7ois et Dick Rivers, car il les trouvait inhumains avec leur<br \/>\nentourage\u201d. <a href=\"https:\/\/www.closermag.fr\/people\/johnny-hallyday-haissait-ces-deux-stars-pourtant-adorees-il-voulait-leur-casser-la-figure-3602483\" target=\"_blank\" rel=\"noopener\"><br \/>\nIl a ajout\u00e9 que Johnny avait eu un conflit plus vif avec Claude<br \/>\nFran\u00e7ois<\/a> : \u201cQuand Johnny Hallyday \u00e9tait fatigu\u00e9, il voulait<br \/>\nlui casser la figure\u201d. L\u2019ancien secr\u00e9taire a m\u00eame racont\u00e9 que<br \/>\nle climat \u00e9tait tr\u00e8s tendu : \u00ab\u00a0Lui (Johnny) \u00e9tait aux antipodes<br \/>\nde \u00e7a. Pendant deux ans, Claude Fran\u00e7ois envoyait son assistant,<br \/>\nque l\u2019on surnommait &lsquo;le Poisson pilote&rsquo; dans les restaurants<br \/>\nparisiens pour \u00eatre s\u00fbr que Johnny Hallyday n\u2019y soit pas<br \/>\n!\u00a0\u00bb\u00a0<\/p>\n","protected":false},"excerpt":{"rendered":"Universal Music a cr\u00e9\u00e9 l\u2019\u00e9v\u00e9nement en r\u00e9v\u00e9lant une chanson jamais sortie de Johnny Hallyday. Le titre, retrouv\u00e9 parmi&hellip;\n","protected":false},"author":2,"featured_media":578400,"comment_status":"","ping_status":"","sticky":false,"template":"","format":"standard","meta":{"footnotes":""},"categories":[8],"tags":[58,59,1011,27,1304,873],"class_list":{"0":"post-578399","1":"post","2":"type-post","3":"status-publish","4":"format-standard","5":"has-post-thumbnail","7":"category-divertissement","8":"tag-divertissement","9":"tag-entertainment","10":"tag-fr","11":"tag-france","12":"tag-johnny-hallyday","13":"tag-musique"},"share_on_mastodon":{"url":"https:\/\/pubeurope.com\/@fr\/115663429164898630","error":""},"_links":{"self":[{"href":"https:\/\/www.europesays.com\/fr\/wp-json\/wp\/v2\/posts\/578399","targetHints":{"allow":["GET"]}}],"collection":[{"href":"https:\/\/www.europesays.com\/fr\/wp-json\/wp\/v2\/posts"}],"about":[{"href":"https:\/\/www.europesays.com\/fr\/wp-json\/wp\/v2\/types\/post"}],"author":[{"embeddable":true,"href":"https:\/\/www.europesays.com\/fr\/wp-json\/wp\/v2\/users\/2"}],"replies":[{"embeddable":true,"href":"https:\/\/www.europesays.com\/fr\/wp-json\/wp\/v2\/comments?post=578399"}],"version-history":[{"count":0,"href":"https:\/\/www.europesays.com\/fr\/wp-json\/wp\/v2\/posts\/578399\/revisions"}],"wp:featuredmedia":[{"embeddable":true,"href":"https:\/\/www.europesays.com\/fr\/wp-json\/wp\/v2\/media\/578400"}],"wp:attachment":[{"href":"https:\/\/www.europesays.com\/fr\/wp-json\/wp\/v2\/media?parent=578399"}],"wp:term":[{"taxonomy":"category","embeddable":true,"href":"https:\/\/www.europesays.com\/fr\/wp-json\/wp\/v2\/categories?post=578399"},{"taxonomy":"post_tag","embeddable":true,"href":"https:\/\/www.europesays.com\/fr\/wp-json\/wp\/v2\/tags?post=578399"}],"curies":[{"name":"wp","href":"https:\/\/api.w.org\/{rel}","templated":true}]}}