{"id":578401,"date":"2025-12-04T21:30:22","date_gmt":"2025-12-04T21:30:22","guid":{"rendered":"https:\/\/www.europesays.com\/fr\/578401\/"},"modified":"2025-12-04T21:30:22","modified_gmt":"2025-12-04T21:30:22","slug":"ce-quon-vient-de-trouver-dans-un-caillou-vieux-de-45-milliards-dannees","status":"publish","type":"post","link":"https:\/\/www.europesays.com\/fr\/578401\/","title":{"rendered":"ce qu&rsquo;on vient de trouver dans un caillou vieux de 4,5 milliards d&rsquo;ann\u00e9es"},"content":{"rendered":"<p class=\"font-claude-response-body whitespace-normal break-words\"><strong>Dans les fragments poussi\u00e9reux d\u2019un ast\u00e9ro\u00efde aussi ancien que le <a href=\"https:\/\/sciencepost.fr\/longtemps-consideree-comme-un-simple-rocher-glace-letoile-de-la-mort-du-systeme-solaire-pourrait-cacher-une-belle-surprise\/\" target=\"_blank\" rel=\"noopener\">syst\u00e8me solaire<\/a> nomm\u00e9 Bennu, des chercheurs ont d\u00e9tect\u00e9 un signal inattendu : celui du tryptophane, l\u2019acide amin\u00e9 que votre cerveau utilise pour fabriquer la s\u00e9rotonine, ce neurotransmetteur qui r\u00e9gule votre humeur et votre sensation de bien-\u00eatre. Cette d\u00e9couverte, si elle se confirme, serait une premi\u00e8re absolue dans l\u2019histoire de l\u2019exploration spatiale et bouleverserait notre compr\u00e9hension de la mani\u00e8re dont les ingr\u00e9dients de la vie sont arriv\u00e9s sur Terre. Plus troublant encore : elle sugg\u00e8re que nous avons probablement sous-estim\u00e9 ce que l\u2019univers nous a offert il y a des milliards d\u2019ann\u00e9es.<\/strong><\/p>\n<p>Un voyageur spatial pas comme les autres<\/p>\n<p class=\"font-claude-response-body whitespace-normal break-words\">L\u2019ast\u00e9ro\u00efde Bennu n\u2019est pas un simple rocher d\u00e9rivant dans l\u2019espace. C\u2019est une capsule temporelle datant de la formation du syst\u00e8me solaire, il y a environ 4,5 milliards d\u2019ann\u00e9es. En 2023, la mission OSIRIS-REx de la NASA est parvenue \u00e0 en ramener sur Terre des \u00e9chantillons pr\u00e9lev\u00e9s avec une pr\u00e9caution extr\u00eame, prot\u00e9g\u00e9s dans un conteneur sp\u00e9cialement con\u00e7u pour \u00e9viter toute contamination.<\/p>\n<p class=\"font-claude-response-body whitespace-normal break-words\">Cette prudence s\u2019av\u00e8re payante. En analysant ces fragments de poussi\u00e8re cosmique, l\u2019\u00e9quipe dirig\u00e9e par Angel Mojarro du Centre de vol spatial Goddard a d\u00e9tect\u00e9 quelque chose d\u2019extraordinaire : un signal faible mais ind\u00e9niable du tryptophane, pr\u00e9sent dans plusieurs portions de l\u2019\u00e9chantillon.<\/p>\n<p class=\"font-claude-response-body whitespace-normal break-words\">Si cette d\u00e9tection est confirm\u00e9e par des analyses compl\u00e9mentaires, ce sera la toute premi\u00e8re fois qu\u2019on trouve cet acide amin\u00e9 dans un \u00e9chantillon extraterrestre. Et pour cause : le tryptophane est une mol\u00e9cule particuli\u00e8rement fragile.<\/p>\n<p>Le myst\u00e8re des m\u00e9t\u00e9orites muettes<\/p>\n<p class=\"font-claude-response-body whitespace-normal break-words\">Voici le paradoxe qui intriguait les scientifiques depuis des d\u00e9cennies. Les analyses de m\u00e9t\u00e9orites tomb\u00e9es sur Terre ont r\u00e9v\u00e9l\u00e9 de nombreux acides amin\u00e9s, ces briques \u00e9l\u00e9mentaires qui composent les prot\u00e9ines du vivant. Mais certains acides amin\u00e9s essentiels, notamment le tryptophane, brillaient par leur absence.<\/p>\n<p class=\"font-claude-response-body whitespace-normal break-words\">L\u2019explication tient \u00e0 la violence du voyage. Lorsqu\u2019une m\u00e9t\u00e9orite traverse l\u2019atmosph\u00e8re terrestre, elle subit des temp\u00e9ratures extr\u00eames et des pressions ph\u00e9nom\u00e9nales. Les mol\u00e9cules fragiles comme le tryptophane ne survivent tout simplement pas \u00e0 cette \u00e9preuve. Elles se d\u00e9sint\u00e8grent avant m\u00eame de toucher le sol.<\/p>\n<p class=\"font-claude-response-body whitespace-normal break-words\">Un \u00e9chantillon collect\u00e9 directement dans l\u2019espace et transport\u00e9 d\u00e9licatement sur Terre \u00e9chappe \u00e0 ce carnage. Pour la premi\u00e8re fois, nous avons pu pr\u00e9server des mol\u00e9cules trop d\u00e9licates pour supporter un voyage non assist\u00e9. Cette d\u00e9couverte ouvre une fen\u00eatre troublante : combien d\u2019autres ingr\u00e9dients pr\u00e9biotiques se cachent sur les ast\u00e9ro\u00efdes, invisibles jusqu\u2019ici simplement parce qu\u2019ils ne survivaient pas au trajet ?<\/p>\n<p><img loading=\"lazy\" data-lazyloaded=\"1\" decoding=\"async\" class=\"size-full wp-image-296186\" src=\"https:\/\/www.europesays.com\/fr\/wp-content\/uploads\/2025\/12\/asteroid-data-probes-p-1-e1728375880245.jpg\" alt=\"OSIRIS-REX\" width=\"1280\" height=\"823\"  data-\/>Cr\u00e9dit : NASABennu et d\u2019autres ast\u00e9ro\u00efdes proches.Un inventaire cosmique qui s\u2019\u00e9toffe<\/p>\n<p class=\"font-claude-response-body whitespace-normal break-words\">Le tryptophane ne voyage pas seul dans Bennu. L\u2019ast\u00e9ro\u00efde se r\u00e9v\u00e8le \u00eatre un v\u00e9ritable garde-manger mol\u00e9culaire. Les chercheurs y ont confirm\u00e9 la pr\u00e9sence de 14 acides amin\u00e9s diff\u00e9rents, dont plusieurs que le corps humain ne peut pas synth\u00e9tiser et doit obligatoirement obtenir par l\u2019alimentation.<\/p>\n<p class=\"font-claude-response-body whitespace-normal break-words\">Plus impressionnant encore : toutes les cinq nucl\u00e9obases communes qui composent notre code g\u00e9n\u00e9tique sont pr\u00e9sentes dans ces \u00e9chantillons. L\u2019ad\u00e9nine, la guanine, la cytosine, la thymine et l\u2019uracile, ces lettres qui \u00e9crivent l\u2019ADN et l\u2019ARN, flottaient d\u00e9j\u00e0 dans l\u2019espace primordial.<\/p>\n<p class=\"font-claude-response-body whitespace-normal break-words\">L\u2019\u00e9quipe a \u00e9galement identifi\u00e9 des versions non biologiques de ces mol\u00e9cules, une preuve irr\u00e9futable de leur origine extraterrestre. Ces variantes ne se forment pas dans les organismes vivants terrestres, \u00e9cartant d\u00e9finitivement l\u2019hypoth\u00e8se d\u2019une contamination.<\/p>\n<p>Une chimie spatiale plus complexe qu\u2019imagin\u00e9<\/p>\n<p class=\"font-claude-response-body whitespace-normal break-words\">En examinant la composition min\u00e9rale h\u00e9t\u00e9rog\u00e8ne de Bennu, comparable \u00e0 un g\u00e2teau aux fruits dense et vari\u00e9, les chercheurs ont d\u00e9couvert quelque chose de fascinant : aucun processus chimique unique n\u2019explique la diversit\u00e9 des mol\u00e9cules pr\u00e9sentes.<\/p>\n<p class=\"font-claude-response-body whitespace-normal break-words\">Diff\u00e9rentes r\u00e9actions ont eu lieu, beaucoup impliquant de l\u2019eau liquide, pour g\u00e9n\u00e9rer cette palette de compos\u00e9s organiques. Cela sugg\u00e8re que la chimie pr\u00e9biotique dans l\u2019espace est bien plus riche et sophistiqu\u00e9e qu\u2019on ne le pensait.<\/p>\n<p class=\"font-claude-response-body whitespace-normal break-words\">Cette complexit\u00e9 renforce l\u2019hypoth\u00e8se centrale de l\u2019astrobiologie : les com\u00e8tes et ast\u00e9ro\u00efdes qui ont bombard\u00e9 la Terre primitive n\u2019ont pas simplement livr\u00e9 quelques mol\u00e9cules isol\u00e9es. Ils ont apport\u00e9 un v\u00e9ritable kit de d\u00e9marrage pour la vie, avec une diversit\u00e9 chimique suffisante pour permettre l\u2019\u00e9mergence des premi\u00e8res formes biologiques.<\/p>\n<p>Les implications pour la recherche de vie<\/p>\n<p class=\"font-claude-response-body whitespace-normal break-words\">Cette d\u00e9couverte comporte \u00e9galement un avertissement important pour les futurs chasseurs de vie extraterrestre. Le fait que le tryptophane puisse se former dans un contexte purement chimique, sans intervention biologique, signifie que d\u00e9tecter des acides amin\u00e9s complexes ailleurs dans l\u2019univers ne constitue pas automatiquement une preuve de vie.<\/p>\n<p class=\"font-claude-response-body whitespace-normal break-words\">Il faudra d\u00e9velopper des crit\u00e8res plus sophistiqu\u00e9s pour distinguer la chimie pr\u00e9biotique de la v\u00e9ritable activit\u00e9 biologique. Les missions de retour d\u2019\u00e9chantillons, comme OSIRIS-REx, deviennent ainsi cruciales : elles seules permettent de pr\u00e9server et d\u2019analyser les mol\u00e9cules les plus fragiles, celles qui pourraient nous raconter l\u2019histoire compl\u00e8te de nos origines cosmiques.<\/p>\n<p class=\"font-claude-response-body whitespace-normal break-words\">Comme le soulignent les chercheurs dans leur publication parue dans les <a href=\"https:\/\/doi.org\/10.1073\/pnas.2512461122\" target=\"_blank\" rel=\"noopener\">Actes de l\u2019Acad\u00e9mie nationale des sciences<\/a>, des analyses suppl\u00e9mentaires sont n\u00e9cessaires pour confirmer d\u00e9finitivement l\u2019origine du tryptophane dans Bennu. Mais une chose est d\u00e9j\u00e0 certaine : l\u2019univers avait pr\u00e9par\u00e9 bien plus d\u2019ingr\u00e9dients pour la vie que nous ne l\u2019imaginions.<\/p>\n","protected":false},"excerpt":{"rendered":"Dans les fragments poussi\u00e9reux d\u2019un ast\u00e9ro\u00efde aussi ancien que le syst\u00e8me solaire nomm\u00e9 Bennu, des chercheurs ont d\u00e9tect\u00e9&hellip;\n","protected":false},"author":2,"featured_media":578402,"comment_status":"","ping_status":"","sticky":false,"template":"","format":"standard","meta":{"footnotes":""},"categories":[7],"tags":[1011,27,43,40,41,39,42,44],"class_list":{"0":"post-578401","1":"post","2":"type-post","3":"status-publish","4":"format-standard","5":"has-post-thumbnail","7":"category-sciences-et-technologies","8":"tag-fr","9":"tag-france","10":"tag-science","11":"tag-science-and-technology","12":"tag-sciences","13":"tag-sciences-et-technologies","14":"tag-technologies","15":"tag-technology"},"share_on_mastodon":{"url":"https:\/\/pubeurope.com\/@fr\/115663434975620591","error":""},"_links":{"self":[{"href":"https:\/\/www.europesays.com\/fr\/wp-json\/wp\/v2\/posts\/578401","targetHints":{"allow":["GET"]}}],"collection":[{"href":"https:\/\/www.europesays.com\/fr\/wp-json\/wp\/v2\/posts"}],"about":[{"href":"https:\/\/www.europesays.com\/fr\/wp-json\/wp\/v2\/types\/post"}],"author":[{"embeddable":true,"href":"https:\/\/www.europesays.com\/fr\/wp-json\/wp\/v2\/users\/2"}],"replies":[{"embeddable":true,"href":"https:\/\/www.europesays.com\/fr\/wp-json\/wp\/v2\/comments?post=578401"}],"version-history":[{"count":0,"href":"https:\/\/www.europesays.com\/fr\/wp-json\/wp\/v2\/posts\/578401\/revisions"}],"wp:featuredmedia":[{"embeddable":true,"href":"https:\/\/www.europesays.com\/fr\/wp-json\/wp\/v2\/media\/578402"}],"wp:attachment":[{"href":"https:\/\/www.europesays.com\/fr\/wp-json\/wp\/v2\/media?parent=578401"}],"wp:term":[{"taxonomy":"category","embeddable":true,"href":"https:\/\/www.europesays.com\/fr\/wp-json\/wp\/v2\/categories?post=578401"},{"taxonomy":"post_tag","embeddable":true,"href":"https:\/\/www.europesays.com\/fr\/wp-json\/wp\/v2\/tags?post=578401"}],"curies":[{"name":"wp","href":"https:\/\/api.w.org\/{rel}","templated":true}]}}