{"id":578403,"date":"2025-12-04T21:32:31","date_gmt":"2025-12-04T21:32:31","guid":{"rendered":"https:\/\/www.europesays.com\/fr\/578403\/"},"modified":"2025-12-04T21:32:31","modified_gmt":"2025-12-04T21:32:31","slug":"je-travaille-chez-action-voici-combien-je-touche-de-salaire-chaque-mois","status":"publish","type":"post","link":"https:\/\/www.europesays.com\/fr\/578403\/","title":{"rendered":"Je travaille chez Action, voici combien je touche de salaire chaque mois"},"content":{"rendered":"<p>L&rsquo;enseigne Action est devenue, en quelques ann\u00e9es, est<br \/>\nincontournable en France. L&rsquo;enseigne originaire des Pays-Bas<br \/>\naccueille plus de <strong>15 millions de clients<\/strong> chaque<br \/>\nsemaine. Un chiffre vertigineux pour ces boutiques qui<br \/>\ncommercialisent de multiples produits \u00e0 prix cass\u00e9.<\/p>\n<p>Si Action bat des records de fr\u00e9quentation, son succ\u00e8s se<br \/>\nr\u00e9percute-t-il sur les salaires de ses employ\u00e9s ? Nos coll\u00e8gues du<br \/>\n<a href=\"https:\/\/emploi.lefigaro.fr\/remuneration\/guide-de-la-remuneration\/2207-salaire-action\/\" target=\"_blank\" rel=\"noopener\">Figaro<\/a> ont men\u00e9<br \/>\nl&rsquo;enqu\u00eate sur le <a href=\"https:\/\/www.mariefrance.fr\/news-people\/eric-antoine-joli-salaire-toucher-les-traitres-tres-bien-paye-1059344.html\" target=\"_blank\" rel=\"noopener\">montant du salaire<\/a> offert aux<br \/>\ncandidats souhaitant travailler dans le c\u00e9l\u00e8bre groupe. On apprend<br \/>\nainsi que, chez Action, <strong>la transparence est de<br \/>\nmise<\/strong> en ce qui concerne la r\u00e9mun\u00e9ration.<\/p>\n<p>Combien gagnent les salari\u00e9s des magasins Action ?<\/p>\n<p>Des employ\u00e9s de la c\u00e9l\u00e8bre enseigne discount ont accept\u00e9 de<br \/>\nd\u00e9voiler le montant de leur salaire \u00e0 un journaliste. En France,<br \/>\nplus de 19 000 personnes travaillent dans un magasin Action. La<br \/>\nparticularit\u00e9 de l&rsquo;enseigne est d&rsquo;offrir <strong>la m\u00eame<br \/>\nr\u00e9mun\u00e9ration<\/strong> \u00e0 chaque collaborateur. Qu&rsquo;il soit bas\u00e9 en<br \/>\nr\u00e9gion parisienne ou dans le sud du pays, un employ\u00e9 se verra<br \/>\noffrir partout le m\u00eame salaire pour un m\u00eame poste. Une sp\u00e9cificit\u00e9<br \/>\nde l&rsquo;enseigne, qui ne fait pas de diff\u00e9rence entre ses<br \/>\ncollaborateurs, quelle que soit leur r\u00e9gion d&rsquo;origine.<\/p>\n<p>Mais alors, combien un futur employ\u00e9 de magasin peut-il esp\u00e9rer<br \/>\ngagner ? Un salari\u00e9, sous couvert d&rsquo;anonymat, a lev\u00e9 le voile sur<br \/>\nson salaire chez Action. \u00ab\u00a0Je touche 1 747 euros bruts\u00a0\u00bb, a<br \/>\nr\u00e9v\u00e9l\u00e9 l&#8217;employ\u00e9 travaillant \u00e0 temps complet dans un magasin de la<br \/>\ncha\u00eene. Un chiffre qui est communiqu\u00e9 sur le site internet de<br \/>\nl&rsquo;entreprise. L&rsquo;enseigne a, en effet, choisi la transparence. Le<br \/>\nmontant de la r\u00e9mun\u00e9ration offerte est clairement indiqu\u00e9 sur<br \/>\nchaque offre d&#8217;emploi. Et les <strong>fiches de post<\/strong>e,<br \/>\ntr\u00e8s compl\u00e8tes, d\u00e9taillent aussi tous les avantages offerts aux<br \/>\nemploy\u00e9s.<\/p>\n<p><img loading=\"lazy\" decoding=\"async\" aria-describedby=\"caption-attachment-1068660\" itemprop=\"thumbnailUrl\" class=\"size-medium wp-image-1068660 img-responsive\" src=\"https:\/\/www.europesays.com\/fr\/wp-content\/uploads\/2025\/12\/mf-2-8-680x383.jpg\" alt=\"magasin action\" width=\"680\" height=\"383\"\/> \u00a9<br \/>\nshutterstock<\/p>\n<p id=\"caption-attachment-1068660\" class=\"wp-caption-text\">Chez<br \/>\nAction, le salaire offert aux nouveaux employ\u00e9s est uniformis\u00e9 au<br \/>\nniveau national.<\/p>\n<p>De nombreux postes \u00e0 pourvoir dans les magasins Action<\/p>\n<p>Avec une <strong>croissance exponentielle<\/strong>, la cha\u00eene de<br \/>\nmagasins Action recrute souvent de nombreux nouveaux employ\u00e9s.<br \/>\n\u00a0\u00ab\u00a0Chaque ann\u00e9e, nous ouvrons entre 70\u00a0et<br \/>\n80\u00a0nouveaux magasins en France\u00a0\u00bb, a expliqu\u00e9 Robin Roy,<br \/>\ndirecteur des op\u00e9rations chez Action France. Et chaque magasin<br \/>\nembauche \u00ab\u00a0entre\u00a015\u00a0et 60\u00a0employ\u00e9s\u00a0\u00bb. Par<br \/>\ncons\u00e9quent, ce sont actuellement pr\u00e8s de 500 offres d&#8217;emploi qui<br \/>\nsont propos\u00e9es sur le site internet de la c\u00e9l\u00e8bre enseigne.<\/p>\n<p>Les salaires propos\u00e9s aux candidats sont <strong>clairement<br \/>\ncommuniqu\u00e9s<\/strong>. Ainsi, les personnes ayant le statut<br \/>\nd&#8217;employ\u00e9 sont pay\u00e9es entre 1 198 et 1 747 euros bruts, selon<br \/>\nqu&rsquo;elles travaillent \u00e0 temps partiel ou \u00e0 plein temps. Pour les<br \/>\nagents de ma\u00eetrise (les chefs de rayon), ce sont 2 141 euros bruts<br \/>\nqui sont propos\u00e9s. Enfin, les responsables de magasin sont pay\u00e9s 2<br \/>\n757 euros. En plus de cela, de nombreux avantages sont offerts aux<br \/>\nsalari\u00e9s de l&rsquo;enseigne : 15% de r\u00e9duction sur leurs achats, primes<br \/>\nsur objectifs, tickets restaurant, ou encore mutuelle<br \/>\nd&rsquo;entreprise.<\/p>\n<blockquote class=\"twitter-tweet\"><p><a class=\"twitter-link\" rel=\"noindex, nofollow noopener\" href=\"https:\/\/twitter.com\/mariefrancemag\/status\/1829185307217965452\" target=\"_blank\"><\/p><\/blockquote>\n<p>La folie des magasins Action en<br \/>\nFrance<\/p>\n<p>La c\u00e9l\u00e8bre enseigne conna\u00eet un succ\u00e8s sans pr\u00e9c\u00e9dent dans le<br \/>\npays. D&rsquo;ailleurs, la France est devenue le premier march\u00e9 du<br \/>\ngroupe. La raison de la <strong>popularit\u00e9 des magasins<br \/>\nAction<\/strong> repose sur la <a href=\"https:\/\/www.mariefrance.fr\/beaute\/acide-hyaluronique-soin-anti-age-nivea-vendu-action-comble-rides-quelques-secondes-1002665.html\" target=\"_blank\" rel=\"noopener\">multitude de produits propos\u00e9s<\/a><br \/>\npour des prix d\u00e9fiant toute concurrence. Lorsque l&rsquo;on se rend chez<br \/>\nAction, difficile de repartir les mains vides !<\/p>\n<blockquote class=\"twitter-tweet\"><p><a class=\"twitter-link\" rel=\"noindex, nofollow noopener\" href=\"https:\/\/twitter.com\/mariefrancemag\/status\/1829507428024492099\" target=\"_blank\"><\/p><\/blockquote>\n<p>La croissance de l&rsquo;entreprise est gigantesque : en 2023, elle a<br \/>\nd\u00e9clar\u00e9 un chiffre d&rsquo;affaires de 11,3 milliards d&rsquo;euros dans le<br \/>\nmonde. Cela correspond \u00e0 une <strong>hausse de pr\u00e8s de 30%<\/strong><br \/>\npar rapport \u00e0 l&rsquo;ann\u00e9e 2022. Une r\u00e9ussite qui attire de nombreux<br \/>\ncandidats, d\u00e9sireux de faire partie d&rsquo;un groupe \u00e0 succ\u00e8s. En<br \/>\nFrance, des sessions de recrutement pour int\u00e9grer un magasin Action<br \/>\nsont r\u00e9guli\u00e8rement organis\u00e9es. Un bon plan pour les nombreux fans<br \/>\nde l&rsquo;enseigne.<\/p>\n<p><script async src=\"https:\/\/platform.twitter.com\/widgets.js\" charset=\"utf-8\"><\/script><\/p>\n","protected":false},"excerpt":{"rendered":"L&rsquo;enseigne Action est devenue, en quelques ann\u00e9es, est incontournable en France. L&rsquo;enseigne originaire des Pays-Bas accueille plus de&hellip;\n","protected":false},"author":2,"featured_media":578404,"comment_status":"","ping_status":"","sticky":false,"template":"","format":"standard","meta":{"footnotes":""},"categories":[6],"tags":[35,21303,33,34,1011,27,6055],"class_list":{"0":"post-578403","1":"post","2":"type-post","3":"status-publish","4":"format-standard","5":"has-post-thumbnail","7":"category-economie","8":"tag-business","9":"tag-buzz_nonli","10":"tag-economie","11":"tag-economy","12":"tag-fr","13":"tag-france","14":"tag-republishing"},"share_on_mastodon":{"url":"","error":""},"_links":{"self":[{"href":"https:\/\/www.europesays.com\/fr\/wp-json\/wp\/v2\/posts\/578403","targetHints":{"allow":["GET"]}}],"collection":[{"href":"https:\/\/www.europesays.com\/fr\/wp-json\/wp\/v2\/posts"}],"about":[{"href":"https:\/\/www.europesays.com\/fr\/wp-json\/wp\/v2\/types\/post"}],"author":[{"embeddable":true,"href":"https:\/\/www.europesays.com\/fr\/wp-json\/wp\/v2\/users\/2"}],"replies":[{"embeddable":true,"href":"https:\/\/www.europesays.com\/fr\/wp-json\/wp\/v2\/comments?post=578403"}],"version-history":[{"count":0,"href":"https:\/\/www.europesays.com\/fr\/wp-json\/wp\/v2\/posts\/578403\/revisions"}],"wp:featuredmedia":[{"embeddable":true,"href":"https:\/\/www.europesays.com\/fr\/wp-json\/wp\/v2\/media\/578404"}],"wp:attachment":[{"href":"https:\/\/www.europesays.com\/fr\/wp-json\/wp\/v2\/media?parent=578403"}],"wp:term":[{"taxonomy":"category","embeddable":true,"href":"https:\/\/www.europesays.com\/fr\/wp-json\/wp\/v2\/categories?post=578403"},{"taxonomy":"post_tag","embeddable":true,"href":"https:\/\/www.europesays.com\/fr\/wp-json\/wp\/v2\/tags?post=578403"}],"curies":[{"name":"wp","href":"https:\/\/api.w.org\/{rel}","templated":true}]}}