{"id":578411,"date":"2025-12-04T21:37:25","date_gmt":"2025-12-04T21:37:25","guid":{"rendered":"https:\/\/www.europesays.com\/fr\/578411\/"},"modified":"2025-12-04T21:37:25","modified_gmt":"2025-12-04T21:37:25","slug":"le-chambon-feugerolles-le-marche-de-noel-sannonce-festif-et-creatif","status":"publish","type":"post","link":"https:\/\/www.europesays.com\/fr\/578411\/","title":{"rendered":"Le Chambon-Feugerolles. Le march\u00e9 de No\u00ebl s\u2019annonce festif et cr\u00e9atif"},"content":{"rendered":"<p>Sept chalets s\u2019ouvriront au public dans le parc Jean-Moulin appr\u00eat\u00e9 de mille feux pour faire vivre No\u00ebl.<\/p>\n<p>Des id\u00e9es originales sont \u00e0 mettre au pied du sapin, bijoux fantaisie, objets en r\u00e9sine \u00e9cologique, en perles et strass, des photographies sur horlogerie en ardoise, sacs et bougies, des coffrets de th\u00e9, mais aussi des d\u00e9corations pour sublimer ces f\u00eates de fin d\u2019ann\u00e9e.<\/p>\n<p>C\u00f4t\u00e9 gourmand, il y aura des marrons chauds, des confiseries, des soupes maison \u00e0 emporter. Aussi, la remorque snack sucr\u00e9e reviendra avec ses&#8230;<\/p>\n","protected":false},"excerpt":{"rendered":"Sept chalets s\u2019ouvriront au public dans le parc Jean-Moulin appr\u00eat\u00e9 de mille feux pour faire vivre No\u00ebl. Des&hellip;\n","protected":false},"author":2,"featured_media":578412,"comment_status":"","ping_status":"","sticky":false,"template":"","format":"standard","meta":{"footnotes":""},"categories":[9653],"tags":[1111,11,2430,12162,1687,7539,1777,674,3326,1011,27,12161,12,25,4001],"class_list":{"0":"post-578411","1":"post","2":"type-post","3":"status-publish","4":"format-standard","5":"has-post-thumbnail","7":"category-saint-etienne","8":"tag-actu","9":"tag-actualites","10":"tag-auvergne-rhone-alpes","11":"tag-chambon-feugerolles-ville","12":"tag-culture-loisirs","13":"tag-edition-loire-sud","14":"tag-eu","15":"tag-europe","16":"tag-fete-locale","17":"tag-fr","18":"tag-france","19":"tag-le-chambon-feugerolles","20":"tag-news","21":"tag-republique-francaise","22":"tag-saint-etienne"},"share_on_mastodon":{"url":"https:\/\/pubeurope.com\/@fr\/115663460824228995","error":""},"_links":{"self":[{"href":"https:\/\/www.europesays.com\/fr\/wp-json\/wp\/v2\/posts\/578411","targetHints":{"allow":["GET"]}}],"collection":[{"href":"https:\/\/www.europesays.com\/fr\/wp-json\/wp\/v2\/posts"}],"about":[{"href":"https:\/\/www.europesays.com\/fr\/wp-json\/wp\/v2\/types\/post"}],"author":[{"embeddable":true,"href":"https:\/\/www.europesays.com\/fr\/wp-json\/wp\/v2\/users\/2"}],"replies":[{"embeddable":true,"href":"https:\/\/www.europesays.com\/fr\/wp-json\/wp\/v2\/comments?post=578411"}],"version-history":[{"count":0,"href":"https:\/\/www.europesays.com\/fr\/wp-json\/wp\/v2\/posts\/578411\/revisions"}],"wp:featuredmedia":[{"embeddable":true,"href":"https:\/\/www.europesays.com\/fr\/wp-json\/wp\/v2\/media\/578412"}],"wp:attachment":[{"href":"https:\/\/www.europesays.com\/fr\/wp-json\/wp\/v2\/media?parent=578411"}],"wp:term":[{"taxonomy":"category","embeddable":true,"href":"https:\/\/www.europesays.com\/fr\/wp-json\/wp\/v2\/categories?post=578411"},{"taxonomy":"post_tag","embeddable":true,"href":"https:\/\/www.europesays.com\/fr\/wp-json\/wp\/v2\/tags?post=578411"}],"curies":[{"name":"wp","href":"https:\/\/api.w.org\/{rel}","templated":true}]}}